{"id":13609,"date":"2024-04-14T04:33:57","date_gmt":"2024-04-14T04:33:57","guid":{"rendered":"https:\/\/noticiasal.com.mx\/?p=13609"},"modified":"2024-04-14T04:34:00","modified_gmt":"2024-04-14T04:34:00","slug":"realizan-foro-agua-para-la-paz-con-tesis-de-estudiantes-de-posgrado-de-la-udeg","status":"publish","type":"post","link":"https:\/\/noticiasal.com.mx\/index.php\/2024\/04\/14\/realizan-foro-agua-para-la-paz-con-tesis-de-estudiantes-de-posgrado-de-la-udeg\/","title":{"rendered":"Realizan foro \u201cAgua para la Paz\u201d con tesis de estudiantes de Posgrado de la UdeG"},"content":{"rendered":"\n<ul class=\"wp-block-list\"><li><em>Expertos coinciden en redoblar esfuerzos en el cuidado y calidad del agua, con el acompa\u00f1amiento de la UdeG en Puerto Vallarta&nbsp;&nbsp;&nbsp;&nbsp;&nbsp;<\/em><\/li><\/ul>\n\n\n\n<p>.- Se realiz\u00f3 en el Centro Universitario de la Costa de la Universidad de Guadalajara, el Foro denominado \u201cAgua para la Paz\u201d, con la participaci\u00f3n de funcionarios del Sistema de Agua Potable y Alcantarillado de Puerto Vallarta.<\/p>\n\n\n\n<p>Estudiantes de las Maestr\u00edas de Ciudad, Cambio Clim\u00e1tico y Resiliencia y la Maestr\u00eda en Ciencias en Geof\u00edsica, presentaron sus trabajos de investigaci\u00f3n y resultaron de inter\u00e9s para el organismo operador del agua en la ciudad.<\/p>\n\n\n\n<p>El foro, organizado por el Departamento de Ciencias Exactas y las Coordinaciones de las Maestr\u00edas mencionadas, tuvo el prop\u00f3sito de generar sinergias para incidir en pol\u00edticas p\u00fablicas que permitan la soluci\u00f3n de problemas, con las investigaciones de los estudiantes de Posgrado.<\/p>\n\n\n\n<p>Se cumplieron con las actividades sustantivas de investigaci\u00f3n, vinculaci\u00f3n y extensi\u00f3n de la cultura. Adem\u00e1s, en la carrera de Ingenier\u00eda Civil, el plan de estudios contempla las materias de hidr\u00e1ulica, agua potable, obras hidr\u00e1ulicas y alcantarillado.<\/p>\n\n\n\n<p>Durante la ceremonia de inauguraci\u00f3n, el Dr. Jorge T\u00e9llez L\u00f3pez, rector del CUCosta afirm\u00f3 que ya hay crisis h\u00eddrica para la vida terrestre, debido a la nueva configuraci\u00f3n en la distribuci\u00f3n del agua, por los cambios de uso de suelo. <\/p>\n\n\n\n<figure class=\"wp-block-image size-large\"><img decoding=\"async\" src=\"https:\/\/noticiasal.com.mx\/wp-content\/themes\/news\/assets\/images\/picture_placeholder_list.jpg\" data-src=\"https:\/\/noticiasal.com.mx\/wp-content\/uploads\/2024\/04\/foro.jpg\" alt=\"\" class=\"blazy wp-image-13610\"\/><noscript><img loading=\"lazy\" decoding=\"async\" width=\"800\" height=\"461\" src=\"https:\/\/noticiasal.com.mx\/wp-content\/uploads\/2024\/04\/foro.jpg\" alt=\"\" class=\"wp-image-13610\" srcset=\"https:\/\/noticiasal.com.mx\/wp-content\/uploads\/2024\/04\/foro.jpg 800w, https:\/\/noticiasal.com.mx\/wp-content\/uploads\/2024\/04\/foro-300x173.jpg 300w, https:\/\/noticiasal.com.mx\/wp-content\/uploads\/2024\/04\/foro-768x443.jpg 768w\" sizes=\"(max-width: 800px) 100vw, 800px\" \/><\/noscript><\/figure>\n\n\n\n<p>Este a\u00f1o se espera que sea complicado el abasto en zonas vulnerables y selvas bajas, como Punta de Mita o Tomatl\u00e1n.<\/p>\n\n\n\n<p>Actualmente existe un convenio de colaboraci\u00f3n con Seapal Vallarta con temas que involucran a la comunidad local. Hoy el pretexto fue el D\u00eda Mundial del Agua, cuyo lema es Agua para la Paz.<\/p>\n\n\n\n<p>\u201cLa Universidad de Guadalajara, es pieza fundamental para poder en la resoluci\u00f3n de problemas de la comunidad\u201d, coment\u00f3 el Dr. Jorge Chavoya Gama, jefe del Departamento de Ciencias Exactas.<\/p>\n\n\n\n<p>Por su parte, el Dr. H\u00e9ctor Javier Rend\u00f3n Contreras, coordinador de la Maestr\u00eda en Geof\u00edsica, coment\u00f3 que a los funcionarios de Seapal les pareci\u00f3 importante la tem\u00e1tica, por lo que a trav\u00e9s de la informaci\u00f3n de las tesis, ser\u00e1 de apoyo para sus gestiones y decisiones.<\/p>\n\n\n\n<p>Finalmente, Rigoberto Nolasco Navarro, director Operativo de Seapal Vallarta, reconoci\u00f3 que la informaci\u00f3n vertida en el foro fue muy relevante en el ejercicio de su funci\u00f3n, sobre todo el tema de intrusi\u00f3n salina. \u201cEs un gran aporte las investigaciones de Posgrado, y van a contribuir la toma de decisiones\u201d, coment\u00f3.<\/p>\n","protected":false},"excerpt":{"rendered":"<p>Expertos coinciden en redoblar esfuerzos en el cuidado y calidad del agua, con el acompa\u00f1amiento de la UdeG en Puerto Vallarta&nbsp;&nbsp;&nbsp;&nbsp;&nbsp; .- Se realiz\u00f3 en el Centro Universitario de la Costa de la Universidad de Guadalajara, el Foro denominado \u201cAgua para la Paz\u201d, con la participaci\u00f3n de funcionarios del Sistema de Agua Potable y Alcantarillado [&hellip;]<\/p>\n","protected":false},"author":18,"featured_media":13611,"comment_status":"open","ping_status":"closed","sticky":false,"template":"","format":"standard","meta":{"footnotes":""},"categories":[171,154,159,158,160,152],"tags":[],"class_list":["post-13609","post","type-post","status-publish","format-standard","has-post-thumbnail","hentry","category-ecologia","category-jalisco","category-puerto-vallarta","category-region","category-salud","category-tecnologia"],"_links":{"self":[{"href":"https:\/\/noticiasal.com.mx\/index.php\/wp-json\/wp\/v2\/posts\/13609"}],"collection":[{"href":"https:\/\/noticiasal.com.mx\/index.php\/wp-json\/wp\/v2\/posts"}],"about":[{"href":"https:\/\/noticiasal.com.mx\/index.php\/wp-json\/wp\/v2\/types\/post"}],"author":[{"embeddable":true,"href":"https:\/\/noticiasal.com.mx\/index.php\/wp-json\/wp\/v2\/users\/18"}],"replies":[{"embeddable":true,"href":"https:\/\/noticiasal.com.mx\/index.php\/wp-json\/wp\/v2\/comments?post=13609"}],"version-history":[{"count":1,"href":"https:\/\/noticiasal.com.mx\/index.php\/wp-json\/wp\/v2\/posts\/13609\/revisions"}],"predecessor-version":[{"id":13612,"href":"https:\/\/noticiasal.com.mx\/index.php\/wp-json\/wp\/v2\/posts\/13609\/revisions\/13612"}],"wp:featuredmedia":[{"embeddable":true,"href":"https:\/\/noticiasal.com.mx\/index.php\/wp-json\/wp\/v2\/media\/13611"}],"wp:attachment":[{"href":"https:\/\/noticiasal.com.mx\/index.php\/wp-json\/wp\/v2\/media?parent=13609"}],"wp:term":[{"taxonomy":"category","embeddable":true,"href":"https:\/\/noticiasal.com.mx\/index.php\/wp-json\/wp\/v2\/categories?post=13609"},{"taxonomy":"post_tag","embeddable":true,"href":"https:\/\/noticiasal.com.mx\/index.php\/wp-json\/wp\/v2\/tags?post=13609"}],"curies":[{"name":"wp","href":"https:\/\/api.w.org\/{rel}","templated":true}]}}