{"id":14832,"date":"2025-04-10T15:31:09","date_gmt":"2025-04-10T15:31:09","guid":{"rendered":"https:\/\/noticiasal.com.mx\/?p=14832"},"modified":"2025-04-10T16:00:05","modified_gmt":"2025-04-10T16:00:05","slug":"transito-municipal-realiza-operativo-vallarta-seguro-con-buenos-resultados","status":"publish","type":"post","link":"https:\/\/noticiasal.com.mx\/index.php\/2025\/04\/10\/transito-municipal-realiza-operativo-vallarta-seguro-con-buenos-resultados\/","title":{"rendered":"Tr\u00e1nsito Municipal realiza operativo Vallarta Seguro con buenos resultados"},"content":{"rendered":"<p>Elementos de Tr\u00e1nsito y Vialidad Municipal de Puerto Vallarta, al mando de Katia Vargas Guill\u00e9n, est\u00e1n llevando a cabo el operativo Vallarta Seguro, el cual consta de dos segmentos: uno dirigido a retirar y\/o sancionar los polarizados en el cristal frontal de los veh\u00edculos, y el otro a asegurar objetos que obstruyen la v\u00eda p\u00fablica.<\/p>\n<p>En el operativo de veh\u00edculos por polarizado en parabrisas frontal, se aplic\u00f3 en la avenida Medina Ascencio y la carretera 200 en ambos sentidos Sur-Norte y Norte-Sur, para erradicar elementos de los veh\u00edculos que generan inseguridad a la ciudadan\u00eda.<\/p>\n<p>Hay que mencionar que al conductor se le propone retirar el polarizado y as\u00ed evitar la multa, fue as\u00ed que 11 veh\u00edculos acceden a retirar el polarizado y a 0\u20609 veh\u00edculos se les realiz\u00f3 su infracci\u00f3n, cuyo monto asciende a 565 pesos, de acuerdo al art\u00edculo 360, fracci\u00f3n IX de la Ley de Movilidad del Estado de Jalisco.<\/p>\n<p>De la misma manera por parte de elementos de la unidad PT-283 en compa\u00f1\u00eda de la unidad PT-290, aseguraron objetos apartando lugares en la v\u00eda p\u00fablica, de la calle Popa de Marina Vallarta, d\u00e1ndole indicaciones a las personas que pasar\u00e1n por los objetos retirados a la oficina de la subdirecci\u00f3n de Tr\u00e1nsito Municipal<\/p>\n<p>Con estas acciones, la Direcci\u00f3n de Seguridad Ciudadana y Vialidad Municipal, de Puerto Vallarta, refrenda su compromiso de velar por mantener la seguridad en calles y colonias de la ciudad, para tranquilidad de todos sus habitantes.<\/p>\n<p>&nbsp;<\/p>\n<p>&nbsp;<\/p>\n","protected":false},"excerpt":{"rendered":"<p>Elementos de Tr\u00e1nsito y Vialidad Municipal de Puerto Vallarta, al mando de Katia Vargas Guill\u00e9n, est\u00e1n llevando a cabo el operativo Vallarta Seguro, el cual consta de dos segmentos: uno dirigido a retirar y\/o sancionar los polarizados en el cristal frontal de los veh\u00edculos, y el otro a asegurar objetos que obstruyen la v\u00eda p\u00fablica. [&hellip;]<\/p>\n","protected":false},"author":9,"featured_media":14833,"comment_status":"open","ping_status":"closed","sticky":false,"template":"","format":"standard","meta":{"footnotes":""},"categories":[156],"tags":[194,187,195,196],"class_list":["post-14832","post","type-post","status-publish","format-standard","has-post-thumbnail","hentry","category-seguridad-publica","tag-operativo","tag-puerto-vallarta","tag-transito-municipal","tag-vallarta-seguro"],"_links":{"self":[{"href":"https:\/\/noticiasal.com.mx\/index.php\/wp-json\/wp\/v2\/posts\/14832"}],"collection":[{"href":"https:\/\/noticiasal.com.mx\/index.php\/wp-json\/wp\/v2\/posts"}],"about":[{"href":"https:\/\/noticiasal.com.mx\/index.php\/wp-json\/wp\/v2\/types\/post"}],"author":[{"embeddable":true,"href":"https:\/\/noticiasal.com.mx\/index.php\/wp-json\/wp\/v2\/users\/9"}],"replies":[{"embeddable":true,"href":"https:\/\/noticiasal.com.mx\/index.php\/wp-json\/wp\/v2\/comments?post=14832"}],"version-history":[{"count":1,"href":"https:\/\/noticiasal.com.mx\/index.php\/wp-json\/wp\/v2\/posts\/14832\/revisions"}],"predecessor-version":[{"id":14834,"href":"https:\/\/noticiasal.com.mx\/index.php\/wp-json\/wp\/v2\/posts\/14832\/revisions\/14834"}],"wp:featuredmedia":[{"embeddable":true,"href":"https:\/\/noticiasal.com.mx\/index.php\/wp-json\/wp\/v2\/media\/14833"}],"wp:attachment":[{"href":"https:\/\/noticiasal.com.mx\/index.php\/wp-json\/wp\/v2\/media?parent=14832"}],"wp:term":[{"taxonomy":"category","embeddable":true,"href":"https:\/\/noticiasal.com.mx\/index.php\/wp-json\/wp\/v2\/categories?post=14832"},{"taxonomy":"post_tag","embeddable":true,"href":"https:\/\/noticiasal.com.mx\/index.php\/wp-json\/wp\/v2\/tags?post=14832"}],"curies":[{"name":"wp","href":"https:\/\/api.w.org\/{rel}","templated":true}]}}