{"id":14859,"date":"2025-04-14T05:07:25","date_gmt":"2025-04-14T05:07:25","guid":{"rendered":"https:\/\/noticiasal.com.mx\/?p=14859"},"modified":"2025-04-14T05:07:25","modified_gmt":"2025-04-14T05:07:25","slug":"prensa-internacional-respalda-a-checo-perez-para-llegar-a-cadillac-en-2026","status":"publish","type":"post","link":"https:\/\/noticiasal.com.mx\/index.php\/2025\/04\/14\/prensa-internacional-respalda-a-checo-perez-para-llegar-a-cadillac-en-2026\/","title":{"rendered":"Prensa internacional respalda a Checo P\u00e9rez para llegar a Cadillac en 2026"},"content":{"rendered":"<ul>\n<li>Especialistas de F\u00f3rmula 1 consideran que Sergio P\u00e9rez encaja como piloto titular para Cadillac en su debut en 2026<\/li>\n<\/ul>\n<p>La llegada de Sergio \u00abCheco\u00bb P\u00e9rez a la escuder\u00eda Cadillac para la temporada 2026 de la F\u00f3rmula 1 ya tiene el visto bueno por parte de la prensa especializada.<\/p>\n<p>El piloto de 35 a\u00f1os podr\u00eda aportar su experiencia al primer asiento del nuevo equipo.<\/p>\n<blockquote><p>\u00abDespu\u00e9s de pasar unos meses con su familia, Sergio P\u00e9rez decidir\u00e1 si quiere volver\u00bb, mencion\u00f3 Lawrence Barretto, reportero para el canal de televisi\u00f3n de la F\u00f3rmula 1.<\/p><\/blockquote>\n<p>\u00abPara Cadillac ser\u00eda el piloto con experiencia que buscan. El otro asiento se lo estar\u00edan peleando (Valtteri) Bottas, (Guanyu) Zhou o Colton Herta\u00bb, a\u00f1adi\u00f3.<\/p>\n<p>Los resultados de los sustitutos de \u00abCheco\u00bb confirmaron a todo el mundo que el problema dentro de Red Bull no era el mexicano, lo que le abrir\u00eda la posibilidad de volver al m\u00e1ximo circuito automotriz una vez que la temporada 2026 de inicio y que Cadillac se incorpore.<\/p>\n<p>\u00abTeniendo en cuenta lo dif\u00edcil que es estar al lado de Verstappen este a\u00f1o, (&#8216;Checo&#8217;) merece volver\u00bb, asegur\u00f3 Laura Winter, compa\u00f1era de Barretto a cuadro.<\/p>\n<p>\u00abQuiero decir, el a\u00f1o pasado sufri\u00f3 la situaci\u00f3n, pero los compa\u00f1eros de Verstappen este a\u00f1o han tenido una temporada m\u00e1s dura hasta ahora\u00bb, agreg\u00f3.<\/p>\n<p>\u00abDado lo que hemos visto hasta este momento quiz\u00e1 ahora valoramos esas actuaciones ligeramente diferentes y Sergio P\u00e9rez encabeza la lista de Cadillac\u00bb, concluy\u00f3 la periodista.<\/p>\n<p>Fuente<a href=\"https:\/\/www.elsiglodetorreon.com.mx\/noticia\/2025\/prensa-internacional-respalda-a-checo-perez-para-llegar-a-cadillac-en-2026.html\" target=\"_blank\" rel=\"noopener\">: Elsiglo<\/a><\/p>\n","protected":false},"excerpt":{"rendered":"<p>Especialistas de F\u00f3rmula 1 consideran que Sergio P\u00e9rez encaja como piloto titular para Cadillac en su debut en 2026 La llegada de Sergio \u00abCheco\u00bb P\u00e9rez a la escuder\u00eda Cadillac para la temporada 2026 de la F\u00f3rmula 1 ya tiene el visto bueno por parte de la prensa especializada. El piloto de 35 a\u00f1os podr\u00eda aportar [&hellip;]<\/p>\n","protected":false},"author":9,"featured_media":14860,"comment_status":"open","ping_status":"closed","sticky":false,"template":"","format":"standard","meta":{"footnotes":""},"categories":[150],"tags":[220,219,185],"class_list":["post-14859","post","type-post","status-publish","format-standard","has-post-thumbnail","hentry","category-deportes","tag-cadillac-2026","tag-checo-perez","tag-mexico"],"_links":{"self":[{"href":"https:\/\/noticiasal.com.mx\/index.php\/wp-json\/wp\/v2\/posts\/14859"}],"collection":[{"href":"https:\/\/noticiasal.com.mx\/index.php\/wp-json\/wp\/v2\/posts"}],"about":[{"href":"https:\/\/noticiasal.com.mx\/index.php\/wp-json\/wp\/v2\/types\/post"}],"author":[{"embeddable":true,"href":"https:\/\/noticiasal.com.mx\/index.php\/wp-json\/wp\/v2\/users\/9"}],"replies":[{"embeddable":true,"href":"https:\/\/noticiasal.com.mx\/index.php\/wp-json\/wp\/v2\/comments?post=14859"}],"version-history":[{"count":1,"href":"https:\/\/noticiasal.com.mx\/index.php\/wp-json\/wp\/v2\/posts\/14859\/revisions"}],"predecessor-version":[{"id":14861,"href":"https:\/\/noticiasal.com.mx\/index.php\/wp-json\/wp\/v2\/posts\/14859\/revisions\/14861"}],"wp:featuredmedia":[{"embeddable":true,"href":"https:\/\/noticiasal.com.mx\/index.php\/wp-json\/wp\/v2\/media\/14860"}],"wp:attachment":[{"href":"https:\/\/noticiasal.com.mx\/index.php\/wp-json\/wp\/v2\/media?parent=14859"}],"wp:term":[{"taxonomy":"category","embeddable":true,"href":"https:\/\/noticiasal.com.mx\/index.php\/wp-json\/wp\/v2\/categories?post=14859"},{"taxonomy":"post_tag","embeddable":true,"href":"https:\/\/noticiasal.com.mx\/index.php\/wp-json\/wp\/v2\/tags?post=14859"}],"curies":[{"name":"wp","href":"https:\/\/api.w.org\/{rel}","templated":true}]}}