{"id":14862,"date":"2025-04-14T20:43:38","date_gmt":"2025-04-14T20:43:38","guid":{"rendered":"https:\/\/noticiasal.com.mx\/?p=14862"},"modified":"2025-04-14T22:29:23","modified_gmt":"2025-04-14T22:29:23","slug":"realizan-campana-de-limpieza-de-canales-aledanos-al-parque-estatal-estero-el-salado","status":"publish","type":"post","link":"https:\/\/noticiasal.com.mx\/index.php\/2025\/04\/14\/realizan-campana-de-limpieza-de-canales-aledanos-al-parque-estatal-estero-el-salado\/","title":{"rendered":"Realizan campa\u00f1a de limpieza de canales aleda\u00f1os al Parque Estatal Estero El Salado"},"content":{"rendered":"<ul>\n<li>Se realiz\u00f3 el retiro de mil 200 kilos de residuos inorg\u00e1nicos, principalmente PET, unicel, aluminio y vidrio<\/li>\n<li>Se cont\u00f3 con la participaci\u00f3n de 34 personas incluyendo ciudadan\u00eda, personal del estero, autoridades municipales y elementos del Ej\u00e9rcito, Fuerza A\u00e9rea y Guardia Nacional<\/li>\n<\/ul>\n<p>Con el objetivo de mantener en \u00f3ptimas condiciones el Parque Estatal Estero El Salado, ubicado en el centro de Puerto Vallarta, este fin de semana se llev\u00f3 a cabo la limpieza de una secci\u00f3n del Canal de Las Ladrilleras de la Delegaci\u00f3n de Mojoneras, colindante al Estero El Salado.<\/p>\n<p>En una jornada que tuvo una duraci\u00f3n de alrededor de cuatro horas, se realiz\u00f3 el retiro de mil 200 kilos de residuos inorg\u00e1nicos, principalmente PET, unicel, aluminio y vidrio.<\/p>\n<p>En los trabajos de limpieza participaron 34 personas entre habitantes, personal del Estero El Salado, la Direcci\u00f3n de Sostenibilidad Ambiental del Ayuntamiento de Puerto Vallarta, elementos del programa de Labor Social del Ej\u00e9rcito, la Fuerza A\u00e9rea y la Guardia Nacional.<\/p>\n<p>La Secretar\u00eda de Medio Ambiente y Desarrollo Territorial (SEMADET) hace un llamado a la poblaci\u00f3n en general para que cuiden las \u00e1reas naturales, no arrojando residuos a canales ni cuerpos de agua.<\/p>\n<p>Estas pr\u00e1cticas no solo afectan al Estero El Salado y su biodiversidad, sino que tambi\u00e9n perjudican directamente a las playas del municipio donde dichos canales desembocan, impactando los servicios ambientales de los que dependen todas y todos los vallartenses.<\/p>\n<blockquote><p>El Parque Estatal Estero El Salado se ubica en la Avenida Francisco Medina Ascencio #3544, Colonia Villa Las Flores, en Puerto Vallarta.<\/p><\/blockquote>\n<p>Los horarios para visita p\u00fablica son de lunes a viernes de 9:00 a 15:00 horas y s\u00e1bado de 9:00 a 13:00 horas.<\/p>\n<p>Por el momento, los recorridos en lancha al interior del estero se encuentran suspendidos.<\/p>\n","protected":false},"excerpt":{"rendered":"<p>Se realiz\u00f3 el retiro de mil 200 kilos de residuos inorg\u00e1nicos, principalmente PET, unicel, aluminio y vidrio Se cont\u00f3 con la participaci\u00f3n de 34 personas incluyendo ciudadan\u00eda, personal del estero, autoridades municipales y elementos del Ej\u00e9rcito, Fuerza A\u00e9rea y Guardia Nacional Con el objetivo de mantener en \u00f3ptimas condiciones el Parque Estatal Estero El Salado, [&hellip;]<\/p>\n","protected":false},"author":9,"featured_media":14864,"comment_status":"open","ping_status":"closed","sticky":false,"template":"","format":"standard","meta":{"footnotes":""},"categories":[159],"tags":[222,221,187],"class_list":["post-14862","post","type-post","status-publish","format-standard","has-post-thumbnail","hentry","category-puerto-vallarta","tag-estero-el-salado","tag-limpieza","tag-puerto-vallarta"],"_links":{"self":[{"href":"https:\/\/noticiasal.com.mx\/index.php\/wp-json\/wp\/v2\/posts\/14862"}],"collection":[{"href":"https:\/\/noticiasal.com.mx\/index.php\/wp-json\/wp\/v2\/posts"}],"about":[{"href":"https:\/\/noticiasal.com.mx\/index.php\/wp-json\/wp\/v2\/types\/post"}],"author":[{"embeddable":true,"href":"https:\/\/noticiasal.com.mx\/index.php\/wp-json\/wp\/v2\/users\/9"}],"replies":[{"embeddable":true,"href":"https:\/\/noticiasal.com.mx\/index.php\/wp-json\/wp\/v2\/comments?post=14862"}],"version-history":[{"count":1,"href":"https:\/\/noticiasal.com.mx\/index.php\/wp-json\/wp\/v2\/posts\/14862\/revisions"}],"predecessor-version":[{"id":14863,"href":"https:\/\/noticiasal.com.mx\/index.php\/wp-json\/wp\/v2\/posts\/14862\/revisions\/14863"}],"wp:featuredmedia":[{"embeddable":true,"href":"https:\/\/noticiasal.com.mx\/index.php\/wp-json\/wp\/v2\/media\/14864"}],"wp:attachment":[{"href":"https:\/\/noticiasal.com.mx\/index.php\/wp-json\/wp\/v2\/media?parent=14862"}],"wp:term":[{"taxonomy":"category","embeddable":true,"href":"https:\/\/noticiasal.com.mx\/index.php\/wp-json\/wp\/v2\/categories?post=14862"},{"taxonomy":"post_tag","embeddable":true,"href":"https:\/\/noticiasal.com.mx\/index.php\/wp-json\/wp\/v2\/tags?post=14862"}],"curies":[{"name":"wp","href":"https:\/\/api.w.org\/{rel}","templated":true}]}}