{"id":14865,"date":"2025-04-14T22:42:01","date_gmt":"2025-04-14T22:42:01","guid":{"rendered":"https:\/\/noticiasal.com.mx\/?p=14865"},"modified":"2025-04-15T19:59:09","modified_gmt":"2025-04-15T19:59:09","slug":"aguascalientes-sera-sede-del-campeonato-nacional-charro-infantil-juvenil-y-de-escaramuzas-2025","status":"publish","type":"post","link":"https:\/\/noticiasal.com.mx\/index.php\/2025\/04\/14\/aguascalientes-sera-sede-del-campeonato-nacional-charro-infantil-juvenil-y-de-escaramuzas-2025\/","title":{"rendered":"Aguascalientes ser\u00e1 sede del Campeonato Nacional Charro Infantil, Juvenil y de Escaramuzas 2025"},"content":{"rendered":"<ul>\n<li><em>Anunciado por la Gobernadora del Estado, Mar\u00eda Teresa Jim\u00e9nez Esquivel, y del presidente de la Federaci\u00f3n, Salvador Barajas del Toro<\/em><\/li>\n<\/ul>\n<p>La ciudad de Aguascalientes ser\u00e1 la sede del\u00a0Campeonato Nacional Charro Infantil, Juvenil y de Escaramuzas 2025, uno de los eventos m\u00e1s importantes del calendario deportivo y cultural del pa\u00eds, el cual reunir\u00e1 a cientos de ni\u00f1os y j\u00f3venes exponentes de la Charrer\u00eda.<\/p>\n<p>El anuncio oficial se llev\u00f3 a cabo este viernes en la urbe hidroc\u00e1lida por parte de la gobernadora del estado,\u00a0Mar\u00eda Teresa Jim\u00e9nez Esquivel, quien expres\u00f3 su orgullo por recibir nuevamente un evento de tal magnitud. La mandataria destac\u00f3 que este campeonato ser\u00e1 una plataforma para seguir impulsando las tradiciones mexicanas, en una entidad que contin\u00faa defendiendo el deporte nacional y la ganader\u00eda.<\/p>\n<p>Durante el acto estuvieron presentes\u00a0Salvador Barajas del Toro, presidente de la\u00a0Federaci\u00f3n Mexicana de Charrer\u00eda, acompa\u00f1ado por el\u00a0vicepresidente del Consejo Directivo Nacional,\u00a0Efra\u00edn Ram\u00edrez; el\u00a0secretario de Tesorer\u00eda y Finanzas,\u00a0Ger\u00f3nimo Color Gasca; el\u00a0coordinador Nacional de categor\u00edas Infantiles y Juveniles,\u00a0Ricardo Azuela; as\u00ed como el\u00a0presidente de la Uni\u00f3n de Asociaciones de Charros del Estado de Aguascalientes,\u00a0Gustavo Jim\u00e9nez, quienes respaldaron la designaci\u00f3n de la sede y destacaron el compromiso del estado con el desarrollo de la Charrer\u00eda.<\/p>\n<figure class=\"wp-block-gallery has-nested-images columns-default is-cropped wp-block-gallery-1 is-layout-flex wp-block-gallery-is-layout-flex\">\n<figure class=\"wp-block-image size-large wp-lightbox-container\" data-wp-context=\"{&quot;imageId&quot;:&quot;67fb44ae14fbe&quot;}\" data-wp-interactive=\"core\/image\"><\/figure>\n<figure class=\"wp-block-image size-large wp-lightbox-container\" data-wp-context=\"{&quot;imageId&quot;:&quot;67fb44ae15234&quot;}\" data-wp-interactive=\"core\/image\"><img loading=\"lazy\" decoding=\"async\" class=\"blazy wp-image-26665 alignleft\" src=\"https:\/\/noticiasal.com.mx\/wp-content\/themes\/news\/assets\/images\/picture_placeholder_list.jpg\" data-src=\"https:\/\/fmcharreria.org.mx\/wp-content\/uploads\/02-1-1024x683.jpg\" sizes=\"auto, (max-width: 1024px) 100vw, 1024px\" srcset=\"https:\/\/fmcharreria.org.mx\/wp-content\/uploads\/02-1-1024x683.jpg 1024w, https:\/\/fmcharreria.org.mx\/wp-content\/uploads\/02-1-300x200.jpg 300w, https:\/\/fmcharreria.org.mx\/wp-content\/uploads\/02-1-768x512.jpg 768w, https:\/\/fmcharreria.org.mx\/wp-content\/uploads\/02-1-750x500.jpg 750w, https:\/\/fmcharreria.org.mx\/wp-content\/uploads\/02-1-1140x760.jpg 1140w, https:\/\/fmcharreria.org.mx\/wp-content\/uploads\/02-1.jpg 1440w\" alt=\"\" width=\"736\" height=\"490\" data-wp-class--hide=\"state.isContentHidden\" data-wp-class--show=\"state.isContentVisible\" data-wp-init=\"callbacks.setButtonStyles\" data-wp-on-async--click=\"actions.showLightbox\" data-wp-on-async--load=\"callbacks.setButtonStyles\" data-wp-on-async-window--resize=\"callbacks.setButtonStyles\" data-id=\"26665\" data-pin-no-hover=\"true\" \/><noscript><img loading=\"lazy\" decoding=\"async\" class=\"wp-image-26665 alignleft\" src=\"https:\/\/fmcharreria.org.mx\/wp-content\/uploads\/02-1-1024x683.jpg\" sizes=\"auto, (max-width: 1024px) 100vw, 1024px\" srcset=\"https:\/\/fmcharreria.org.mx\/wp-content\/uploads\/02-1-1024x683.jpg 1024w, https:\/\/fmcharreria.org.mx\/wp-content\/uploads\/02-1-300x200.jpg 300w, https:\/\/fmcharreria.org.mx\/wp-content\/uploads\/02-1-768x512.jpg 768w, https:\/\/fmcharreria.org.mx\/wp-content\/uploads\/02-1-750x500.jpg 750w, https:\/\/fmcharreria.org.mx\/wp-content\/uploads\/02-1-1140x760.jpg 1140w, https:\/\/fmcharreria.org.mx\/wp-content\/uploads\/02-1.jpg 1440w\" alt=\"\" width=\"736\" height=\"490\" data-wp-class--hide=\"state.isContentHidden\" data-wp-class--show=\"state.isContentVisible\" data-wp-init=\"callbacks.setButtonStyles\" data-wp-on-async--click=\"actions.showLightbox\" data-wp-on-async--load=\"callbacks.setButtonStyles\" data-wp-on-async-window--resize=\"callbacks.setButtonStyles\" data-id=\"26665\" data-pin-no-hover=\"true\" \/><\/noscript><button class=\"lightbox-trigger\" type=\"button\" aria-haspopup=\"dialog\" aria-label=\"Agrandar imagen\" data-wp-init=\"callbacks.initTriggerButton\" data-wp-on-async--click=\"actions.showLightbox\" data-wp-style--right=\"state.imageButtonRight\" data-wp-style--top=\"state.imageButtonTop\"><\/button><figcaption class=\"wp-element-caption\"><\/figcaption><\/figure>\n<\/figure>\n<p>Las competencias se desarrollar\u00e1n en las\u00a0instalaciones de la Arena San Marcos, recinto reconocido por su moderna infraestructura y su compromiso con el desarrollo de la Charrer\u00eda, que adem\u00e1s recibir\u00e1 el Congreso y Campeonato Nacional Charro en los meses de octubre y noviembre de este mismo a\u00f1o.<\/p>\n<p>Se espera una importante afluencia de visitantes de todos los rincones de la Rep\u00fablica y de los Estados Unidos de Am\u00e9rica, lo que tambi\u00e9n representa una oportunidad de proyecci\u00f3n tur\u00edstica y econ\u00f3mica para Aguascalientes.<\/p>\n<p>El Campeonato Nacional Charro Infantil, Juvenil y de Escaramuzas es una de las justas m\u00e1s emotivas del a\u00f1o, ya que congrega a ni\u00f1as, ni\u00f1os y j\u00f3venes que desde temprana edad practican y honran la tradici\u00f3n de la charrer\u00eda.<\/p>\n<p>En sus diferentes categor\u00edas (Dientes de Leche, infantiles \u201cA\u201d y \u201cB\u201d, as\u00ed como Juvenil), las competencias permiten apreciar el talento, la disciplina y el amor por la patria que caracteriza a la juventud charra, tanto de M\u00e9xico como procedente de m\u00e1s all\u00e1 de las fronteras.<\/p>\n<p>Aguascalientes, con su rica tradici\u00f3n ecuestre y hospitalidad caracter\u00edstica, se encuentra preparado para recibir a las familias que a\u00f1o con a\u00f1o siguen de cerca la gran fiesta nacional del\u00a0<em>Semillero de la Charrer\u00eda<\/em>.<\/p>\n<p>Con este anuncio, Aguascalientes reafirma su compromiso con la preservaci\u00f3n de las tradiciones y el impulso del talento joven, consolid\u00e1ndose como una de las entidades l\u00edderes en la promoci\u00f3n de la Charrer\u00eda a nivel nacional.<\/p>\n<p>Fuente: F<a href=\"https:\/\/fmcharreria.org.mx\/actualidad\/aguascalientes-sera-sede-del-campeonato-nacional-charro-infantil-juvenil-y-de-escaramuzas-2025\/\" target=\"_blank\" rel=\"noopener\">MCharreria<\/a><\/p>\n","protected":false},"excerpt":{"rendered":"<p>Anunciado por la Gobernadora del Estado, Mar\u00eda Teresa Jim\u00e9nez Esquivel, y del presidente de la Federaci\u00f3n, Salvador Barajas del Toro La ciudad de Aguascalientes ser\u00e1 la sede del\u00a0Campeonato Nacional Charro Infantil, Juvenil y de Escaramuzas 2025, uno de los eventos m\u00e1s importantes del calendario deportivo y cultural del pa\u00eds, el cual reunir\u00e1 a cientos de [&hellip;]<\/p>\n","protected":false},"author":3,"featured_media":14866,"comment_status":"open","ping_status":"closed","sticky":false,"template":"","format":"standard","meta":{"footnotes":""},"categories":[148],"tags":[227,226,224,223,225],"class_list":["post-14865","post","type-post","status-publish","format-standard","has-post-thumbnail","hentry","category-mexico","tag-227","tag-aguascalientes","tag-campeonato-nacional-charro-infantil","tag-charros","tag-juvenil-y-de-escaramuzas"],"_links":{"self":[{"href":"https:\/\/noticiasal.com.mx\/index.php\/wp-json\/wp\/v2\/posts\/14865"}],"collection":[{"href":"https:\/\/noticiasal.com.mx\/index.php\/wp-json\/wp\/v2\/posts"}],"about":[{"href":"https:\/\/noticiasal.com.mx\/index.php\/wp-json\/wp\/v2\/types\/post"}],"author":[{"embeddable":true,"href":"https:\/\/noticiasal.com.mx\/index.php\/wp-json\/wp\/v2\/users\/3"}],"replies":[{"embeddable":true,"href":"https:\/\/noticiasal.com.mx\/index.php\/wp-json\/wp\/v2\/comments?post=14865"}],"version-history":[{"count":1,"href":"https:\/\/noticiasal.com.mx\/index.php\/wp-json\/wp\/v2\/posts\/14865\/revisions"}],"predecessor-version":[{"id":14867,"href":"https:\/\/noticiasal.com.mx\/index.php\/wp-json\/wp\/v2\/posts\/14865\/revisions\/14867"}],"wp:featuredmedia":[{"embeddable":true,"href":"https:\/\/noticiasal.com.mx\/index.php\/wp-json\/wp\/v2\/media\/14866"}],"wp:attachment":[{"href":"https:\/\/noticiasal.com.mx\/index.php\/wp-json\/wp\/v2\/media?parent=14865"}],"wp:term":[{"taxonomy":"category","embeddable":true,"href":"https:\/\/noticiasal.com.mx\/index.php\/wp-json\/wp\/v2\/categories?post=14865"},{"taxonomy":"post_tag","embeddable":true,"href":"https:\/\/noticiasal.com.mx\/index.php\/wp-json\/wp\/v2\/tags?post=14865"}],"curies":[{"name":"wp","href":"https:\/\/api.w.org\/{rel}","templated":true}]}}