{"id":14894,"date":"2025-04-17T05:16:13","date_gmt":"2025-04-17T05:16:13","guid":{"rendered":"https:\/\/noticiasal.com.mx\/?p=14894"},"modified":"2025-04-17T05:16:13","modified_gmt":"2025-04-17T05:16:13","slug":"el-tomate-mexicano-nuevo-protagonista-de-la-guerra-arancelaria-entre-mexico-y-estados-unidos","status":"publish","type":"post","link":"https:\/\/noticiasal.com.mx\/index.php\/2025\/04\/17\/el-tomate-mexicano-nuevo-protagonista-de-la-guerra-arancelaria-entre-mexico-y-estados-unidos\/","title":{"rendered":"El tomate mexicano, nuevo protagonista de la guerra arancelaria entre M\u00e9xico y Estados Unidos"},"content":{"rendered":"<p class=\"paragraph inline-placeholder vossi-paragraph\" data-uri=\"es.cms.cnn.com\/_components\/paragraph\/instances\/cm9is4esg006h2cox3urqh7yb@published\" data-editable=\"text\" data-component-name=\"paragraph\" data-article-gutter=\"true\" data-analytics-observe=\"off\">La presidenta de M\u00e9xico Claudia Sheinbaum respondi\u00f3 este martes al anuncio de Estados Unidos de imponer aranceles del 20,91 % a partir del 14 de julio a la mayor\u00eda de los tomates rojos (conocidos localmente como jitomates) importados desde M\u00e9xico.<\/p>\n<blockquote>\n<p class=\"paragraph inline-placeholder vossi-paragraph\" data-uri=\"es.cms.cnn.com\/_components\/paragraph\/instances\/cm9is6ees0007356or9wd6ewj@published\" data-editable=\"text\" data-component-name=\"paragraph\" data-article-gutter=\"true\" data-analytics-observe=\"off\">\u201cNo hay sustituto al jitomate mexicano en EE.UU., si acaso un peque\u00f1o porcentaje que viene principalmente de Florida. Pero la cantidad de jitomate que se exporta a EE.UU.<br \/>\nno es sustituible por ning\u00fan otro\u201d, dijo Sheinbaum en su conferencia de prensa matutina.<\/p>\n<\/blockquote>\n<p data-uri=\"es.cms.cnn.com\/_components\/paragraph\/instances\/cm9is6ees0007356or9wd6ewj@published\" data-editable=\"text\" data-component-name=\"paragraph\" data-article-gutter=\"true\" data-analytics-observe=\"off\">Y no son sustituibles estrictamente por el volumen que se exporta a EE.UU., algo que explic\u00f3 en la misma conferencia Julio Berdegu\u00e9, secretario de Agricultura y Desarrollo Rural.<\/p>\n<p class=\"paragraph inline-placeholder vossi-paragraph\" data-uri=\"es.cms.cnn.com\/_components\/paragraph\/instances\/cm9is6ees0009356oo4fkg4zn@published\" data-editable=\"text\" data-component-name=\"paragraph\" data-article-gutter=\"true\" data-analytics-observe=\"off\">\u201cEs importante decir que el 90 % de los tomates que EE.UU. importa de cualquier lugar del mundo, son tomates mexicanos. Y 6 de cada 10 tomates que ellos comen son hechos en M\u00e9xico\u201d, dijo Berdegu\u00e9.<\/p>\n<p class=\"paragraph inline-placeholder vossi-paragraph\" data-uri=\"es.cms.cnn.com\/_components\/paragraph\/instances\/cm9is6ees000a356okwlmg7gk@published\" data-editable=\"text\" data-component-name=\"paragraph\" data-article-gutter=\"true\" data-analytics-observe=\"off\">\u201cNo nos pueden sustituir, porque no es que haya un mont\u00f3n de otros pa\u00edses que producen esta cantidad de excelentes tomates a un precio muy conveniente\u201d, agreg\u00f3 Berdegu\u00e9.<\/p>\n<p class=\"paragraph inline-placeholder vossi-paragraph\" data-uri=\"es.cms.cnn.com\/_components\/paragraph\/instances\/cm9is6ees000b356oy61j0g5e@published\" data-editable=\"text\" data-component-name=\"paragraph\" data-article-gutter=\"true\" data-analytics-observe=\"off\">M\u00e9xico export\u00f3 US$ 2.865 millones de tomate rojo en 2023 a nivel mundial y el principal destino de ese producto fue Estados Unidos, que adquiri\u00f3 US$ 2.849 millones, seg\u00fan los datos m\u00e1s recientes de comercio del Gobierno de M\u00e9xico.<\/p>\n<h2 id=\"la-consecuencia-obvia-saldrian-mas-caros-los-tomates-en-ee-uu-segun-mexico\" class=\"subheader inline-placeholder subheader\" data-editable=\"text\" data-uri=\"es.cms.cnn.com\/_components\/subheader\/instances\/cm9is7y88000n356ojabfitgh@published\" data-component-name=\"subheader\" data-article-gutter=\"true\">La consecuencia obvia: saldr\u00edan m\u00e1s caros los tomates en EE.UU., seg\u00fan M\u00e9xico<\/h2>\n<p class=\"paragraph inline-placeholder vossi-paragraph\" data-uri=\"es.cms.cnn.com\/_components\/paragraph\/instances\/cm9is6ees000d356olkv95jxg@published\" data-editable=\"text\" data-component-name=\"paragraph\" data-article-gutter=\"true\" data-analytics-observe=\"on\">Sheinbaum se\u00f1al\u00f3 en la conferencia que el anuncio de los aranceles a los tomates mexicanos no se le notific\u00f3 al Gobierno de M\u00e9xico ni a la Secretar\u00eda de Relaciones Exteriores, o la de Econom\u00eda o Agricultura. \u201cSe notific\u00f3 a abogados de los productores de jitomate en EE.UU., eso est\u00e1 mal\u201d, dijo la mandataria.<\/p>\n<p class=\"paragraph inline-placeholder vossi-paragraph\" data-uri=\"es.cms.cnn.com\/_components\/paragraph\/instances\/cm9is6ees000e356oouma3vhl@published\" data-editable=\"text\" data-component-name=\"paragraph\" data-article-gutter=\"true\" data-analytics-observe=\"off\">El anuncio de EE.UU. da por terminado de forma unilateral un acuerdo bilateral firmado en 2019, seg\u00fan un comunicado de este lunes de la Administraci\u00f3n de Comercio Internacional estadounidense, y argumenta que la decisi\u00f3n se tom\u00f3 para que los productores de tomate en EE.UU. puedan \u201ccompetir de forma justa en el mercado\u201d.<\/p>\n<p class=\"paragraph inline-placeholder vossi-paragraph\" data-uri=\"es.cms.cnn.com\/_components\/paragraph\/instances\/cm9is6ees000f356o0k85ixv1@published\" data-editable=\"text\" data-component-name=\"paragraph\" data-article-gutter=\"true\" data-analytics-observe=\"off\">Cabe destacar que los aranceles anunciados al tomate son diferentes a los que el Gobierno de Trump ha impuesto a M\u00e9xico y que a\u00fan no entran en vigor. Tambi\u00e9n son distintos de los aranceles \u201crec\u00edprocos\u201d de los que M\u00e9xico est\u00e1 exento por ser parte del T-MEC con Canad\u00e1 y EE.UU.<\/p>\n<p class=\"paragraph inline-placeholder vossi-paragraph\" data-uri=\"es.cms.cnn.com\/_components\/paragraph\/instances\/cm9is6ees000g356oiclu3ldp@published\" data-editable=\"text\" data-component-name=\"paragraph\" data-article-gutter=\"true\" data-analytics-observe=\"off\">Berdegu\u00e9, el secretario de Agricultura y Desarrollo Rural, asegur\u00f3 que M\u00e9xico dialogar\u00e1 y negociar\u00e1 para evitar estos aranceles tal como ocurri\u00f3 en 2019 cuando se lleg\u00f3 al actual acuerdo.<\/p>\n<p class=\"paragraph inline-placeholder vossi-paragraph\" data-uri=\"es.cms.cnn.com\/_components\/paragraph\/instances\/cm9is6ees000h356o7dyzxbhy@published\" data-editable=\"text\" data-component-name=\"paragraph\" data-article-gutter=\"true\" data-analytics-observe=\"off\">\u201c\u00bfCu\u00e1l va a ser la consecuencia de esto, si es que se lleva a cabo? Les van a salir m\u00e1s caras sus ensaladas, su k\u00e9tchup y todo\u201d, dijo Berdegu\u00e9. \u201cSimplemente van a pagar 21 % m\u00e1s caro los tomates\u201d.<\/p>\n<p class=\"paragraph inline-placeholder vossi-paragraph\" data-uri=\"es.cms.cnn.com\/_components\/paragraph\/instances\/cm9is6ees000i356oy8o3il31@published\" data-editable=\"text\" data-component-name=\"paragraph\" data-article-gutter=\"true\" data-analytics-observe=\"off\">Sheinbaum apunt\u00f3 a la misma consecuencia: \u201cEn el caso incluso de que llegara a aplicarse esta sanci\u00f3n, de todas maneras el jitomate mexicano seguir\u00eda export\u00e1ndose a EE.UU. porque no tiene sustituto. El principal problema que habr\u00eda es que ser\u00edan m\u00e1s caros los jitomates en EE.UU.\u201d.<\/p>\n<p data-uri=\"es.cms.cnn.com\/_components\/paragraph\/instances\/cm9is6ees000i356oy8o3il31@published\" data-editable=\"text\" data-component-name=\"paragraph\" data-article-gutter=\"true\" data-analytics-observe=\"off\"><a href=\"https:\/\/cnnespanol.cnn.com\/2025\/04\/15\/mexico\/sheinbaum-aranceles-tomates-mexicanos-eeuu-orix\" target=\"_blank\" rel=\"noopener\">CNNM\u00e9xico<\/a><\/p>\n","protected":false},"excerpt":{"rendered":"<p>La presidenta de M\u00e9xico Claudia Sheinbaum respondi\u00f3 este martes al anuncio de Estados Unidos de imponer aranceles del 20,91 % a partir del 14 de julio a la mayor\u00eda de los tomates rojos (conocidos localmente como jitomates) importados desde M\u00e9xico. \u201cNo hay sustituto al jitomate mexicano en EE.UU., si acaso un peque\u00f1o porcentaje que viene [&hellip;]<\/p>\n","protected":false},"author":9,"featured_media":14895,"comment_status":"open","ping_status":"closed","sticky":false,"template":"","format":"standard","meta":{"footnotes":""},"categories":[149],"tags":[],"class_list":["post-14894","post","type-post","status-publish","format-standard","has-post-thumbnail","hentry","category-mundo"],"_links":{"self":[{"href":"https:\/\/noticiasal.com.mx\/index.php\/wp-json\/wp\/v2\/posts\/14894"}],"collection":[{"href":"https:\/\/noticiasal.com.mx\/index.php\/wp-json\/wp\/v2\/posts"}],"about":[{"href":"https:\/\/noticiasal.com.mx\/index.php\/wp-json\/wp\/v2\/types\/post"}],"author":[{"embeddable":true,"href":"https:\/\/noticiasal.com.mx\/index.php\/wp-json\/wp\/v2\/users\/9"}],"replies":[{"embeddable":true,"href":"https:\/\/noticiasal.com.mx\/index.php\/wp-json\/wp\/v2\/comments?post=14894"}],"version-history":[{"count":1,"href":"https:\/\/noticiasal.com.mx\/index.php\/wp-json\/wp\/v2\/posts\/14894\/revisions"}],"predecessor-version":[{"id":14896,"href":"https:\/\/noticiasal.com.mx\/index.php\/wp-json\/wp\/v2\/posts\/14894\/revisions\/14896"}],"wp:featuredmedia":[{"embeddable":true,"href":"https:\/\/noticiasal.com.mx\/index.php\/wp-json\/wp\/v2\/media\/14895"}],"wp:attachment":[{"href":"https:\/\/noticiasal.com.mx\/index.php\/wp-json\/wp\/v2\/media?parent=14894"}],"wp:term":[{"taxonomy":"category","embeddable":true,"href":"https:\/\/noticiasal.com.mx\/index.php\/wp-json\/wp\/v2\/categories?post=14894"},{"taxonomy":"post_tag","embeddable":true,"href":"https:\/\/noticiasal.com.mx\/index.php\/wp-json\/wp\/v2\/tags?post=14894"}],"curies":[{"name":"wp","href":"https:\/\/api.w.org\/{rel}","templated":true}]}}