{"id":15037,"date":"2025-04-25T23:09:53","date_gmt":"2025-04-25T23:09:53","guid":{"rendered":"https:\/\/noticiasal.com.mx\/?p=15037"},"modified":"2025-04-26T00:44:30","modified_gmt":"2025-04-26T00:44:30","slug":"terminan-vacaciones-de-semana-santa-pero-llega-mayo-con-megapuente","status":"publish","type":"post","link":"https:\/\/noticiasal.com.mx\/index.php\/2025\/04\/25\/terminan-vacaciones-de-semana-santa-pero-llega-mayo-con-megapuente\/","title":{"rendered":"Terminan vacaciones de semana santa&#8230; pero llega Mayo con megapuente"},"content":{"rendered":"<ul>\n<li class=\"teaser\">Mayo 2025 viene cargado de d\u00edas clave: descubre qu\u00e9 d\u00edas no hay clases seg\u00fan la SEP, cu\u00e1les son feriados oficiales y si habr\u00e1 megapuente.<\/li>\n<\/ul>\n<p>Mayo ya est\u00e1 a la vuelta de la esquina, y con \u00e9l llegan fechas importantes para muchos: desde feriados laborales hasta celebraciones escolares que modifican el ritmo del mes. Si ya est\u00e1s pensando en organizar un descanso familiar o planear una escapada, aqu\u00ed te explicamos con claridad los\u00a0<strong>puentes de mayo 2025 y si\u00a0\u00bfhabr\u00e1 megapuente seg\u00fan la\u00a0<a href=\"https:\/\/www.excelsior.com.mx\/sep\" target=\"_blank\" rel=\"noopener\">SEP<\/a>?\u00a0<\/strong><\/p>\n<h2>\u00bfCu\u00e1les son las efem\u00e9rides m\u00e1s importantes del mes de mayo?<\/h2>\n<p>Este mes suele estar lleno de celebraciones que se sienten en todo el pa\u00eds. Algunas son motivo de\u00a0<strong>descanso oficial<\/strong>, y otras, aunque no est\u00e1n en la ley, se respetan en escuelas o centros laborales. Estas son las m\u00e1s destacadas:<\/p>\n<p>&#8211; 1 de mayo: D\u00eda del Trabajo. Es un descanso oficial seg\u00fan la SEP y la Ley Federal del Trabajo.<br \/>\n&#8211; 5 de mayo: Aniversario de la Batalla de Puebla.<br \/>\n&#8211; 10 de mayo: D\u00eda de las Madres. No es obligatorio, pero muchas escuelas suspenden actividades.<br \/>\n&#8211; 15 de mayo: D\u00eda del Maestro (y tambi\u00e9n D\u00eda del Trabajador Agr\u00edcola).<\/p>\n<h2>\u00bfQu\u00e9 d\u00edas no hay clases en mayo del 2025?<\/h2>\n<p>De acuerdo con el\u00a0<strong>calendario escolar oficial de la SEP<\/strong>, los siguientes d\u00edas se suspenden las clases en educaci\u00f3n b\u00e1sica:<\/p>\n<p>&#8211; Jueves 1 de mayo: por el D\u00eda del Trabajo.<br \/>\n&#8211; Lunes 5 de mayo: por la Batalla de Puebla.<br \/>\n&#8211; Jueves 15 de mayo: por el D\u00eda del Maestro.<br \/>\n&#8211; Viernes 30 de mayo: por\u00a0Consejo T\u00e9cnico Escolar.<\/p>\n<p>Esto significa que durante mayo habr\u00e1 al menos cuatro d\u00edas sin clases, y gracias al Consejo T\u00e9cnico, el viernes 30 da pie a un puente que se extiende hasta el domingo.<\/p>\n<h2>\u00bfEs el 10 de mayo un d\u00eda de descanso oficial en M\u00e9xico?<\/h2>\n<p>Aunque el\u00a0<a href=\"https:\/\/www.excelsior.com.mx\/dia-de-las-madres\" target=\"_blank\" rel=\"noopener\">D\u00eda de las Madres<\/a>\u00a0no est\u00e1 marcado como feriado oficial en el\u00a0<strong>calendario de la SEP<\/strong>, muchas escuelas deciden suspender clases o realizar festivales escolares ese d\u00eda. En el \u00e1mbito laboral, algunas empresas tambi\u00e9n reducen la jornada para celebrar a las mam\u00e1s del equipo, sin embargo, no es un\u00a0<strong>descanso obligatorio<\/strong>, pero conviene estar pendiente de lo que indique el lugar donde laboras.<\/p>\n<h2>\u00bfQu\u00e9 d\u00edas se descansan por ley en mayo?<\/h2>\n<p>Para quienes trabajan, la\u00a0<strong>Ley Federal del Trabajo\u00a0<\/strong>solo establece el 1 de mayo como<strong>\u00a0feriado oficial<\/strong>. Ese d\u00eda s\u00ed se descansa de manera obligatoria.<\/p>\n<p>Este d\u00eda cae en jueves, as\u00ed que si tienes la posibilidad de pedir el viernes 2 como libre, podr\u00edas armar un peque\u00f1o descanso extendido. Adem\u00e1s, este ser\u00e1 el \u00faltimo\u00a0<strong>puente oficial<\/strong>\u00a0del primer semestre del a\u00f1o, as\u00ed que puede ser una buena oportunidad para tomar aire antes de cerrar la primera mitad de 2025.<\/p>\n<h2>\u00bfHabr\u00e1 un megapuente en mayo 2025?<\/h2>\n<p>Aqu\u00ed viene la duda que muchas familias tienen: \u00bfser\u00e1 posible un\u00a0<strong>megapuente en mayo<\/strong>? La confusi\u00f3n viene porque el 2 de mayo aparece como una fecha conmemorativa en el<strong>\u00a0calendario de la SEP<\/strong>, ya que es el D\u00eda Internacional contra el Acoso Escolar.<\/p>\n<p>Sin embargo, aunque est\u00e1 resaltado en el calendario, no implica suspensi\u00f3n de clases. Es una fecha para reflexionar con los alumnos, pero no es feriado ni puente oficial, aunque te recomendamos estar atento de las indicaciones que puedan existir en la escuela de tus hijos.<\/p>\n<p>Por lo tanto, el \u00fanico puente posible ser\u00eda el del viernes 30 de mayo por<strong>\u00a0Consejo T\u00e9cnico Escolar<\/strong>, que dar\u00eda descanso desde el viernes hasta el domingo.<\/p>\n<p><strong>Mayo 2025<\/strong>\u00a0viene con varias fechas clave para estudiantes, madres, maestros y trabajadores. Aunque muchos esperaban un megapuente largo, la realidad es que solo habr\u00e1 algunos d\u00edas oficiales de descanso y otros que depender\u00e1n de las pol\u00edticas internas de cada escuela o trabajo.<\/p>\n<p>As\u00ed que si quieres aprovechar al m\u00e1ximo estos d\u00edas, lo mejor es planear con anticipaci\u00f3n y revisar lo que dicte la\u00a0<strong>SEP<\/strong>\u00a0y tu lugar de trabajo.<\/p>\n<div class=\"media media-element-container media-default\">\n<figure class=\"node-image\"><picture><source srcset=\"https:\/\/www.excelsior.com.mx\/370x278\/filters:format(webp):quality(75)\/\/media\/inside-the-note\/pictures\/2025\/04\/11\/puentes_de_mayo_2025_habra_megapuente_segun_la_sep_3.jpg\" media=\"(min-width: 200px) and (max-width: 370px)\" \/><source srcset=\"https:\/\/www.excelsior.com.mx\/420x315\/filters:format(webp):quality(75)\/\/media\/inside-the-note\/pictures\/2025\/04\/11\/puentes_de_mayo_2025_habra_megapuente_segun_la_sep_3.jpg\" media=\"(min-width: 371px) and (max-width: 420px)\" \/><source srcset=\"https:\/\/www.excelsior.com.mx\/490x368\/filters:format(webp):quality(75)\/\/media\/inside-the-note\/pictures\/2025\/04\/11\/puentes_de_mayo_2025_habra_megapuente_segun_la_sep_3.jpg\" media=\"(min-width: 421px) and (max-width: 490px)\" \/><source srcset=\"https:\/\/www.excelsior.com.mx\/660x495\/filters:format(webp):quality(75)\/\/media\/inside-the-note\/pictures\/2025\/04\/11\/puentes_de_mayo_2025_habra_megapuente_segun_la_sep_3.jpg\" media=\"(min-width: 491px) and (max-width: 660px)\" \/><source srcset=\"https:\/\/www.excelsior.com.mx\/830x623\/filters:format(webp):quality(75)\/\/media\/inside-the-note\/pictures\/2025\/04\/11\/puentes_de_mayo_2025_habra_megapuente_segun_la_sep_3.jpg\" media=\"(min-width: 661px)\" \/><\/picture><\/figure>\n<\/div>\n","protected":false},"excerpt":{"rendered":"<p>Mayo 2025 viene cargado de d\u00edas clave: descubre qu\u00e9 d\u00edas no hay clases seg\u00fan la SEP, cu\u00e1les son feriados oficiales y si habr\u00e1 megapuente. Mayo ya est\u00e1 a la vuelta de la esquina, y con \u00e9l llegan fechas importantes para muchos: desde feriados laborales hasta celebraciones escolares que modifican el ritmo del mes. Si ya [&hellip;]<\/p>\n","protected":false},"author":9,"featured_media":15049,"comment_status":"open","ping_status":"closed","sticky":false,"template":"","format":"standard","meta":{"footnotes":""},"categories":[164],"tags":[297,185,296],"class_list":["post-15037","post","type-post","status-publish","format-standard","has-post-thumbnail","hentry","category-turismo","tag-mayo","tag-mexico","tag-puente"],"_links":{"self":[{"href":"https:\/\/noticiasal.com.mx\/index.php\/wp-json\/wp\/v2\/posts\/15037"}],"collection":[{"href":"https:\/\/noticiasal.com.mx\/index.php\/wp-json\/wp\/v2\/posts"}],"about":[{"href":"https:\/\/noticiasal.com.mx\/index.php\/wp-json\/wp\/v2\/types\/post"}],"author":[{"embeddable":true,"href":"https:\/\/noticiasal.com.mx\/index.php\/wp-json\/wp\/v2\/users\/9"}],"replies":[{"embeddable":true,"href":"https:\/\/noticiasal.com.mx\/index.php\/wp-json\/wp\/v2\/comments?post=15037"}],"version-history":[{"count":1,"href":"https:\/\/noticiasal.com.mx\/index.php\/wp-json\/wp\/v2\/posts\/15037\/revisions"}],"predecessor-version":[{"id":15038,"href":"https:\/\/noticiasal.com.mx\/index.php\/wp-json\/wp\/v2\/posts\/15037\/revisions\/15038"}],"wp:featuredmedia":[{"embeddable":true,"href":"https:\/\/noticiasal.com.mx\/index.php\/wp-json\/wp\/v2\/media\/15049"}],"wp:attachment":[{"href":"https:\/\/noticiasal.com.mx\/index.php\/wp-json\/wp\/v2\/media?parent=15037"}],"wp:term":[{"taxonomy":"category","embeddable":true,"href":"https:\/\/noticiasal.com.mx\/index.php\/wp-json\/wp\/v2\/categories?post=15037"},{"taxonomy":"post_tag","embeddable":true,"href":"https:\/\/noticiasal.com.mx\/index.php\/wp-json\/wp\/v2\/tags?post=15037"}],"curies":[{"name":"wp","href":"https:\/\/api.w.org\/{rel}","templated":true}]}}