{"id":15039,"date":"2025-04-26T00:31:42","date_gmt":"2025-04-26T00:31:42","guid":{"rendered":"https:\/\/noticiasal.com.mx\/?p=15039"},"modified":"2025-04-26T00:31:42","modified_gmt":"2025-04-26T00:31:42","slug":"gobierno-de-mexico-no-censura-a-nadie-sheinbaum-sobre-nueva-ley-de-telecomunicaciones","status":"publish","type":"post","link":"https:\/\/noticiasal.com.mx\/index.php\/2025\/04\/26\/gobierno-de-mexico-no-censura-a-nadie-sheinbaum-sobre-nueva-ley-de-telecomunicaciones\/","title":{"rendered":"Gobierno de M\u00e9xico no censura a nadie: Sheinbaum sobre nueva ley de Telecomunicaciones"},"content":{"rendered":"<p>La\u00a0<strong>presidenta Claudia Sheinbaum Pardo\u00a0<\/strong>aclar\u00f3 que el art\u00edculo de la reforma a la<strong>\u00a0Ley de Telecomunicaciones\u00a0<\/strong>sobre bajar plataformas digitales\u00a0<strong>no busca la censura,\u00a0<\/strong>por lo que sugiri\u00f3 modificar el contenido para evitar malas interpretaciones.<\/p>\n<p><strong>\u00abHay mucha discusi\u00f3n sobre este tema,<\/strong>\u00a0una parte sobre un art\u00edculo que qued\u00f3 ah\u00ed sobre plataformas digitales en donde se establece que la Agencia puede bajar las plataformas, no tiene nada que ver con la censura por los contenidos, se est\u00e1 dando una atribuci\u00f3n a la a<strong>gencia vinculada cuando el SAT e<\/strong>stablece que hay una plataforma que est\u00e1 violando o cuando alguna otra entidad. (&#8230;) Ese art\u00edculo tiene que aclararse\u00bb, sostuvo.<\/p>\n<p>Afirm\u00f3 que de contribuir a la\u00a0<strong>desinformaci\u00f3n se deber\u00e1 abrir una discusi\u00f3n en el Senado\u00a0<\/strong>e incluso propuso la participaci\u00f3n de funcionarios de su gabinete para informar sobre la materia.<\/p>\n<blockquote><p>\u00abQuitamos ese art\u00edculo del tema, era coadyuvante de otras instituciones del gobierno de M\u00e9xico, pero si hay alguna duda de que vamos a censurar, que se elimine, no hay ning\u00fan problema o que se modifique la redacci\u00f3n, se lo dejamos ah\u00ed a los senadores\u00bb, dijo.<\/p><\/blockquote>\n<p>La jefa del ejecutivo federal mostr\u00f3 su voluntad por aclarar la situaci\u00f3n y afirm\u00f3 que es fundamental recuperar las atribuciones para el estado mexicano y abrir la discusi\u00f3n para evitar la desinformaci\u00f3n.<\/p>\n<p>&nbsp;<\/p>\n","protected":false},"excerpt":{"rendered":"<p>La\u00a0presidenta Claudia Sheinbaum Pardo\u00a0aclar\u00f3 que el art\u00edculo de la reforma a la\u00a0Ley de Telecomunicaciones\u00a0sobre bajar plataformas digitales\u00a0no busca la censura,\u00a0por lo que sugiri\u00f3 modificar el contenido para evitar malas interpretaciones. \u00abHay mucha discusi\u00f3n sobre este tema,\u00a0una parte sobre un art\u00edculo que qued\u00f3 ah\u00ed sobre plataformas digitales en donde se establece que la Agencia puede bajar [&hellip;]<\/p>\n","protected":false},"author":9,"featured_media":15040,"comment_status":"open","ping_status":"closed","sticky":false,"template":"","format":"standard","meta":{"footnotes":""},"categories":[148],"tags":[300,299,298,185],"class_list":["post-15039","post","type-post","status-publish","format-standard","has-post-thumbnail","hentry","category-mexico","tag-censura","tag-claudia-sheinbaum","tag-ley-de-telecomunicaciones","tag-mexico"],"_links":{"self":[{"href":"https:\/\/noticiasal.com.mx\/index.php\/wp-json\/wp\/v2\/posts\/15039"}],"collection":[{"href":"https:\/\/noticiasal.com.mx\/index.php\/wp-json\/wp\/v2\/posts"}],"about":[{"href":"https:\/\/noticiasal.com.mx\/index.php\/wp-json\/wp\/v2\/types\/post"}],"author":[{"embeddable":true,"href":"https:\/\/noticiasal.com.mx\/index.php\/wp-json\/wp\/v2\/users\/9"}],"replies":[{"embeddable":true,"href":"https:\/\/noticiasal.com.mx\/index.php\/wp-json\/wp\/v2\/comments?post=15039"}],"version-history":[{"count":1,"href":"https:\/\/noticiasal.com.mx\/index.php\/wp-json\/wp\/v2\/posts\/15039\/revisions"}],"predecessor-version":[{"id":15041,"href":"https:\/\/noticiasal.com.mx\/index.php\/wp-json\/wp\/v2\/posts\/15039\/revisions\/15041"}],"wp:featuredmedia":[{"embeddable":true,"href":"https:\/\/noticiasal.com.mx\/index.php\/wp-json\/wp\/v2\/media\/15040"}],"wp:attachment":[{"href":"https:\/\/noticiasal.com.mx\/index.php\/wp-json\/wp\/v2\/media?parent=15039"}],"wp:term":[{"taxonomy":"category","embeddable":true,"href":"https:\/\/noticiasal.com.mx\/index.php\/wp-json\/wp\/v2\/categories?post=15039"},{"taxonomy":"post_tag","embeddable":true,"href":"https:\/\/noticiasal.com.mx\/index.php\/wp-json\/wp\/v2\/tags?post=15039"}],"curies":[{"name":"wp","href":"https:\/\/api.w.org\/{rel}","templated":true}]}}