{"id":15102,"date":"2025-04-30T16:46:15","date_gmt":"2025-04-30T16:46:15","guid":{"rendered":"https:\/\/noticiasal.com.mx\/?p=15102"},"modified":"2025-04-30T23:15:30","modified_gmt":"2025-04-30T23:15:30","slug":"cabalgata-amigos-de-a-caballo-en-puerto-vallarta","status":"publish","type":"post","link":"https:\/\/noticiasal.com.mx\/index.php\/2025\/04\/30\/cabalgata-amigos-de-a-caballo-en-puerto-vallarta\/","title":{"rendered":"Cabalgata \u00abAmigos de a caballo\u00bb en Puerto Vallarta"},"content":{"rendered":"<ul>\n<li>El Comit\u00e9 de Fiestas de Mayo y los Charros de Vallarta invitan a la primera Cabalgata \u00abAmigos de a caballo\u00bb, un recorrido lleno de orgullo, tradici\u00f3n y esp\u00edritu mexicano a realizarse el s\u00e1bado 3 de mayo a partir de las 3:00pm.<\/li>\n<\/ul>\n<p>El punto de partida de la Cabalgata \u00abAmigos de a caballo\u00bb ser\u00e1 en el Rancho El Herradero, ubicado en la Av. V\u00edctor Iturbe. La cabalgata concluir\u00e1 en el Lienzo Charro Miguel \u00abPrieto\u00bb Ibarr\u00eda de la Av. M\u00e9xico, muy cerca del Centro Internacional de Convenciones (CIC) de\u00a0<strong>Puerto Vallarta<\/strong>.<\/p>\n<p>Donde se ofrecer\u00e1 una tradicional taquiza para los que arriben al lienzo cabalgando, seguido de ello se ofrecera al publico en general que se congregue una charreada, con toros de reparo de alta percha, todo en un ambiente familiar.<\/p>\n<p>La primera Cabalgata \u00abAmigos de a caballo\u00bb promete una experiencia para disfrutar en familia, entre amigos y, por supuesto, entre caballos.<\/p>\n<blockquote><p>\u00a1Prep\u00e1rate para una tarde inolvidable llena de ambiente charro, alegr\u00eda y convivencia!<\/p><\/blockquote>\n","protected":false},"excerpt":{"rendered":"<p>El Comit\u00e9 de Fiestas de Mayo y los Charros de Vallarta invitan a la primera Cabalgata \u00abAmigos de a caballo\u00bb, un recorrido lleno de orgullo, tradici\u00f3n y esp\u00edritu mexicano a realizarse el s\u00e1bado 3 de mayo a partir de las 3:00pm. El punto de partida de la Cabalgata \u00abAmigos de a caballo\u00bb ser\u00e1 en el [&hellip;]<\/p>\n","protected":false},"author":9,"featured_media":15103,"comment_status":"open","ping_status":"closed","sticky":false,"template":"","format":"standard","meta":{"footnotes":""},"categories":[157],"tags":[333,332,187],"class_list":["post-15102","post","type-post","status-publish","format-standard","has-post-thumbnail","hentry","category-charreria","tag-amigos-a-caballo","tag-cabalgata","tag-puerto-vallarta"],"_links":{"self":[{"href":"https:\/\/noticiasal.com.mx\/index.php\/wp-json\/wp\/v2\/posts\/15102"}],"collection":[{"href":"https:\/\/noticiasal.com.mx\/index.php\/wp-json\/wp\/v2\/posts"}],"about":[{"href":"https:\/\/noticiasal.com.mx\/index.php\/wp-json\/wp\/v2\/types\/post"}],"author":[{"embeddable":true,"href":"https:\/\/noticiasal.com.mx\/index.php\/wp-json\/wp\/v2\/users\/9"}],"replies":[{"embeddable":true,"href":"https:\/\/noticiasal.com.mx\/index.php\/wp-json\/wp\/v2\/comments?post=15102"}],"version-history":[{"count":3,"href":"https:\/\/noticiasal.com.mx\/index.php\/wp-json\/wp\/v2\/posts\/15102\/revisions"}],"predecessor-version":[{"id":15118,"href":"https:\/\/noticiasal.com.mx\/index.php\/wp-json\/wp\/v2\/posts\/15102\/revisions\/15118"}],"wp:featuredmedia":[{"embeddable":true,"href":"https:\/\/noticiasal.com.mx\/index.php\/wp-json\/wp\/v2\/media\/15103"}],"wp:attachment":[{"href":"https:\/\/noticiasal.com.mx\/index.php\/wp-json\/wp\/v2\/media?parent=15102"}],"wp:term":[{"taxonomy":"category","embeddable":true,"href":"https:\/\/noticiasal.com.mx\/index.php\/wp-json\/wp\/v2\/categories?post=15102"},{"taxonomy":"post_tag","embeddable":true,"href":"https:\/\/noticiasal.com.mx\/index.php\/wp-json\/wp\/v2\/tags?post=15102"}],"curies":[{"name":"wp","href":"https:\/\/api.w.org\/{rel}","templated":true}]}}