{"id":15108,"date":"2025-04-30T23:01:45","date_gmt":"2025-04-30T23:01:45","guid":{"rendered":"https:\/\/noticiasal.com.mx\/?p=15108"},"modified":"2025-05-01T16:21:49","modified_gmt":"2025-05-01T16:21:49","slug":"nombran-a-miguel-meza-sendiz-delegado-de-la-federacion-en-la-costa","status":"publish","type":"post","link":"https:\/\/noticiasal.com.mx\/index.php\/2025\/04\/30\/nombran-a-miguel-meza-sendiz-delegado-de-la-federacion-en-la-costa\/","title":{"rendered":"Nombran a Miguel Meza S\u00e9ndiz delegado de la Federaci\u00f3n en la Costa"},"content":{"rendered":"<div class=\"xdj266r x11i5rnm xat24cr x1mh8g0r x1vvkbs x126k92a\">\n<div dir=\"auto\"><\/div>\n<ul>\n<li dir=\"auto\">\u201cA esta ciudad de Puerto Vallarta se present\u00f3 el presidente de la Uni\u00f3n de Asociaciones en Jalisco, Ignacio \u201cNacho\u201d L\u00f3pez, para nombrar a Miguel Meza, eterno representante de Charros de El Pitillal, como delegado de la Federaci\u00f3n o de la Uni\u00f3n aqu\u00ed en la Costa de Jalisco.Pero para darle el mayor de los realces, se le invit\u00f3 al presidente municipal, Luis Ernesto Mungu\u00eda Gonz\u00e1lez, a que le tomara la protesta como tal. Fue una reuni\u00f3n privada, en el despacho de la Unidad Municipal Administrativa, donde se reunieron para tal fin.\n<p>Ahora lo que falta es que Miguel convoque a las asociaciones al campeonato estatal, anual y oficial y adelant\u00f3 que s\u00f3lo se alistar\u00edan cuatro asociaciones, entre ellos Pitillal y los \u201cpatasaladas\u201d de Vallarta.<\/p>\n<p>Tambi\u00e9n lo que se debe de hacer es actualizar la mesa directiva de la uni\u00f3n de Asociaciones de Charros en Vallarta, que actualiz\u00f3 Alfonso \u201cPoncho\u201d Bernal, pero ahora Poncho anda en otras tierras y hemos visto a la Hacienda Serena en torneos del centro del estado y pos bueno, es v\u00e1lido, lo que no es v\u00e1lido es dejar al garete el trabajo, pero cada quien sabe lo que trae el costal.<\/p>\n<p>De lo que s\u00ed sabemos es que este fin de semana es el estatal de la Zona Costa de Nayarit, en Bah\u00eda de Banderas, pero estamos a la espera del programa que H\u00e9ctor \u201dPel\u00f3n\u201d Gonz\u00e1lez, qued\u00f3 de darlo a conocer. Lo que si sabemos es que ser\u00e1 en el lienzo charro Ram\u00f3n Ibarr\u00eda Gonz\u00e1lez de Valle de Banderas.<\/p>\n<p style=\"text-align: left;\"><strong>Visita el presidente Salvador Barajas del Toro al estado de Tlaxcala<\/strong><\/p>\n<p><figure id=\"attachment_15113\" aria-describedby=\"caption-attachment-15113\" style=\"width: 300px\" class=\"wp-caption alignnone\"><img loading=\"lazy\" decoding=\"async\" class=\"blazy size-medium wp-image-15113\" src=\"https:\/\/noticiasal.com.mx\/wp-content\/themes\/news\/assets\/images\/picture_placeholder_list.jpg\" data-src=\"https:\/\/noticiasal.com.mx\/wp-content\/uploads\/2025\/04\/Estatal-de-Tlaxcala-2025-300x200.jpg\" alt=\"\" width=\"300\" height=\"200\" \/><figcaption id=\"caption-attachment-15113\" class=\"wp-caption-text\"><noscript><img loading=\"lazy\" decoding=\"async\" class=\"size-medium wp-image-15113\" src=\"https:\/\/noticiasal.com.mx\/wp-content\/uploads\/2025\/04\/Estatal-de-Tlaxcala-2025-300x200.jpg\" alt=\"\" width=\"300\" height=\"200\" srcset=\"https:\/\/noticiasal.com.mx\/wp-content\/uploads\/2025\/04\/Estatal-de-Tlaxcala-2025-300x200.jpg 300w, https:\/\/noticiasal.com.mx\/wp-content\/uploads\/2025\/04\/Estatal-de-Tlaxcala-2025-1024x682.jpg 1024w, https:\/\/noticiasal.com.mx\/wp-content\/uploads\/2025\/04\/Estatal-de-Tlaxcala-2025-768x512.jpg 768w, https:\/\/noticiasal.com.mx\/wp-content\/uploads\/2025\/04\/Estatal-de-Tlaxcala-2025.jpg 1280w\" sizes=\"(max-width: 300px) 100vw, 300px\" \/><\/noscript> La Gobernadora Lorena Cu\u00e9llar tom\u00f3 la protesta a la nueva directiva de la Uni\u00f3n de Asociaciones del Estado de Tlaxcala<\/figcaption><\/figure><\/li>\n<li dir=\"auto\">\n<p style=\"text-align: left;\">.- Gran recibimiento de la charrer\u00eda del estado de Tlaxcala para Salvador Barajas del Toro, presidente de la Federaci\u00f3n Mexicana de Charrer\u00eda y miembros de su Consejo Directivo Nacional, este jueves 24 de abril dentro del lienzo charro \u201cAdolfo L\u00f3pez Mateos\u201d de la capital tlaxcalteca, donde participaron en la inauguraci\u00f3n del Campeonato Estatal Charro 2025, en honor a Fernando Rodr\u00edguez Vel\u00e1zquez.<\/p>\n<p style=\"text-align: left;\">En su mensaje inaugural, Salvador Barajas del Toro mencion\u00f3 que Tlaxcala en breve podr\u00eda ser sede de alg\u00fan evento oficial de la Federaci\u00f3n, lo cual fue recibido con gran benepl\u00e1cito por parte de la charrer\u00eda tlaxcalteca.<\/p>\n<p style=\"text-align: left;\">Cabe hacer menci\u00f3n que este estado ha sido dos veces sede de campeonatos nacionales de categor\u00edas infantiles y juveniles, tambi\u00e9n de un Campeonato Nacional Universitario, de manera que ya cuenta con experiencia para poder celebrar eventos de dicha magnitud.<\/p>\n<p style=\"text-align: left;\">Tambi\u00e9n el Consejo Directivo, as\u00ed como los presidentes de asociaciones del estado, asistieron a la Casa de Gobierno Estatal, para que la gobernadora Lorena Cu\u00e9llar Cisneros, realizara la toma de protesta a los nuevos directivos de la Uni\u00f3n de Asociaciones de Charros del Estado de Tlaxcala, sosteniendo pl\u00e1ticas con Barajas del Toro y comprometi\u00e9ndose a tener el primer lienzo techado del estado y dando en comodato este mismo a la Uni\u00f3n.<\/p>\n<p style=\"text-align: left;\">Por la Uni\u00f3n de Asociaciones de Charros de la entidad tlaxcalteca, estuvieron presentes el PUA, Isidro Candia Garc\u00eda; el vicepresidente Antonio Morales; el secretario, Jes\u00fas Mart\u00ednez, as\u00ed como alcaldes de los municipios de Calpulalpan, Jos\u00e9 Manuel Jim\u00e9nez del Razo, y de Yahuquemecan, David Vega.<\/p>\n<p>&nbsp;<\/p>\n<h3><strong>Urgen definir lineamientos para practicar charrer\u00eda, dicen en el Congreso CDMX<\/strong><\/h3>\n<p>El Congreso capitalino solicit\u00f3 a la Comisi\u00f3n Nacional de Cultura F\u00edsica y Deporte a coordinarse con la Federaci\u00f3n Mexicana de Charrer\u00eda, a fin de garantizar el cuidado, protecci\u00f3n y bienestar de los animales utilizados en las charreadas.<\/p>\n<p>La diputada Jannete Elizabeth Guerrero Maya (PT) indic\u00f3 que se busca \u201cpreservar la tradici\u00f3n y el valor cultural que tiene la charrer\u00eda para nuestro pa\u00eds, y al mismo tiempo que se avance en materia de protecci\u00f3n y cuidado de la vida e integridad de los animales que son utilizados tanto en entrenamientos como en charreadas\u201d.<\/p>\n<p>Para ello, consider\u00f3 necesaria la emisi\u00f3n de lineamientos, reglamentos u otras medidas aplicables, para establecer de manera clara par\u00e1metros y condiciones que sirvan para garantizar a los animales un trato digno en todo momento.<\/p>\n<p>Al fundamentar su proposici\u00f3n, la legisladora coment\u00f3 que la charrer\u00eda es parte fundamental de la cultura mexicana, sin embargo, dijo, se tiene que desarrollar con empat\u00eda y responsabilidad.<\/p>\n<p>Agreg\u00f3 que hay ocasiones en que se pone a los animales bajo estr\u00e9s, dolor o sufrimiento con la intenci\u00f3n de dar un espect\u00e1culo \u201cm\u00e1s entretenido\u201d, o como una forma de castigar o condicionar al animal, y otras en que se les provoca sufrimiento de manera involuntaria durante los traslados, su crianza, al mantenerlos en resguardo previo al inicio del espect\u00e1culo o por la desinformaci\u00f3n relacionado sobre su cuidado.<\/p>\n<p>Por ello, es necesario \u201cel establecimiento de reglas que lleven a la pr\u00e1ctica del deporte nacional con un trato responsable y digno para todos los animales involucrados en charreadas y entrenamientos se convierte en una problem\u00e1tica urgente que debe ser prioridad en una ciudad progresista y de derechos\u201d, asegur\u00f3.<\/li>\n<\/ul>\n<\/div>\n<div dir=\"auto\"><img loading=\"lazy\" decoding=\"async\" class=\"blazy wp-image-15109 size-full alignleft\" src=\"https:\/\/noticiasal.com.mx\/wp-content\/themes\/news\/assets\/images\/picture_placeholder_list.jpg\" data-src=\"https:\/\/noticiasal.com.mx\/wp-content\/uploads\/2025\/04\/Miguel-Meza-2-e1746053955411.jpg\" alt=\"\" width=\"975\" height=\"577\" \/><noscript><img loading=\"lazy\" decoding=\"async\" class=\"wp-image-15109 size-full alignleft\" src=\"https:\/\/noticiasal.com.mx\/wp-content\/uploads\/2025\/04\/Miguel-Meza-2-e1746053955411.jpg\" alt=\"\" width=\"975\" height=\"577\" srcset=\"https:\/\/noticiasal.com.mx\/wp-content\/uploads\/2025\/04\/Miguel-Meza-2-e1746053955411.jpg 975w, https:\/\/noticiasal.com.mx\/wp-content\/uploads\/2025\/04\/Miguel-Meza-2-e1746053955411-300x178.jpg 300w, https:\/\/noticiasal.com.mx\/wp-content\/uploads\/2025\/04\/Miguel-Meza-2-e1746053955411-768x454.jpg 768w\" sizes=\"(max-width: 975px) 100vw, 975px\" \/><\/noscript><\/div>\n<div class=\"xdj266r x11i5rnm xat24cr x1mh8g0r x1vvkbs x126k92a\">\n<div dir=\"auto\"><\/div>\n<div dir=\"auto\">El alcalde Luis Mungu\u00eda, se dijo sorprendido por la noticia que Miguel Meza ser\u00e1 el nuevo dirigente de la charrer\u00eda vallartense por su capacidad.<\/div>\n<div dir=\"auto\"><\/div>\n<\/div>\n<div class=\"x11i5rnm xat24cr x1mh8g0r x1vvkbs xtlvy1s x126k92a\">\n<blockquote>\n<div dir=\"auto\">(Foto de Portada).- <strong>Con toma de protesta y todos los honores, Miguel Meza fue ungido como el nuevo dirigente de la charrer\u00eda local.<\/strong><\/div>\n<\/blockquote>\n<div dir=\"auto\"><\/div>\n<div dir=\"auto\"><\/div>\n<\/div>\n","protected":false},"excerpt":{"rendered":"<p>\u201cA esta ciudad de Puerto Vallarta se present\u00f3 el presidente de la Uni\u00f3n de Asociaciones en Jalisco, Ignacio \u201cNacho\u201d L\u00f3pez, para nombrar a Miguel Meza, eterno representante de Charros de El Pitillal, como delegado de la Federaci\u00f3n o de la Uni\u00f3n aqu\u00ed en la Costa de Jalisco.Pero para darle el mayor de los realces, se [&hellip;]<\/p>\n","protected":false},"author":3,"featured_media":15110,"comment_status":"open","ping_status":"closed","sticky":false,"template":"","format":"standard","meta":{"footnotes":""},"categories":[157,150,154,148,159,158],"tags":[335,334,187],"class_list":["post-15108","post","type-post","status-publish","format-standard","has-post-thumbnail","hentry","category-charreria","category-deportes","category-jalisco","category-mexico","category-puerto-vallarta","category-region","tag-charros-de-el-pitillal","tag-miguel-meza","tag-puerto-vallarta"],"_links":{"self":[{"href":"https:\/\/noticiasal.com.mx\/index.php\/wp-json\/wp\/v2\/posts\/15108"}],"collection":[{"href":"https:\/\/noticiasal.com.mx\/index.php\/wp-json\/wp\/v2\/posts"}],"about":[{"href":"https:\/\/noticiasal.com.mx\/index.php\/wp-json\/wp\/v2\/types\/post"}],"author":[{"embeddable":true,"href":"https:\/\/noticiasal.com.mx\/index.php\/wp-json\/wp\/v2\/users\/3"}],"replies":[{"embeddable":true,"href":"https:\/\/noticiasal.com.mx\/index.php\/wp-json\/wp\/v2\/comments?post=15108"}],"version-history":[{"count":4,"href":"https:\/\/noticiasal.com.mx\/index.php\/wp-json\/wp\/v2\/posts\/15108\/revisions"}],"predecessor-version":[{"id":15119,"href":"https:\/\/noticiasal.com.mx\/index.php\/wp-json\/wp\/v2\/posts\/15108\/revisions\/15119"}],"wp:featuredmedia":[{"embeddable":true,"href":"https:\/\/noticiasal.com.mx\/index.php\/wp-json\/wp\/v2\/media\/15110"}],"wp:attachment":[{"href":"https:\/\/noticiasal.com.mx\/index.php\/wp-json\/wp\/v2\/media?parent=15108"}],"wp:term":[{"taxonomy":"category","embeddable":true,"href":"https:\/\/noticiasal.com.mx\/index.php\/wp-json\/wp\/v2\/categories?post=15108"},{"taxonomy":"post_tag","embeddable":true,"href":"https:\/\/noticiasal.com.mx\/index.php\/wp-json\/wp\/v2\/tags?post=15108"}],"curies":[{"name":"wp","href":"https:\/\/api.w.org\/{rel}","templated":true}]}}