{"id":15135,"date":"2025-05-02T22:52:01","date_gmt":"2025-05-02T22:52:01","guid":{"rendered":"https:\/\/noticiasal.com.mx\/?p=15135"},"modified":"2025-05-02T22:52:01","modified_gmt":"2025-05-02T22:52:01","slug":"entre-piales-y-manganas-buenos-amigos-y-buenos-abriles-uno-entre-miles","status":"publish","type":"post","link":"https:\/\/noticiasal.com.mx\/index.php\/2025\/05\/02\/entre-piales-y-manganas-buenos-amigos-y-buenos-abriles-uno-entre-miles\/","title":{"rendered":"Entre Piales y Manganas: \u201cBuenos amigos y buenos abriles, uno entre miles\u201d"},"content":{"rendered":"<ul>\n<li><strong>El Comit\u00e9 de Fiestas de Mayo y los Charros de Vallarta invitan<\/strong><\/li>\n<\/ul>\n<p>Este s\u00e1bado ser\u00e1 la primera Cabalgata \u00abAmigos de a caballo\u00bb, un recorrido lleno de orgullo, tradici\u00f3n y esp\u00edritu mexicano a realizarse este 3 de mayo a partir de las 3:00 de la tarde.<\/p>\n<p>El punto de partida de la Cabalgata \u00abAmigos de a caballo\u00bb ser\u00e1 en el Rancho El Herradero, ubicado en la Av. V\u00edctor Iturbe. La cabalgata concluir\u00e1 en el Lienzo Charro Miguel \u00abPrieto\u00bb Ibarr\u00eda de la Av. M\u00e9xico, muy cerca del Centro de Convenciones de Puerto Vallarta.<\/p>\n<p>All\u00ed se ofrecer\u00e1 una sabrosa taquiza para los que arriben al lienzo cabalgando, seguido de ello la invitaci\u00f3n para el p\u00fablico en general que se congregue a un jaripeo, con toros de reparo de percha, todo en un ambiente familiar.<\/p>\n<p>La primera Cabalgata \u00abAmigos de a caballo\u00bb promete una experiencia para disfrutar en familia, entre amigos y, por supuesto, entre caballos. \u00a1Prep\u00e1rate para una tarde inolvidable llena de ambiente charro, alegr\u00eda y convivencia!<\/p>\n<p>&nbsp;<\/p>\n<ul>\n<li><strong>Campeonato estatal charro de Nayarit<\/strong><\/li>\n<\/ul>\n<p>Desde la capital del mundo Cora, se reporta Temoc Bautista, encargado de la difusi\u00f3n de nuestro deporte en Nayarit, para invitar este s\u00e1bado y domingo al Campeonato Oficial y anual del estado de Nayarit, que se jugar\u00e1 en el lienzo charro El Dorado, organizado por la Uni\u00f3n de Asociaciones de Charros.<\/p>\n<p>El torneo ser\u00e1 en Memoria de un buen amigo Secundino \u00abCundo\u00bb Reyes Hern\u00e1ndez del Equipo Puente de Camotl\u00e1n Nayarit, quien falleciera el pasado mes de noviembre, esto de acuerdo a los acuerdos tomados en la Uni\u00f3n.<\/p>\n<p>Como es bien sabido la uni\u00f3n la preside el MVZ Juan Alberto Reynosa Mercado.<\/p>\n<p>La primera de las competencias, luego de la inauguraci\u00f3n oficial, ser\u00e1 a las 11 de la ma\u00f1ana, con la presencia de los escuadrones Charros de Tepic, Escuela de Charrer\u00eda \u201cManuel Delgado Rocha\u201d y Monta\u00f1a Negra.<\/p>\n<p>Para las 2:30 de la tarde, estar\u00e1n en brega, Los Dorados y los charros del Rancho San Rafael.<\/p>\n<p>Ya m\u00e1s tarde, veremos en acci\u00f3n a Puente de Camotl\u00e1n y a los charros del Marquezado, esas tres el s\u00e1bado.<\/p>\n<p>Para el domingo a las 11 de la ma\u00f1ana, Rancho El Encanto, Rancho La Ca\u00f1ada y Los Tres To\u00f1os. La ultima competencia ser\u00e1 a las 3 de a tarde, con Rancho El Armadillo, Valle de Matatipac y Rancho Los Toriles, la entrada ser\u00e1 libre y sin costo, as\u00ed que all\u00e1 nos esperan los charros nayaritas.<\/p>\n<p>Ac\u00e1 en la Costa de Nayarit, el estatal ser\u00e1 en el lienzo charro Ram\u00f3n Ibarr\u00eda Gonz\u00e1lez de Valle de Banderas, el fin de la semana entrante y ya les tendremos noticias.<\/p>\n<p>&nbsp;<\/p>\n<p><strong>Regionales de Nopala dice presente en Aguascalientes con 338 puntos<\/strong><\/p>\n<p>La diosa fortuna no estuvo presente en el inicio de las acciones del Campeonato Nacional Charro AA de la Feria Nacional de Aguascalientes, poca certeza en manganas a pie y a caballo para el grueso de los participantes y el l\u00edder alcanz\u00f3 el estrellato con seis lazos.<\/p>\n<p>Beto Morales nos platica que el hoy segundo lugar, no pudo a pie y a caballo s\u00f3lo una que los acerc\u00f3 a las tres centenas, pero pese a completar la suerte suprema no llegaron y tres unidades los separaron de la llamada franja de la excelencia.<\/p>\n<p>La tabla al momento indica que Regionales de Nopala San Jos\u00e9, est\u00e1 en la cima con 338, Aguascalientes JG 297, Rancho El Para\u00edso de Jalisco 249, Rancho El Amor del EdoMex 246, Guadalupana de Charros de Tijuana 234 y Charros de Austin Texas 157 unidades.<\/p>\n<p>El equip\u00f3 de jueces que determina las calificaciones en el evento coordinado por el comit\u00e9 organizador, encabezado por el PUA Gustavo Alberto Jim\u00e9nez Castillo, est\u00e1 integrado por Erik Esparza Ruvalcaba, Salvador G\u00f3mez Bautista, Jonatan L\u00f3pez Romo, Isa\u00edas Reyes Garc\u00e9s y Am\u00edlkar P\u00e9rez Rangel; los locutores del d\u00eda fueron don Pedro Gonz\u00e1lez de Loera y Panchito Poblano.<\/p>\n<p>Para ayer viernes hubo tres charreadas, a las 12 horas la Venancio Ugalde y Villa San Miguel, ambos del EdoMex y Rancho El Tr\u00e9bol de Aguascalientes; a las cuatro de la tarde La Espiga de Jilotepec RA, Regionales de Otatitl\u00e1n, Rancho La Gloria y Chalco 36 del Estado de M\u00e9xico.<\/p>\n<p>Por la noche cierran la jornada los Charros de Tecate Baja California Norte, Rancho El Potrillo de Aguascalientes, Charros AR de Guanajuato y Rancho Santa Elena de Chiapas; el comit\u00e9 organizador anuncia que el cierre de registros para el coleadero nacional del s\u00e1bado es a las dos a de la tarde del d\u00eda del evento, para poder realizar el sorteo. Ya les platicaremos\u2026<\/p>\n<p>&nbsp;<\/p>\n<p><strong>Pies de foto<\/strong><\/p>\n<p>Secundino Reyes ser\u00e1 recordado con el Campeonato Estatal que llevar\u00e1 su nombre<\/p>\n<p>&nbsp;<\/p>\n<p>La charrer\u00eda es 100 por ciento familiar y esta es una imagen com\u00fan en los lienzos charros<\/p>\n<p>&nbsp;<\/p>\n<p>Reparos de toro s\u00f3lo para expertos, es la muestra de este toro all\u00e1 en Aguascalientes.<\/p>\n<p>&nbsp;<\/p>\n<p>&nbsp;<\/p>\n<p>&nbsp;<\/p>\n<p>&nbsp;<\/p>\n<p>&nbsp;<\/p>\n<p>&nbsp;<\/p>\n<p>&nbsp;<\/p>\n<p>&nbsp;<\/p>\n<p>&nbsp;<\/p>\n<p>&nbsp;<\/p>\n<p>&nbsp;<\/p>\n<p>&nbsp;<\/p>\n<p>&nbsp;<\/p>\n<p>&nbsp;<\/p>\n<p>&nbsp;<\/p>\n<p>&nbsp;<\/p>\n","protected":false},"excerpt":{"rendered":"<p>El Comit\u00e9 de Fiestas de Mayo y los Charros de Vallarta invitan Este s\u00e1bado ser\u00e1 la primera Cabalgata \u00abAmigos de a caballo\u00bb, un recorrido lleno de orgullo, tradici\u00f3n y esp\u00edritu mexicano a realizarse este 3 de mayo a partir de las 3:00 de la tarde. El punto de partida de la Cabalgata \u00abAmigos de a [&hellip;]<\/p>\n","protected":false},"author":3,"featured_media":15136,"comment_status":"open","ping_status":"closed","sticky":false,"template":"","format":"standard","meta":{"footnotes":""},"categories":[157],"tags":[343,344,332,228,342,187],"class_list":["post-15135","post","type-post","status-publish","format-standard","has-post-thumbnail","hentry","category-charreria","tag-adan-leyva","tag-amigos-de-a-caballo","tag-cabalgata","tag-entre-piales-y-manganas","tag-fiestas-de-mayo","tag-puerto-vallarta"],"_links":{"self":[{"href":"https:\/\/noticiasal.com.mx\/index.php\/wp-json\/wp\/v2\/posts\/15135"}],"collection":[{"href":"https:\/\/noticiasal.com.mx\/index.php\/wp-json\/wp\/v2\/posts"}],"about":[{"href":"https:\/\/noticiasal.com.mx\/index.php\/wp-json\/wp\/v2\/types\/post"}],"author":[{"embeddable":true,"href":"https:\/\/noticiasal.com.mx\/index.php\/wp-json\/wp\/v2\/users\/3"}],"replies":[{"embeddable":true,"href":"https:\/\/noticiasal.com.mx\/index.php\/wp-json\/wp\/v2\/comments?post=15135"}],"version-history":[{"count":1,"href":"https:\/\/noticiasal.com.mx\/index.php\/wp-json\/wp\/v2\/posts\/15135\/revisions"}],"predecessor-version":[{"id":15137,"href":"https:\/\/noticiasal.com.mx\/index.php\/wp-json\/wp\/v2\/posts\/15135\/revisions\/15137"}],"wp:featuredmedia":[{"embeddable":true,"href":"https:\/\/noticiasal.com.mx\/index.php\/wp-json\/wp\/v2\/media\/15136"}],"wp:attachment":[{"href":"https:\/\/noticiasal.com.mx\/index.php\/wp-json\/wp\/v2\/media?parent=15135"}],"wp:term":[{"taxonomy":"category","embeddable":true,"href":"https:\/\/noticiasal.com.mx\/index.php\/wp-json\/wp\/v2\/categories?post=15135"},{"taxonomy":"post_tag","embeddable":true,"href":"https:\/\/noticiasal.com.mx\/index.php\/wp-json\/wp\/v2\/tags?post=15135"}],"curies":[{"name":"wp","href":"https:\/\/api.w.org\/{rel}","templated":true}]}}