{"id":15148,"date":"2025-05-03T13:43:56","date_gmt":"2025-05-03T13:43:56","guid":{"rendered":"https:\/\/noticiasal.com.mx\/?p=15148"},"modified":"2025-05-03T13:43:56","modified_gmt":"2025-05-03T13:43:56","slug":"mexico-cae-tres-escanos-en-el-indice-de-libertad-de-prensa-rsf","status":"publish","type":"post","link":"https:\/\/noticiasal.com.mx\/index.php\/2025\/05\/03\/mexico-cae-tres-escanos-en-el-indice-de-libertad-de-prensa-rsf\/","title":{"rendered":"M\u00e9xico cae tres esca\u00f1os en el \u00edndice de Libertad de Prensa: RSF"},"content":{"rendered":"<ul>\n<li><strong>M\u00e9xico descendi\u00f3 tres posiciones en la Clasificaci\u00f3n Mundial de Libertad de Prensa 2025 elaborada por Reporteros Sin Fronteras (RSF) de 2025 al pasar del puesto 121 al 124 .<\/strong><\/li>\n<\/ul>\n<p>El descenso resulta preocupante porque\u00a0<strong>M\u00e9xico se mantiene como el pa\u00eds sin guerra m\u00e1s peligroso\u00a0<\/strong>para ejercer el periodismo en Am\u00e9rica Latina, debido, principalmente, a la \u201ccreciente fragilidad de su ecosistema medi\u00e1tico\u201d.<\/p>\n<p>De acuerdo con el informe anual de Reporteros Sin Fronteras (RSF), M\u00e9xico, donde seg\u00fan la organizaci\u00f3n,\u00a0<strong>desde 2019 se han asesinado a 37 periodistas,<\/strong>\u00a0se ubic\u00f3 en el lugar 124 de 180 pa\u00edses y territorios en la clasificaci\u00f3n mundial de la Libertad de Prensa.<\/p>\n<p>Adem\u00e1s,\u00a0<strong>M\u00e9xico registra la cuarta mayor ca\u00edda del indicador econ\u00f3mico en Latinoam\u00e9rica,\u00a0<\/strong>se\u00f1al\u00f3 el documento.<\/p>\n<p>Desde hace a\u00f1os, M\u00e9xico figura entre los pa\u00edses con m\u00e1s periodistas asesinados en el mundo, incluso en los \u00faltimos a\u00f1os RSF ha advertido de c\u00f3mo la\u00a0<strong>colusi\u00f3n entre autoridades y el crimen organizado<\/strong>\u00a0se ha convertido en una \u201cgrave amenaza\u201d contra los periodistas.<\/p>\n<p>Adem\u00e1s de que los comunicadores que cubren temas sensibles sobre pol\u00edtica o relacionados con el crimen, especialmente a nivel local,\u00a0<strong>son blanco de advertencias y amenazas,\u00a0<\/strong>que en algunas ocasiones terminan asesinados, secuestrados o exiliados en el extranjero.<\/p>\n<p>Durante el gobierno del presidente Andr\u00e9s Manuel L\u00f3pez Obrador, RSF advirti\u00f3 sobre una<strong>\u00a0ret\u00f3rica \u201cviolenta\u201d y \u201cestigmatizante\u201d contra los periodistas,\u00a0<\/strong>especialmente a trav\u00e9s de la secci\u00f3n \u201d\u00bfQui\u00e9n es qui\u00e9n en las mentiras de la semana?\u201d, durante las conferencias presidenciales.<\/p>\n<p>Si bien, la actual presidenta de M\u00e9xico, Claudia Sheinbaum Pardo, firm?? en 2024, todav\u00eda como candidata presidencial, el compromiso en defensa de la libertad de prensa con RSF, durante sus conferencias matutinas tambi\u00e9n cuenta con el espacio \u201ddetector de mentiras\u201d, seg\u00fan ella, con el objetivo de desmontar, con datos y evidencia verificable, rumores e informaci\u00f3n publicada en medios.<\/p>\n<p>De acuerdo con el recuento de RSF,<strong>\u00a0desde el a\u00f1o 2000 y hasta el 2024,<\/strong>\u00a0cerca de 150 periodistas han sido asesinados y 28 han desaparecido en M\u00e9xico.<\/p>\n<blockquote><p>En cuanto a la situaci\u00f3n global, RSF advierte que la libertad de prensa enfrenta un panorama \u201cdif\u00edcil\u201d e indica que<strong>\u00a0ejercer el periodismo es complicado<\/strong>\u00a0o muy grave en m\u00e1s de la mitad de las naciones analizadas. El gran responsable de este deterioro es el indicador econ\u00f3mico<\/p><\/blockquote>\n<p>Fuente: <a href=\"https:\/\/periodismohoy.com\/mexico-cae-tres-escanos-en-el-indice-de-libertad-de-prensa-rsf\/\" target=\"_blank\" rel=\"noopener\">Periodismo Hoy<\/a><\/p>\n","protected":false},"excerpt":{"rendered":"<p>M\u00e9xico descendi\u00f3 tres posiciones en la Clasificaci\u00f3n Mundial de Libertad de Prensa 2025 elaborada por Reporteros Sin Fronteras (RSF) de 2025 al pasar del puesto 121 al 124 . El descenso resulta preocupante porque\u00a0M\u00e9xico se mantiene como el pa\u00eds sin guerra m\u00e1s peligroso\u00a0para ejercer el periodismo en Am\u00e9rica Latina, debido, principalmente, a la \u201ccreciente fragilidad [&hellip;]<\/p>\n","protected":false},"author":9,"featured_media":15149,"comment_status":"open","ping_status":"closed","sticky":false,"template":"","format":"standard","meta":{"footnotes":""},"categories":[149],"tags":[350,185,351],"class_list":["post-15148","post","type-post","status-publish","format-standard","has-post-thumbnail","hentry","category-mundo","tag-libertad-de-prensa","tag-mexico","tag-reporteros-sin-fronteras"],"_links":{"self":[{"href":"https:\/\/noticiasal.com.mx\/index.php\/wp-json\/wp\/v2\/posts\/15148"}],"collection":[{"href":"https:\/\/noticiasal.com.mx\/index.php\/wp-json\/wp\/v2\/posts"}],"about":[{"href":"https:\/\/noticiasal.com.mx\/index.php\/wp-json\/wp\/v2\/types\/post"}],"author":[{"embeddable":true,"href":"https:\/\/noticiasal.com.mx\/index.php\/wp-json\/wp\/v2\/users\/9"}],"replies":[{"embeddable":true,"href":"https:\/\/noticiasal.com.mx\/index.php\/wp-json\/wp\/v2\/comments?post=15148"}],"version-history":[{"count":1,"href":"https:\/\/noticiasal.com.mx\/index.php\/wp-json\/wp\/v2\/posts\/15148\/revisions"}],"predecessor-version":[{"id":15150,"href":"https:\/\/noticiasal.com.mx\/index.php\/wp-json\/wp\/v2\/posts\/15148\/revisions\/15150"}],"wp:featuredmedia":[{"embeddable":true,"href":"https:\/\/noticiasal.com.mx\/index.php\/wp-json\/wp\/v2\/media\/15149"}],"wp:attachment":[{"href":"https:\/\/noticiasal.com.mx\/index.php\/wp-json\/wp\/v2\/media?parent=15148"}],"wp:term":[{"taxonomy":"category","embeddable":true,"href":"https:\/\/noticiasal.com.mx\/index.php\/wp-json\/wp\/v2\/categories?post=15148"},{"taxonomy":"post_tag","embeddable":true,"href":"https:\/\/noticiasal.com.mx\/index.php\/wp-json\/wp\/v2\/tags?post=15148"}],"curies":[{"name":"wp","href":"https:\/\/api.w.org\/{rel}","templated":true}]}}