{"id":15292,"date":"2025-05-14T02:33:04","date_gmt":"2025-05-14T02:33:04","guid":{"rendered":"https:\/\/noticiasal.com.mx\/?p=15292"},"modified":"2025-05-14T02:33:04","modified_gmt":"2025-05-14T02:33:04","slug":"sismo-de-5-8-remece-cihuatlan-puerto-vallarta-y-cabo-corrientes-en-jalisco","status":"publish","type":"post","link":"https:\/\/noticiasal.com.mx\/index.php\/2025\/05\/14\/sismo-de-5-8-remece-cihuatlan-puerto-vallarta-y-cabo-corrientes-en-jalisco\/","title":{"rendered":"Sismo de 5.8 remece Cihuatl\u00e1n, Puerto Vallarta y Cabo Corrientes en Jalisco"},"content":{"rendered":"<ul>\n<li class=\"teaser\">Un sismo de magnitud 5.8 remeci\u00f3 Cihuatl\u00e1n, Puerto Vallarta y Cabo Corrientes en el estado de Jalisco, de acuerdo a Protecci\u00f3n Civil estatal.<\/li>\n<\/ul>\n<p>Un\u00a0<a href=\"https:\/\/www.excelsior.com.mx\/sismo\" target=\"_blank\" rel=\"noopener\"><strong>sismo de magnitud 5.8<\/strong><\/a>\u00a0remeci\u00f3 Cihuatl\u00e1n, Puerto Vallarta y Cabo Corrientes en el estado de\u00a0<strong>Jalisco,<\/strong>\u00a0de acuerdo a Protecci\u00f3n Civil estatal.<\/p>\n<p>M\u00e9xico es un pa\u00eds altamente s\u00edsmico por su ubicaci\u00f3n geogr\u00e1fica y es debido a ello que todos los d\u00edas se registran temblores de baja magnitud y otros que activan la alerta s\u00edsmica, aqu\u00ed te explicamos a qu\u00e9 hora fue el \u00faltimo sismo hoy 13 de mayo de 2025.<\/p>\n<p>El Servicio Sismol\u00f3gico Nacional (SSN) detall\u00f3 que el sismo fue a las 14:43 horas con epicentro a 275 kil\u00f3metros al oeste de Cihuatl\u00e1n, Jalisco; el temblor fue de magnitud 5.8 y se produjo a 5 kil\u00f3metros de profundidad.<\/p>\n<p>Protecci\u00f3n Civil de Jalisco se\u00f1al\u00f3 que de manera preliminar no se reportan afectaciones.<\/p>\n<blockquote class=\"twitter-tweet\">\n<p dir=\"ltr\" lang=\"ca\">SISMO Magnitud 5.8 Loc 275 km al OESTE de CIHUATLAN, JAL 13\/05\/25 14:43:06 Lat 18.77 Lon -107.13 Pf 5 km <a href=\"https:\/\/t.co\/CoXnh1w7WS\">pic.twitter.com\/CoXnh1w7WS<\/a><\/p>\n<p>\u2014 Sismol\u00f3gico Nacional (@SSNMexico) <a href=\"https:\/\/twitter.com\/SSNMexico\/status\/1922397971150254524?ref_src=twsrc%5Etfw\">May 13, 2025<\/a><\/p><\/blockquote>\n<p><script async src=\"https:\/\/platform.twitter.com\/widgets.js\" charset=\"utf-8\"><\/script><\/p>\n","protected":false},"excerpt":{"rendered":"<p>Un sismo de magnitud 5.8 remeci\u00f3 Cihuatl\u00e1n, Puerto Vallarta y Cabo Corrientes en el estado de Jalisco, de acuerdo a Protecci\u00f3n Civil estatal. Un\u00a0sismo de magnitud 5.8\u00a0remeci\u00f3 Cihuatl\u00e1n, Puerto Vallarta y Cabo Corrientes en el estado de\u00a0Jalisco,\u00a0de acuerdo a Protecci\u00f3n Civil estatal. M\u00e9xico es un pa\u00eds altamente s\u00edsmico por su ubicaci\u00f3n geogr\u00e1fica y es debido [&hellip;]<\/p>\n","protected":false},"author":3,"featured_media":15293,"comment_status":"open","ping_status":"closed","sticky":false,"template":"","format":"standard","meta":{"footnotes":""},"categories":[158],"tags":[178,187,399],"class_list":["post-15292","post","type-post","status-publish","format-standard","has-post-thumbnail","hentry","category-region","tag-jalisco","tag-puerto-vallarta","tag-sismo"],"_links":{"self":[{"href":"https:\/\/noticiasal.com.mx\/index.php\/wp-json\/wp\/v2\/posts\/15292"}],"collection":[{"href":"https:\/\/noticiasal.com.mx\/index.php\/wp-json\/wp\/v2\/posts"}],"about":[{"href":"https:\/\/noticiasal.com.mx\/index.php\/wp-json\/wp\/v2\/types\/post"}],"author":[{"embeddable":true,"href":"https:\/\/noticiasal.com.mx\/index.php\/wp-json\/wp\/v2\/users\/3"}],"replies":[{"embeddable":true,"href":"https:\/\/noticiasal.com.mx\/index.php\/wp-json\/wp\/v2\/comments?post=15292"}],"version-history":[{"count":1,"href":"https:\/\/noticiasal.com.mx\/index.php\/wp-json\/wp\/v2\/posts\/15292\/revisions"}],"predecessor-version":[{"id":15294,"href":"https:\/\/noticiasal.com.mx\/index.php\/wp-json\/wp\/v2\/posts\/15292\/revisions\/15294"}],"wp:featuredmedia":[{"embeddable":true,"href":"https:\/\/noticiasal.com.mx\/index.php\/wp-json\/wp\/v2\/media\/15293"}],"wp:attachment":[{"href":"https:\/\/noticiasal.com.mx\/index.php\/wp-json\/wp\/v2\/media?parent=15292"}],"wp:term":[{"taxonomy":"category","embeddable":true,"href":"https:\/\/noticiasal.com.mx\/index.php\/wp-json\/wp\/v2\/categories?post=15292"},{"taxonomy":"post_tag","embeddable":true,"href":"https:\/\/noticiasal.com.mx\/index.php\/wp-json\/wp\/v2\/tags?post=15292"}],"curies":[{"name":"wp","href":"https:\/\/api.w.org\/{rel}","templated":true}]}}