{"id":15397,"date":"2025-05-22T02:48:58","date_gmt":"2025-05-22T02:48:58","guid":{"rendered":"https:\/\/noticiasal.com.mx\/?p=15397"},"modified":"2025-05-22T02:48:58","modified_gmt":"2025-05-22T02:48:58","slug":"escuela-recien-rehabilitada-en-vallarta-inconclusa-menores-padecen-fallas-electricas-y-drenaje","status":"publish","type":"post","link":"https:\/\/noticiasal.com.mx\/index.php\/2025\/05\/22\/escuela-recien-rehabilitada-en-vallarta-inconclusa-menores-padecen-fallas-electricas-y-drenaje\/","title":{"rendered":"Escuela reci\u00e9n rehabilitada en Vallarta; inconclusa, menores padecen fallas el\u00e9ctricas y drenaje"},"content":{"rendered":"<ul>\n<li>Padres de familia se manifestaran a las afueras de la escuela este jueves 22 de Mayo para exigir soluci\u00f3n 2pm<\/li>\n<\/ul>\n<p>Padres de familia de los estudiantes de la escuela\u00a0 Constituci\u00f3n del turno matutino y Benito Ju\u00e1rez del turno vespertino ubicada en la colonia Villa de Guadalupe, exigen la intervenci\u00f3n urgentes de autoridades, solicitan se les arregle el tema de electricidad, pues aseguran que desde su remodelaci\u00f3n y entrega el pasado 07 de mayo del presente a\u00f1o, los estudiantes acuden a clases soportando altas temperaturas ante la falta de ventiladores o aires acondicionados.<\/p>\n<blockquote><p>Tampoco cuentan con ba\u00f1os aptos para los menores, algunos por las inconsistencias en los detalles de la obra, en general padres de familia aseguran que las instalaciones no son seguras.<\/p><\/blockquote>\n<p><img loading=\"lazy\" decoding=\"async\" class=\"blazy size-medium wp-image-15399 alignleft\" src=\"https:\/\/noticiasal.com.mx\/wp-content\/themes\/news\/assets\/images\/picture_placeholder_list.jpg\" data-src=\"https:\/\/noticiasal.com.mx\/wp-content\/uploads\/2025\/05\/500364663_1464334188255780_2315517212533144634_n-225x300.jpg\" alt=\"\" width=\"225\" height=\"300\" \/><noscript><img loading=\"lazy\" decoding=\"async\" class=\"size-medium wp-image-15399 alignleft\" src=\"https:\/\/noticiasal.com.mx\/wp-content\/uploads\/2025\/05\/500364663_1464334188255780_2315517212533144634_n-225x300.jpg\" alt=\"\" width=\"225\" height=\"300\" srcset=\"https:\/\/noticiasal.com.mx\/wp-content\/uploads\/2025\/05\/500364663_1464334188255780_2315517212533144634_n-225x300.jpg 225w, https:\/\/noticiasal.com.mx\/wp-content\/uploads\/2025\/05\/500364663_1464334188255780_2315517212533144634_n-768x1024.jpg 768w, https:\/\/noticiasal.com.mx\/wp-content\/uploads\/2025\/05\/500364663_1464334188255780_2315517212533144634_n.jpg 1080w\" sizes=\"(max-width: 225px) 100vw, 225px\" \/><\/noscript>Una comitiva acudi\u00f3 hasta la DERSE Delegaci\u00f3n Regional de la Secretar\u00eda de Educaci\u00f3n de la sierra costa de Jalisco con sede en Puerto Vallarta, donde indicaron el director responsable es el turno de la ma\u00f1ana H\u00e9ctor Ib\u00e1\u00f1ez, quien recibi\u00f3 y firmo la obra, valorando estaba en optimas condiciones, por lo que ante la negatividad del director por solucionar el problema, este jueves 22 de mayo a las 2 pm se manifestar\u00e1n a las afueras del plantel para que sean escuchados y sus hijos puedan asistir a una escuela digna o por lo menos con las necesidades b\u00e1sicas.<\/p>\n<p>Mientras tanto el gobernador del estado Pablo Lemus anunci\u00f3 a principios del 2025 el proyecto para rehabilitar y modernizar escuelas publicas en el estado, con el objetivo de mejorar las condiciones de aprendizaje y garantizar la seguridad de los estudiantes<span data-huuid=\"719962393591976549\">.\u00a0<\/span><span data-huuid=\"719962393591976132\">Se estima que durante este a\u00f1o se rehabilitar\u00e1n m\u00e1s de 800 escuelas.<\/span><\/p>\n","protected":false},"excerpt":{"rendered":"<p>Padres de familia se manifestaran a las afueras de la escuela este jueves 22 de Mayo para exigir soluci\u00f3n 2pm Padres de familia de los estudiantes de la escuela\u00a0 Constituci\u00f3n del turno matutino y Benito Ju\u00e1rez del turno vespertino ubicada en la colonia Villa de Guadalupe, exigen la intervenci\u00f3n urgentes de autoridades, solicitan se les [&hellip;]<\/p>\n","protected":false},"author":3,"featured_media":15398,"comment_status":"open","ping_status":"closed","sticky":false,"template":"","format":"standard","meta":{"footnotes":""},"categories":[159],"tags":[429,187,430],"class_list":["post-15397","post","type-post","status-publish","format-standard","has-post-thumbnail","hentry","category-puerto-vallarta","tag-condiciones","tag-puerto-vallarta","tag-sin-electricidad"],"_links":{"self":[{"href":"https:\/\/noticiasal.com.mx\/index.php\/wp-json\/wp\/v2\/posts\/15397"}],"collection":[{"href":"https:\/\/noticiasal.com.mx\/index.php\/wp-json\/wp\/v2\/posts"}],"about":[{"href":"https:\/\/noticiasal.com.mx\/index.php\/wp-json\/wp\/v2\/types\/post"}],"author":[{"embeddable":true,"href":"https:\/\/noticiasal.com.mx\/index.php\/wp-json\/wp\/v2\/users\/3"}],"replies":[{"embeddable":true,"href":"https:\/\/noticiasal.com.mx\/index.php\/wp-json\/wp\/v2\/comments?post=15397"}],"version-history":[{"count":1,"href":"https:\/\/noticiasal.com.mx\/index.php\/wp-json\/wp\/v2\/posts\/15397\/revisions"}],"predecessor-version":[{"id":15400,"href":"https:\/\/noticiasal.com.mx\/index.php\/wp-json\/wp\/v2\/posts\/15397\/revisions\/15400"}],"wp:featuredmedia":[{"embeddable":true,"href":"https:\/\/noticiasal.com.mx\/index.php\/wp-json\/wp\/v2\/media\/15398"}],"wp:attachment":[{"href":"https:\/\/noticiasal.com.mx\/index.php\/wp-json\/wp\/v2\/media?parent=15397"}],"wp:term":[{"taxonomy":"category","embeddable":true,"href":"https:\/\/noticiasal.com.mx\/index.php\/wp-json\/wp\/v2\/categories?post=15397"},{"taxonomy":"post_tag","embeddable":true,"href":"https:\/\/noticiasal.com.mx\/index.php\/wp-json\/wp\/v2\/tags?post=15397"}],"curies":[{"name":"wp","href":"https:\/\/api.w.org\/{rel}","templated":true}]}}