{"id":15401,"date":"2025-05-22T16:24:24","date_gmt":"2025-05-22T16:24:24","guid":{"rendered":"https:\/\/noticiasal.com.mx\/?p=15401"},"modified":"2025-05-22T16:24:30","modified_gmt":"2025-05-22T16:24:30","slug":"cada-vez-hay-mas-gente-harta-de-estar-pegada-al-celular","status":"publish","type":"post","link":"https:\/\/noticiasal.com.mx\/index.php\/2025\/05\/22\/cada-vez-hay-mas-gente-harta-de-estar-pegada-al-celular\/","title":{"rendered":"Cada vez hay m\u00e1s gente harta de estar pegada al celular"},"content":{"rendered":"<header class=\"sgeegmk\">\n<ul>\n<li class=\"teaser-text s1811lbz t1qen3t4 m1km9ap7 wgx1hx2 b1ho1h07\">Seg\u00fan una encuesta, casi la mitad de los j\u00f3venes preferir\u00eda vivir sin internet. Una reciente iniciativa en Instagram promueve la desconexi\u00f3n del celular.<\/li>\n<\/ul>\n<\/header>\n<section class=\"s75t7t0 hh5424a in-line closed\" data-tracking-name=\"sharing-icons-inline\">\n<div class=\"always-visible\">\n<div class=\"more-icon icon t1ax1i04 b1yws3tm cx4rgdt ih9bob8 seipclg wgx1hx2 b1ho1h07\" tabindex=\"0\" title=\"Mostrar m\u00e1s aplicaciones\" role=\"button\" aria-expanded=\"false\">\n<p>La cuenta de\u00a0<a class=\"internal-link\" href=\"https:\/\/www.dw.com\/es\/instagram\/t-38819598\">Instagram<\/a>\u00a0\u00abThe\u00a0Offline Club\u00bb tiene casi 530.000 seguidores. Parece casi un contrasentido, ya que su objetivo\u00a0es alejarse conscientemente de las redes sociales, incluido Instagram. Dirigir esta cuenta es \u00abextra\u00f1o\u00bb, dicen en su autopresentaci\u00f3n los fundadores, Jordy, Ilya y Valentijn, tres j\u00f3venes holandeses que quieren utilizar \u00abThe Offline Club\u00bb para \u00abdevolver la humanidad a la sociedad actual, aislada y obsesionada con las pantallas\u00bb, seg\u00fan escriben en ingl\u00e9s.<\/p>\n<blockquote><p>Desde hace un a\u00f1o, organizan reuniones con personas de ideas afines, en las que se prescinde de\u00a0<a class=\"internal-link\" href=\"https:\/\/www.dw.com\/es\/celular\/t-40877793\">tel\u00e9fonos inteligentes<\/a>\u00a0y computadoras port\u00e1tiles. \u00ab\u00bfEst\u00e1s listo para deshacerte de tu tel\u00e9fono?\u00bb, reza uno de sus\u00a0<em>reels<\/em>.<\/p><\/blockquote>\n<p>Y, al parecer, cada vez m\u00e1s gente est\u00e1 dispuesta a desconectar de su celular, al menos en el marco de \u00abThe Offline Club\u00bb. Normalmente, s\u00f3lo durante unas horas, pero, a veces, pueden ser varios d\u00edas. En lugar de mirar todo el rato sus\u00a0<em>smartphones<\/em>, la gente lee, juega, hace manualidades o se relaja en las reuniones. Pr\u00e1cticamente igual que en la \u00e9poca en la que no exist\u00edan los tel\u00e9fonos m\u00f3viles.<\/p>\n<p>El concepto, originario de los Pa\u00edses Bajos, se ha extendido por todo el mundo en un a\u00f1o. \u00c1msterdam fue una de las primeras sedes. M\u00e1s tarde se agregaron Londres, Par\u00eds, Mil\u00e1n y Copenhague. Tambi\u00e9n en Alemania ha habido reuniones de este tipo y aumentan iniciativas similares en restaurantes o clubes, donde se pide a los clientes que dejen el m\u00f3vil en casa.<\/p>\n<div class=\"render-container rich-text-ad\"><img loading=\"lazy\" decoding=\"async\" class=\"blazy alignnone wp-image-15404 size-large\" src=\"https:\/\/noticiasal.com.mx\/wp-content\/themes\/news\/assets\/images\/picture_placeholder_list.jpg\" data-src=\"https:\/\/noticiasal.com.mx\/wp-content\/uploads\/2025\/05\/cel-1024x576.jpg\" alt=\"\" width=\"600\" height=\"338\" \/><noscript><img loading=\"lazy\" decoding=\"async\" class=\"alignnone wp-image-15404 size-large\" src=\"https:\/\/noticiasal.com.mx\/wp-content\/uploads\/2025\/05\/cel-1024x576.jpg\" alt=\"\" width=\"600\" height=\"338\" srcset=\"https:\/\/noticiasal.com.mx\/wp-content\/uploads\/2025\/05\/cel-1024x576.jpg 1024w, https:\/\/noticiasal.com.mx\/wp-content\/uploads\/2025\/05\/cel-300x169.jpg 300w, https:\/\/noticiasal.com.mx\/wp-content\/uploads\/2025\/05\/cel-768x432.jpg 768w, https:\/\/noticiasal.com.mx\/wp-content\/uploads\/2025\/05\/cel.jpg 1110w\" sizes=\"(max-width: 600px) 100vw, 600px\" \/><\/noscript><\/div>\n<h2>Siempre online, te guste o no<\/h2>\n<p>Con los clubes\u00a0<em>offline<\/em>, los fundadores parecen haber dado en el clavo. A los j\u00f3venes les suele costar desconectar, a pesar de todos los ajustes disponibles en sus tel\u00e9fonos m\u00f3viles para limitar el tiempo que pasan conectados. Ni siquiera el regreso del buen tel\u00e9fono plegable sin aplicaciones, el \u00abtel\u00e9fono aburrido\u00bb, ha logrado desplazar seriamente a los\u00a0<em>smartphones<\/em>\u00a0, aunque haya sido muy\u00a0celebrado en las redes sociales.<\/p>\n<p>Seg\u00fan cifras de la asociaci\u00f3n alemana\u00a0<a class=\"external-link\" title=\"Enlace externo \u2014 bitkom\" href=\"https:\/\/www.bitkom.org\/Presse\/Presseinformation\/Durchschnittliche-Smartphone-Nutzung-pro-Tag\" target=\"_blank\" rel=\"noopener nofollow\">bitkom<\/a>, a finales de 2024, los j\u00f3venes de 16 a 29 a\u00f1os pasaban m\u00e1s de tres horas al d\u00eda con sus\u00a0<em>smartphones<\/em>, lo que supone el mayor tiempo de uso de todos los grupos de edad.<\/p>\n<h2>Casi la mitad hubiera preferido\u00a0un mundo sin Internet<\/h2>\n<p>A muchos j\u00f3venes les gustar\u00eda pasar bastante menos tiempo con sus tel\u00e9fonos inteligentes. Seg\u00fan una nueva encuesta de la organizaci\u00f3n brit\u00e1nica de servicios British Standards Institution, casi el 70 por ciento de los j\u00f3venes de 16 a 21 a\u00f1os aseguran sentirse peor cuando pasan tiempo en las redes sociales.<\/p>\n<p>Por ello, la mitad estar\u00eda a favor de un \u00abtoque de queda digital\u00bb que restringiera el acceso a determinadas aplicaciones y sitios web despu\u00e9s de las 10 de la noche. El 46 por ciento incluso declar\u00f3 que hubiera preferido ser joven en un mundo sin Internet.<\/p>\n<p>En el estudio participaron 1.293 j\u00f3venes. Los resultados est\u00e1n en sinton\u00eda con otras encuestas, como la realizada por el instituto demosc\u00f3pico estadounidense Harris Polls a finales de 2024, en la que muchos j\u00f3venes expresaron su deseo de que Tiktok, Instagram o X nunca se hubieran inventado.<\/p>\n<h2>\u00bfC\u00f3mo protege la pol\u00edtica?<\/h2>\n<p>Es probable que esto tambi\u00e9n sirva de acicate para algunos pol\u00edticos, aunque sus esfuerzos parezcan m\u00e1s bien t\u00edmidos ante las fuertes demandas de algunos j\u00f3venes. Seg\u00fan public\u00f3 el martes (20.5.2025) el diario brit\u00e1nico\u00a0<em>Guardian<\/em>, el ministro de Tecnolog\u00eda de Reino Unido, Peter Kyle, insinu\u00f3 la posibilidad de estudiar toques de queda obligatorios. Noruega quiere elevar el l\u00edmite de edad para el uso de las redes sociales de 13 a 15 a\u00f1os.<\/p>\n<p>A finales de 2024, Australia elev\u00f3 el l\u00edmite de edad hasta los 16 a\u00f1os, siendo pionera a nivel mundial. Otros pa\u00edses, como Dinamarca, por ejemplo, est\u00e1n cambiando sus pol\u00edticas escolares y prohibiendo casi por completo las tablets\u00a0y los tel\u00e9fonos inteligentes en el patio de los colegios.<\/p>\n<h2>\u00bfDeprimidos por el celular?<\/h2>\n<p>El uso excesivo de tel\u00e9fonos inteligentes se asocia actualmente a\u00a0<a class=\"internal-link\" href=\"https:\/\/www.dw.com\/es\/adolescencia-y-salud-mental-basta-con-prohibir-el-celular\/a-72146735\">diversos problemas de salud mental<\/a>, como depresi\u00f3n, ansiedad, estr\u00e9s, trastornos del sue\u00f1o y conductas adictivas.<\/p>\n<p>En un estudio publicado a principios de este a\u00f1o en la revista\u00a0<em>BMC Medicine<\/em>, por ejemplo, los s\u00edntomas depresivos disminuyeron un 27 por ciento tras tres semanas de uso reducido del\u00a0<em>smartphone<\/em>. Seg\u00fan la OCDE, la salud mental de los j\u00f3venes se ha deteriorado dr\u00e1sticamente en los \u00faltimos 15 a\u00f1os. Una tendencia que se ha visto exacerbada por la pandemia.<\/p>\n<p>En este periodo, tambi\u00e9n se ha producido un enorme aumento del uso de los medios de comunicaci\u00f3n. Sin embargo, seg\u00fan la OCDE, la investigaci\u00f3n a\u00fan no ha podido demostrar una causalidad clara entre estos acontecimientos.<\/p>\n<p>Lo que quieren los fundadores de \u00abThe Offline Club\u00bb es actuar ya y ampliar sus reuniones. En un encuentro celebrado en Londres a principios de abril, m\u00e1s de 1.000 personas apagaron sus tel\u00e9fonos m\u00f3viles y sonrieron alegremente a la c\u00e1mara. Un nuevo r\u00e9cord, declararon orgullosos los organizadores en Instagram, por supuesto.<\/p>\n<p>Fuente <a href=\"https:\/\/www.dw.com\/es\/cada-vez-hay-m%C3%A1s-gente-harta-de-estar-pegada-al-celular\/a-72627147\" target=\"_blank\" rel=\"noopener\">DW<\/a><\/p>\n<\/div>\n<\/div>\n<\/section>\n","protected":false},"excerpt":{"rendered":"<p>Seg\u00fan una encuesta, casi la mitad de los j\u00f3venes preferir\u00eda vivir sin internet. Una reciente iniciativa en Instagram promueve la desconexi\u00f3n del celular. La cuenta de\u00a0Instagram\u00a0\u00abThe\u00a0Offline Club\u00bb tiene casi 530.000 seguidores. Parece casi un contrasentido, ya que su objetivo\u00a0es alejarse conscientemente de las redes sociales, incluido Instagram. Dirigir esta cuenta es \u00abextra\u00f1o\u00bb, dicen en su [&hellip;]<\/p>\n","protected":false},"author":9,"featured_media":15405,"comment_status":"open","ping_status":"closed","sticky":false,"template":"","format":"standard","meta":{"footnotes":""},"categories":[160],"tags":[434,432,433,431],"class_list":["post-15401","post","type-post","status-publish","format-standard","has-post-thumbnail","hentry","category-salud","tag-depresion","tag-estudio","tag-jovenes","tag-uso-pantallas"],"_links":{"self":[{"href":"https:\/\/noticiasal.com.mx\/index.php\/wp-json\/wp\/v2\/posts\/15401"}],"collection":[{"href":"https:\/\/noticiasal.com.mx\/index.php\/wp-json\/wp\/v2\/posts"}],"about":[{"href":"https:\/\/noticiasal.com.mx\/index.php\/wp-json\/wp\/v2\/types\/post"}],"author":[{"embeddable":true,"href":"https:\/\/noticiasal.com.mx\/index.php\/wp-json\/wp\/v2\/users\/9"}],"replies":[{"embeddable":true,"href":"https:\/\/noticiasal.com.mx\/index.php\/wp-json\/wp\/v2\/comments?post=15401"}],"version-history":[{"count":2,"href":"https:\/\/noticiasal.com.mx\/index.php\/wp-json\/wp\/v2\/posts\/15401\/revisions"}],"predecessor-version":[{"id":15407,"href":"https:\/\/noticiasal.com.mx\/index.php\/wp-json\/wp\/v2\/posts\/15401\/revisions\/15407"}],"wp:featuredmedia":[{"embeddable":true,"href":"https:\/\/noticiasal.com.mx\/index.php\/wp-json\/wp\/v2\/media\/15405"}],"wp:attachment":[{"href":"https:\/\/noticiasal.com.mx\/index.php\/wp-json\/wp\/v2\/media?parent=15401"}],"wp:term":[{"taxonomy":"category","embeddable":true,"href":"https:\/\/noticiasal.com.mx\/index.php\/wp-json\/wp\/v2\/categories?post=15401"},{"taxonomy":"post_tag","embeddable":true,"href":"https:\/\/noticiasal.com.mx\/index.php\/wp-json\/wp\/v2\/tags?post=15401"}],"curies":[{"name":"wp","href":"https:\/\/api.w.org\/{rel}","templated":true}]}}