{"id":15408,"date":"2025-05-22T16:31:50","date_gmt":"2025-05-22T16:31:50","guid":{"rendered":"https:\/\/noticiasal.com.mx\/?p=15408"},"modified":"2025-05-22T16:31:50","modified_gmt":"2025-05-22T16:31:50","slug":"barrichello-checo-era-el-indicado-para-ser-piloto-de-red-bull","status":"publish","type":"post","link":"https:\/\/noticiasal.com.mx\/index.php\/2025\/05\/22\/barrichello-checo-era-el-indicado-para-ser-piloto-de-red-bull\/","title":{"rendered":"Barrichello: &#8216;Checo era el indicado para ser piloto de Red Bull&#8217;"},"content":{"rendered":"<ul>\n<li>El expiloto brasile\u00f1o, Rubens Barrichello, cambi\u00f3 de opini\u00f3n sobre Sergio P\u00e9rez a quien primero critic\u00f3, pero despu\u00e9s alab\u00f3 por su desempe\u00f1o en Red Bull<\/li>\n<\/ul>\n<p>El piloto mexicano <strong>Sergio P\u00e9rez<\/strong>\u00a0sigue ganando puntos dentro de la\u00a0<strong>F\u00f3rmula 1<\/strong>\u00a0y cambiando opiniones luego de la \u00faltima temporada que vivi\u00f3 en Red Bull.<\/p>\n<p>El expiloto brasile\u00f1o,\u00a0<strong>Rubens Barrichello<\/strong>, asegur\u00f3 que el tiempo ha hecho que cambie de opini\u00f3n sobre el desempe\u00f1o que tuvo el tapat\u00edo con la escuder\u00eda austriaca, la cual ha visto pilotos c\u00f3mo\u00a0<strong>Liam Lawson<\/strong>\u00a0y<strong>\u00a0Yuki Tsunoda<\/strong>\u00a0no han logrado igualar el trabajo del mexicano.<\/p>\n<p>\u201cEstar en el auto hermano de\u00a0<strong>Max Verstappen<\/strong>\u00a0es el trabajo m\u00e1s dif\u00edcil de la F1. Implica mucha presi\u00f3n. Desafortunadamente, no recibes el respeto que mereces cuando desempe\u00f1as ese papel\u201d, dijo en un primer momento el brasile\u00f1o.<\/p>\n<aside class=\"inline inline-photo full\">\n<figure><figcaption class=\"photoCaption\"><span style=\"font-family: Lato, sans-serif; font-size: 15px;\">\u201cCre\u00eda desde el fondo de mi coraz\u00f3n que P\u00e9rez no era la persona adecuada para pilotar junto a Verstappen en Red Bull, pero al final lo hizo muy bien. P\u00e9rez demostr\u00f3 que es la persona indicada para ese puesto. Gan\u00f3 M\u00f3naco con Verstappen como compa\u00f1ero de equipo\u201d, dijo al medio Pokerscout.<\/span><\/figcaption><\/figure>\n<\/aside>\n<p><img loading=\"lazy\" decoding=\"async\" class=\"blazy size-full wp-image-15411 alignleft\" src=\"https:\/\/noticiasal.com.mx\/wp-content\/themes\/news\/assets\/images\/picture_placeholder_list.jpg\" data-src=\"https:\/\/noticiasal.com.mx\/wp-content\/uploads\/2025\/05\/Rubens-Barrichello.jpg\" alt=\"\" width=\"178\" height=\"283\" \/><noscript><img loading=\"lazy\" decoding=\"async\" class=\"size-full wp-image-15411 alignleft\" src=\"https:\/\/noticiasal.com.mx\/wp-content\/uploads\/2025\/05\/Rubens-Barrichello.jpg\" alt=\"\" width=\"178\" height=\"283\" \/><\/noscript>Checo P\u00e9rez finaliz\u00f3 la temporada 2024 en la octava posici\u00f3n del Campeonato Mundial de Pilotos. Sus actuaciones provocaron que muchos expilotos y periodistas criticaran al mexicano.<\/p>\n<p>Sin embargo, sus sucesores no han logrado un buen desempe\u00f1o y ninguno ha terminado una carrera dentro del top 5. \u201cPuede que Red Bull haya esperado demasiado para deshacerse de \u00e9l, pero demostr\u00f3 que muchos estaban equivocados. Cuando veo que hablan mal de P\u00e9rez, ahora lo defiendo; lo hizo muy bien. Red Bull necesitaba un cambio y P\u00e9rez tambi\u00e9n\u201d, expres\u00f3.<\/p>\n<p>Actualmente,\u00a0<strong>P\u00e9rez<\/strong>\u00a0se encuentra en a\u00f1o sab\u00e1tico y se menciona que podr\u00eda regresar en la siguiente temporada a bordo del auto del equipo\u00a0<strong>Cadillac<\/strong>, el cual se convertir\u00e1 en la nueva escude de la\u00a0<strong>F\u00f3rmula 1<\/strong>.<\/p>\n<p>Fuente: E<a href=\"https:\/\/www.espn.com.mx\/deporte-motor\/f1\/nota\/_\/id\/15214332\/checo-perez-cadillac-formula-1-2026-rubens-barichello\" target=\"_blank\" rel=\"noopener\">SP<\/a><\/p>\n","protected":false},"excerpt":{"rendered":"<p>El expiloto brasile\u00f1o, Rubens Barrichello, cambi\u00f3 de opini\u00f3n sobre Sergio P\u00e9rez a quien primero critic\u00f3, pero despu\u00e9s alab\u00f3 por su desempe\u00f1o en Red Bull El piloto mexicano Sergio P\u00e9rez\u00a0sigue ganando puntos dentro de la\u00a0F\u00f3rmula 1\u00a0y cambiando opiniones luego de la \u00faltima temporada que vivi\u00f3 en Red Bull. El expiloto brasile\u00f1o,\u00a0Rubens Barrichello, asegur\u00f3 que el tiempo [&hellip;]<\/p>\n","protected":false},"author":9,"featured_media":15412,"comment_status":"open","ping_status":"closed","sticky":false,"template":"","format":"standard","meta":{"footnotes":""},"categories":[150],"tags":[219,435,436],"class_list":["post-15408","post","type-post","status-publish","format-standard","has-post-thumbnail","hentry","category-deportes","tag-checo-perez","tag-f1","tag-rubens-barrichello"],"_links":{"self":[{"href":"https:\/\/noticiasal.com.mx\/index.php\/wp-json\/wp\/v2\/posts\/15408"}],"collection":[{"href":"https:\/\/noticiasal.com.mx\/index.php\/wp-json\/wp\/v2\/posts"}],"about":[{"href":"https:\/\/noticiasal.com.mx\/index.php\/wp-json\/wp\/v2\/types\/post"}],"author":[{"embeddable":true,"href":"https:\/\/noticiasal.com.mx\/index.php\/wp-json\/wp\/v2\/users\/9"}],"replies":[{"embeddable":true,"href":"https:\/\/noticiasal.com.mx\/index.php\/wp-json\/wp\/v2\/comments?post=15408"}],"version-history":[{"count":3,"href":"https:\/\/noticiasal.com.mx\/index.php\/wp-json\/wp\/v2\/posts\/15408\/revisions"}],"predecessor-version":[{"id":15413,"href":"https:\/\/noticiasal.com.mx\/index.php\/wp-json\/wp\/v2\/posts\/15408\/revisions\/15413"}],"wp:featuredmedia":[{"embeddable":true,"href":"https:\/\/noticiasal.com.mx\/index.php\/wp-json\/wp\/v2\/media\/15412"}],"wp:attachment":[{"href":"https:\/\/noticiasal.com.mx\/index.php\/wp-json\/wp\/v2\/media?parent=15408"}],"wp:term":[{"taxonomy":"category","embeddable":true,"href":"https:\/\/noticiasal.com.mx\/index.php\/wp-json\/wp\/v2\/categories?post=15408"},{"taxonomy":"post_tag","embeddable":true,"href":"https:\/\/noticiasal.com.mx\/index.php\/wp-json\/wp\/v2\/tags?post=15408"}],"curies":[{"name":"wp","href":"https:\/\/api.w.org\/{rel}","templated":true}]}}