{"id":15417,"date":"2025-05-23T22:47:44","date_gmt":"2025-05-23T22:47:44","guid":{"rendered":"https:\/\/noticiasal.com.mx\/?p=15417"},"modified":"2025-05-23T22:47:44","modified_gmt":"2025-05-23T22:47:44","slug":"4-muertes-se-han-registrado-en-mexico-por-sarampion","status":"publish","type":"post","link":"https:\/\/noticiasal.com.mx\/index.php\/2025\/05\/23\/4-muertes-se-han-registrado-en-mexico-por-sarampion\/","title":{"rendered":"4 Muertes se han registrado en M\u00e9xico por sarampi\u00f3n"},"content":{"rendered":"<p>El\u00a0<strong>sarampi\u00f3n<\/strong>\u00a0es una enfermedad v\u00edrica contagiosa con\u00a0<strong>mil 152 casos confirmados<\/strong>\u00a0en\u00a0<strong>M\u00e9xico<\/strong>\u00a0con corte a la\u00a0<strong>Semana Epidemiol\u00f3gica (SE) 19<\/strong>, de acuerdo con los datos de la Secretar\u00eda de Salud. A trav\u00e9s de diferentes documentos, se confirm\u00f3 la existencia de\u00a0<strong>defunciones recientes<\/strong>\u00a0por este virus en el pa\u00eds.<\/p>\n<p>A pesar de que el\u00a0<a href=\"https:\/\/www.gob.mx\/cms\/uploads\/attachment\/file\/996801\/Bolet_n_informativo_6_EPV_SE19__3_.pdf\" target=\"_blank\" rel=\"noreferrer noopener nofollow\">Bolet\u00edn Informativo No. 6 de la Situaci\u00f3n Epidemiol\u00f3gica de Enfermedades Prevenibles por Vacunaci\u00f3n en M\u00e9xico<\/a>\u00a0indicaba\u00a0<strong>una defunci\u00f3n en Chihuahua<\/strong>, el\u00a0<strong>Bolet\u00edn Epidemiol\u00f3gico<\/strong>\u00a0del 19 de mayo asegur\u00f3 que hay\u00a0<strong>m\u00faltiples muertes<\/strong>\u00a0por la enfermedad en dos estados del pa\u00eds.<\/p>\n<h2 id=\"h-cuantas-personas-han-fallecido-por-sarampion-en-mexico\" class=\"wp-block-heading\">\u00bfCu\u00e1ntas personas han fallecido por sarampi\u00f3n en M\u00e9xico?<\/h2>\n<p>El pasado lunes 19 de mayo, el\u00a0<a href=\"https:\/\/www.gob.mx\/salud\/documentos\/boletinepidemiologico-sistema-nacional-de-vigilancia-epidemiologica-sistema-unico-de-informacion-387843\" target=\"_blank\" rel=\"noreferrer noopener nofollow\">Bolet\u00edn Epidemiol\u00f3gico de la SE 19<\/a>\u00a0ratific\u00f3 los\u00a0<strong>mil 152 casos de sarampi\u00f3n<\/strong>\u00a0en M\u00e9xico e indic\u00f3 que existen<strong>\u00a0cuatro defunciones por complicaciones derivadas de la enfermedad,\u00a0<\/strong>repartidos en dos entidades:<\/p>\n<ul class=\"wp-block-list\">\n<li><strong>Chihuahua<\/strong>\u00a0\u2013 3<\/li>\n<li><strong>Sonora<\/strong>\u00a0\u2013 1<\/li>\n<li>El documento de la\u00a0<strong>Secretar\u00eda de Salud<\/strong>\u00a0confirm\u00f3 que ning\u00fan paciente ten\u00eda\u00a0<strong>antecedente de vacunaci\u00f3n<\/strong>.<br \/>\n<h2 id=\"h-que-se-sabe-de-las-personas-fallecidas\" class=\"wp-block-heading has-text-align-left\">\u00bfQu\u00e9 se sabe de las personas fallecidas?<\/h2>\n<p>El pasado 11 de mayo se anunci\u00f3 el primer fallecimiento por sarampi\u00f3n. Se trat\u00f3 de un hombre de 31 a\u00f1os, originario del municipio de\u00a0<strong>Ascensi\u00f3n<\/strong>,\u00a0<strong>Chihuahua<\/strong>, quien no contaba con la vacuna contra el\u00a0<strong>sarampi\u00f3n<\/strong>\u00a0y adem\u00e1s presentaba<strong>\u00a0diabetes<\/strong>.<\/li>\n<\/ul>\n","protected":false},"excerpt":{"rendered":"<p>El\u00a0sarampi\u00f3n\u00a0es una enfermedad v\u00edrica contagiosa con\u00a0mil 152 casos confirmados\u00a0en\u00a0M\u00e9xico\u00a0con corte a la\u00a0Semana Epidemiol\u00f3gica (SE) 19, de acuerdo con los datos de la Secretar\u00eda de Salud. A trav\u00e9s de diferentes documentos, se confirm\u00f3 la existencia de\u00a0defunciones recientes\u00a0por este virus en el pa\u00eds. A pesar de que el\u00a0Bolet\u00edn Informativo No. 6 de la Situaci\u00f3n Epidemiol\u00f3gica de Enfermedades [&hellip;]<\/p>\n","protected":false},"author":9,"featured_media":15418,"comment_status":"open","ping_status":"closed","sticky":false,"template":"","format":"standard","meta":{"footnotes":""},"categories":[160],"tags":[185,280,439],"class_list":["post-15417","post","type-post","status-publish","format-standard","has-post-thumbnail","hentry","category-salud","tag-mexico","tag-salud","tag-sarampion"],"_links":{"self":[{"href":"https:\/\/noticiasal.com.mx\/index.php\/wp-json\/wp\/v2\/posts\/15417"}],"collection":[{"href":"https:\/\/noticiasal.com.mx\/index.php\/wp-json\/wp\/v2\/posts"}],"about":[{"href":"https:\/\/noticiasal.com.mx\/index.php\/wp-json\/wp\/v2\/types\/post"}],"author":[{"embeddable":true,"href":"https:\/\/noticiasal.com.mx\/index.php\/wp-json\/wp\/v2\/users\/9"}],"replies":[{"embeddable":true,"href":"https:\/\/noticiasal.com.mx\/index.php\/wp-json\/wp\/v2\/comments?post=15417"}],"version-history":[{"count":1,"href":"https:\/\/noticiasal.com.mx\/index.php\/wp-json\/wp\/v2\/posts\/15417\/revisions"}],"predecessor-version":[{"id":15419,"href":"https:\/\/noticiasal.com.mx\/index.php\/wp-json\/wp\/v2\/posts\/15417\/revisions\/15419"}],"wp:featuredmedia":[{"embeddable":true,"href":"https:\/\/noticiasal.com.mx\/index.php\/wp-json\/wp\/v2\/media\/15418"}],"wp:attachment":[{"href":"https:\/\/noticiasal.com.mx\/index.php\/wp-json\/wp\/v2\/media?parent=15417"}],"wp:term":[{"taxonomy":"category","embeddable":true,"href":"https:\/\/noticiasal.com.mx\/index.php\/wp-json\/wp\/v2\/categories?post=15417"},{"taxonomy":"post_tag","embeddable":true,"href":"https:\/\/noticiasal.com.mx\/index.php\/wp-json\/wp\/v2\/tags?post=15417"}],"curies":[{"name":"wp","href":"https:\/\/api.w.org\/{rel}","templated":true}]}}