{"id":15428,"date":"2025-05-25T04:32:21","date_gmt":"2025-05-25T04:32:21","guid":{"rendered":"https:\/\/noticiasal.com.mx\/?p=15428"},"modified":"2025-05-25T04:34:05","modified_gmt":"2025-05-25T04:34:05","slug":"descartan-el-litio-como-opcion-para-generar-energia","status":"publish","type":"post","link":"https:\/\/noticiasal.com.mx\/index.php\/2025\/05\/25\/descartan-el-litio-como-opcion-para-generar-energia\/","title":{"rendered":"Descartan el litio como opci\u00f3n para generar energ\u00eda"},"content":{"rendered":"<ul>\n<li class=\"CreativeWorkPage-subHeadline\">No es la alternativa m\u00e1s sana para el planeta: expertos<\/li>\n<\/ul>\n<p>En el mundo hay la necesidad creciente de almacenar la energ\u00eda el\u00e9ctrica y hacerlo permite obtener nuevas tecnolog\u00edas derivadas, como la movilidad o la integraci\u00f3n de mayor cantidad del tipo renovable, sostuvo el investigador del Instituto de Ingenier\u00eda de la UNAM, C\u00e9sar \u00c1ngeles Camacho.<br \/>\nSin embargo, esa demanda, traducida en los materiales que se ocupan para ese fin, \u201cva a colapsar\u201d porque son insuficientes; de ah\u00ed que los autos el\u00e9ctricos no han tenido el impacto que se esperaba en Europa, ejemplific\u00f3 ante el presidente de Fundaci\u00f3n UNAM, Dionisio Meade.<\/p>\n<p>En este contexto, apunt\u00f3 que la explotaci\u00f3n del litio es contaminante y se deben encontrar alternativas. Por ello, los centros de investigaci\u00f3n tienen que buscar opciones de almacenamiento de grandes bloques de energ\u00eda.<br \/>\nDurante su participaci\u00f3n en el Jueves de Ciencia. Nuestra nueva realidad, de Fundaci\u00f3n UNAM, al que asisti\u00f3 el investigador em\u00e9rito de la Universidad Nacional, exdirector del Instituto de Geof\u00edsica y consejero de Fundaci\u00f3n UNAM, Jaime Urrutia Fucugauchi, el universitario detall\u00f3: Ser\u00eda ideal alcanzar 90 por ciento de la recuperaci\u00f3n de las bater\u00edas en el reciclaje. \u201cEn los tel\u00e9fonos m\u00f3viles hay que esforzarnos m\u00e1s y usarlas hasta que ya no sea posible\u201d.<\/p>\n<p><img loading=\"lazy\" decoding=\"async\" class=\"blazy alignnone wp-image-15429 size-full\" src=\"https:\/\/noticiasal.com.mx\/wp-content\/themes\/news\/assets\/images\/picture_placeholder_list.jpg\" data-src=\"https:\/\/noticiasal.com.mx\/wp-content\/uploads\/2025\/05\/litio.webp\" alt=\"\" width=\"928\" height=\"565\" \/><noscript><img loading=\"lazy\" decoding=\"async\" class=\"alignnone wp-image-15429 size-full\" src=\"https:\/\/noticiasal.com.mx\/wp-content\/uploads\/2025\/05\/litio.webp\" alt=\"\" width=\"928\" height=\"565\" srcset=\"https:\/\/noticiasal.com.mx\/wp-content\/uploads\/2025\/05\/litio.webp 928w, https:\/\/noticiasal.com.mx\/wp-content\/uploads\/2025\/05\/litio-300x183.webp 300w, https:\/\/noticiasal.com.mx\/wp-content\/uploads\/2025\/05\/litio-768x468.webp 768w\" sizes=\"(max-width: 928px) 100vw, 928px\" \/><\/noscript><br \/>\nTransici\u00f3n complicada<br \/>\nEn el ciclo de documentales y di\u00e1logo con acad\u00e9micos, dedicado al tema Alternativas a las bater\u00edas de litio, Dionisio Meade asever\u00f3: con estos programas televisivos queremos que quienes est\u00e1n por definir su vocaci\u00f3n profesional, o realizar estudios de licenciatura o posgrado, encuentren temas que les resulten sugerentes.<br \/>\nEsta es una conversaci\u00f3n que se\u00f1ala d\u00f3nde est\u00e1n los desaf\u00edos y problemas que enfrentaremos, entre ellos la necesidad de generar y almacenar energ\u00eda, para lo cual el litio no es la opci\u00f3n m\u00e1s sana para el planeta. Dise\u00f1ar nuevas tecnolog\u00edas y estudiar otros campos para encontrar opciones, es un valioso esquema de motivaci\u00f3n, manifest\u00f3.<br \/>\nA su vez, Ivonne Liliana Alonso Lemus, del Centro de Investigaci\u00f3n y de Estudios Avanzados, Unidad Saltillo, refiri\u00f3: aunque dicho mineral tiene diversas aplicaciones, en las industrias cer\u00e1mica o m\u00e9dica, por ejemplo, se estima que en 2022 el 80 por ciento de su producci\u00f3n en el orbe se ocup\u00f3 en el mercado de bater\u00edas.<\/p>\n<blockquote><p>\nEn la sesi\u00f3n transmitida por TVUNAM, la cient\u00edfica consider\u00f3 que la soluci\u00f3n para sustituir el uso de combustibles f\u00f3siles no est\u00e1 en una sola tecnolog\u00eda; se requieren varias para abastecer la demanda de energ\u00eda. Sin embargo, hay retos en cuanto a los impactos ambientales que causa esa transici\u00f3n.<\/p><\/blockquote>\n<p>Fuente <a href=\"https:\/\/www.dgcs.unam.mx\/boletin\/bdboletin\/2025_346.html\" target=\"_blank\" rel=\"noopener\">UNAM<\/a><\/p>\n","protected":false},"excerpt":{"rendered":"<p>No es la alternativa m\u00e1s sana para el planeta: expertos En el mundo hay la necesidad creciente de almacenar la energ\u00eda el\u00e9ctrica y hacerlo permite obtener nuevas tecnolog\u00edas derivadas, como la movilidad o la integraci\u00f3n de mayor cantidad del tipo renovable, sostuvo el investigador del Instituto de Ingenier\u00eda de la UNAM, C\u00e9sar \u00c1ngeles Camacho. Sin [&hellip;]<\/p>\n","protected":false},"author":9,"featured_media":15430,"comment_status":"open","ping_status":"closed","sticky":false,"template":"","format":"standard","meta":{"footnotes":""},"categories":[148],"tags":[446,445,185],"class_list":["post-15428","post","type-post","status-publish","format-standard","has-post-thumbnail","hentry","category-mexico","tag-energia","tag-litio","tag-mexico"],"_links":{"self":[{"href":"https:\/\/noticiasal.com.mx\/index.php\/wp-json\/wp\/v2\/posts\/15428"}],"collection":[{"href":"https:\/\/noticiasal.com.mx\/index.php\/wp-json\/wp\/v2\/posts"}],"about":[{"href":"https:\/\/noticiasal.com.mx\/index.php\/wp-json\/wp\/v2\/types\/post"}],"author":[{"embeddable":true,"href":"https:\/\/noticiasal.com.mx\/index.php\/wp-json\/wp\/v2\/users\/9"}],"replies":[{"embeddable":true,"href":"https:\/\/noticiasal.com.mx\/index.php\/wp-json\/wp\/v2\/comments?post=15428"}],"version-history":[{"count":3,"href":"https:\/\/noticiasal.com.mx\/index.php\/wp-json\/wp\/v2\/posts\/15428\/revisions"}],"predecessor-version":[{"id":15433,"href":"https:\/\/noticiasal.com.mx\/index.php\/wp-json\/wp\/v2\/posts\/15428\/revisions\/15433"}],"wp:featuredmedia":[{"embeddable":true,"href":"https:\/\/noticiasal.com.mx\/index.php\/wp-json\/wp\/v2\/media\/15430"}],"wp:attachment":[{"href":"https:\/\/noticiasal.com.mx\/index.php\/wp-json\/wp\/v2\/media?parent=15428"}],"wp:term":[{"taxonomy":"category","embeddable":true,"href":"https:\/\/noticiasal.com.mx\/index.php\/wp-json\/wp\/v2\/categories?post=15428"},{"taxonomy":"post_tag","embeddable":true,"href":"https:\/\/noticiasal.com.mx\/index.php\/wp-json\/wp\/v2\/tags?post=15428"}],"curies":[{"name":"wp","href":"https:\/\/api.w.org\/{rel}","templated":true}]}}