{"id":15439,"date":"2025-05-25T04:47:55","date_gmt":"2025-05-25T04:47:55","guid":{"rendered":"https:\/\/noticiasal.com.mx\/?p=15439"},"modified":"2025-05-25T04:49:06","modified_gmt":"2025-05-25T04:49:06","slug":"que-es-la-mancha-negra-en-medio-del-desierto-del-sahara-que-se-ve-desde-el-espacio","status":"publish","type":"post","link":"https:\/\/noticiasal.com.mx\/index.php\/2025\/05\/25\/que-es-la-mancha-negra-en-medio-del-desierto-del-sahara-que-se-ve-desde-el-espacio\/","title":{"rendered":"\u00bfQu\u00e9 es la mancha negra en medio del desierto del Sahara, que se ve desde el espacio?"},"content":{"rendered":"<p>En el coraz\u00f3n del\u00a0<a href=\"https:\/\/www.unotv.com\/nacional\/polvo-del-sahara-2023-que-estados-se-veran-afectados\/\" target=\"_blank\" rel=\"noreferrer noopener\">desierto del S\u00e1hara<\/a>, una vasta mancha negra interrumpe la monoton\u00eda dorada del paisaje. Visible incluso desde el espacio, esta formaci\u00f3n ha desconcertado a cient\u00edficos y observadores durante a\u00f1os. Lejos de ser un cr\u00e1ter o una sombra, se trata del\u00a0<strong>macizo de Haruj,<\/strong>\u00a0un extenso campo volc\u00e1nico que revela secretos del pasado geol\u00f3gico de la\u00a0<strong>Tierra.<\/strong><\/p>\n<p>Ubicado en\u00a0<strong>Libia,<\/strong>\u00a0el\u00a0<strong>macizo de Haruj\u00a0<\/strong>abarca aproximadamente 44 mil kil\u00f3metros cuadrados, una extensi\u00f3n comparable a la de Arag\u00f3n, Espa\u00f1a. Su superficie est\u00e1 cubierta por lava solidificada, producto de\u00a0<strong>erupciones volc\u00e1nicas<\/strong>\u00a0que ocurrieron hace millones de a\u00f1os. Esta lava, de tonalidad oscura, contrasta marcadamente con la arena clara del desierto, creando una imagen que desde el espacio parece una gigantesca\u00a0<strong>mancha negra en medio del Sahara.<\/strong><\/p>\n<p>Lo que distingue a\u00a0<strong>Haruj\u00a0<\/strong>de otros campos volc\u00e1nicos es su origen. Mientras que muchos volcanes se forman en los bordes de las placas tect\u00f3nicas,\u00a0<strong>Haruj\u00a0<\/strong>surgi\u00f3 de una pluma del manto, es decir, de una columna de roca fundida que ascendi\u00f3 desde las profundidades de la Tierra sin necesidad de fracturas superficiales. Este fen\u00f3meno proporciona a los ge\u00f3logos una oportunidad \u00fanica para estudiar procesos internos del planeta que rara vez son accesibles.<\/p>\n<p>La superficie de\u00a0<strong>Haruj<\/strong>\u00a0no es uniforme. Est\u00e1 salpicada por m\u00e1s de 150 conos volc\u00e1nicos y elevaciones que alcanzan hasta mil 200 metros de altitud. Algunos de estos\u00a0<strong>volcanes\u00a0<\/strong>tienen formas cl\u00e1sicas, mientras que otros presentan la silueta caracter\u00edstica de los volcanes en escudo. Aunque las formaciones m\u00e1s antiguas datan de hace unos seis millones de a\u00f1os, algunas son mucho m\u00e1s recientes.<\/p>\n<p>Desde el espacio, el efecto visual de\u00a0<strong>Haruj\u00a0<\/strong>es a\u00fan m\u00e1s impresionante. La l<strong>ava negra<\/strong>\u00a0absorbe la luz solar, mientras que la arena atrapada en las fisuras refleja la luz, creando destellos dorados que acent\u00faan el contraste. Esta combinaci\u00f3n de colores y texturas da la impresi\u00f3n de una anomal\u00eda geol\u00f3gica, una especie de<a href=\"https:\/\/www.unotv.com\/ciencia-y-tecnologia\/espacio-astronomia\/asi-seria-caer-en-un-agujero-negro-videos-de-la-nasa-muestran\/\" target=\"_blank\" rel=\"noreferrer noopener\">\u00a0\u201cagujero negro\u201d\u00a0<\/a>terrestre.<\/p>\n<p>A pesar de su apariencia inquietante,\u00a0<strong>Haruj<\/strong>\u00a0no representa una amenaza inmediata. No hay evidencia de actividad volc\u00e1nica reciente ni de emisiones que indiquen una erupci\u00f3n inminente. Sin embargo, el hecho de que algunos de sus conos est\u00e9n considerados \u201cdormidos\u201d y no extintos sugiere que es necesario mantener una vigilancia continua.<\/p>\n<p>Fuente: <a href=\"https:\/\/www.unotv.com\/ciencia-y-tecnologia\/que-es-la-mancha-negra-en-medio-del-desierto-del-sahara-que-se-ve-desde-el-espacio\/\" target=\"_blank\" rel=\"noopener\">UnoTv<\/a><\/p>\n<p>&nbsp;<\/p>\n","protected":false},"excerpt":{"rendered":"<p>En el coraz\u00f3n del\u00a0desierto del S\u00e1hara, una vasta mancha negra interrumpe la monoton\u00eda dorada del paisaje. Visible incluso desde el espacio, esta formaci\u00f3n ha desconcertado a cient\u00edficos y observadores durante a\u00f1os. Lejos de ser un cr\u00e1ter o una sombra, se trata del\u00a0macizo de Haruj,\u00a0un extenso campo volc\u00e1nico que revela secretos del pasado geol\u00f3gico de la\u00a0Tierra. [&hellip;]<\/p>\n","protected":false},"author":9,"featured_media":15440,"comment_status":"open","ping_status":"closed","sticky":false,"template":"","format":"standard","meta":{"footnotes":""},"categories":[155],"tags":[388,450],"class_list":["post-15439","post","type-post","status-publish","format-standard","has-post-thumbnail","hentry","category-eduacion","tag-nasa","tag-sahara"],"_links":{"self":[{"href":"https:\/\/noticiasal.com.mx\/index.php\/wp-json\/wp\/v2\/posts\/15439"}],"collection":[{"href":"https:\/\/noticiasal.com.mx\/index.php\/wp-json\/wp\/v2\/posts"}],"about":[{"href":"https:\/\/noticiasal.com.mx\/index.php\/wp-json\/wp\/v2\/types\/post"}],"author":[{"embeddable":true,"href":"https:\/\/noticiasal.com.mx\/index.php\/wp-json\/wp\/v2\/users\/9"}],"replies":[{"embeddable":true,"href":"https:\/\/noticiasal.com.mx\/index.php\/wp-json\/wp\/v2\/comments?post=15439"}],"version-history":[{"count":1,"href":"https:\/\/noticiasal.com.mx\/index.php\/wp-json\/wp\/v2\/posts\/15439\/revisions"}],"predecessor-version":[{"id":15441,"href":"https:\/\/noticiasal.com.mx\/index.php\/wp-json\/wp\/v2\/posts\/15439\/revisions\/15441"}],"wp:featuredmedia":[{"embeddable":true,"href":"https:\/\/noticiasal.com.mx\/index.php\/wp-json\/wp\/v2\/media\/15440"}],"wp:attachment":[{"href":"https:\/\/noticiasal.com.mx\/index.php\/wp-json\/wp\/v2\/media?parent=15439"}],"wp:term":[{"taxonomy":"category","embeddable":true,"href":"https:\/\/noticiasal.com.mx\/index.php\/wp-json\/wp\/v2\/categories?post=15439"},{"taxonomy":"post_tag","embeddable":true,"href":"https:\/\/noticiasal.com.mx\/index.php\/wp-json\/wp\/v2\/tags?post=15439"}],"curies":[{"name":"wp","href":"https:\/\/api.w.org\/{rel}","templated":true}]}}