{"id":15529,"date":"2025-06-01T04:03:12","date_gmt":"2025-06-01T04:03:12","guid":{"rendered":"https:\/\/noticiasal.com.mx\/?p=15529"},"modified":"2025-06-01T04:05:22","modified_gmt":"2025-06-01T04:05:22","slug":"la-ue-lamenta-profundamente-los-aranceles-al-acero-y-aluminio-de-trump","status":"publish","type":"post","link":"https:\/\/noticiasal.com.mx\/index.php\/2025\/06\/01\/la-ue-lamenta-profundamente-los-aranceles-al-acero-y-aluminio-de-trump\/","title":{"rendered":"La UE \u00ablamenta profundamente\u00bb los aranceles al acero y aluminio de Trump"},"content":{"rendered":"<ul>\n<li>Donald Trump anunci\u00f3 el viernes que el pr\u00f3ximo mi\u00e9rcoles los aranceles a la importaci\u00f3n de acero y de aluminio se duplicar\u00e1n hasta el 50%, una nueva escalada de su ofensiva proteccionista.<\/li>\n<\/ul>\n<p><i>Bruselas, B\u00e9lgica.-<\/i>\u00a0La Uni\u00f3n Europea \u00ablamenta profundamente\u00bb los nuevos aranceles de Donald Trump sobre el acero y el aluminio, que \u00absocavan los esfuerzos en curso para alcanzar una soluci\u00f3n negociada\u00bb con Estados Unidos, reaccion\u00f3 la Comisi\u00f3n Europea el s\u00e1bado.<\/p>\n<blockquote><p>\u00abSi no se encuentra una soluci\u00f3n mutuamente aceptable\u00bb entrar\u00e1n en vigor \u00abcontramedidas\u00bb el 14 de julio, \u00abo incluso antes si las circunstancias lo requieren\u00bb, se\u00f1al\u00f3 una portavoz, afirmando que la UE est\u00e1 \u00abdispuesta\u00bb a responder.<\/p><\/blockquote>\n<p>El anuncio de Donald Trump \u00aba\u00f1ade una nueva incertidumbre a la econom\u00eda mundial y aumenta los costes para los consumidores y las empresas a ambos lados del Atl\u00e1ntico\u00bb, critic\u00f3 la Comisi\u00f3n Europea.<\/p>\n<p><img loading=\"lazy\" decoding=\"async\" class=\"blazy size-medium wp-image-15534 alignleft\" src=\"https:\/\/noticiasal.com.mx\/wp-content\/themes\/news\/assets\/images\/picture_placeholder_list.jpg\" data-src=\"https:\/\/noticiasal.com.mx\/wp-content\/uploads\/2025\/06\/acerotrump-300x200.webp\" alt=\"\" width=\"300\" height=\"200\" \/><noscript><img loading=\"lazy\" decoding=\"async\" class=\"size-medium wp-image-15534 alignleft\" src=\"https:\/\/noticiasal.com.mx\/wp-content\/uploads\/2025\/06\/acerotrump-300x200.webp\" alt=\"\" width=\"300\" height=\"200\" srcset=\"https:\/\/noticiasal.com.mx\/wp-content\/uploads\/2025\/06\/acerotrump-300x200.webp 300w, https:\/\/noticiasal.com.mx\/wp-content\/uploads\/2025\/06\/acerotrump-1024x683.webp 1024w, https:\/\/noticiasal.com.mx\/wp-content\/uploads\/2025\/06\/acerotrump-768x512.webp 768w, https:\/\/noticiasal.com.mx\/wp-content\/uploads\/2025\/06\/acerotrump.webp 1200w\" sizes=\"(max-width: 300px) 100vw, 300px\" \/><\/noscript>El presidente estadounidense anunci\u00f3 el viernes que el pr\u00f3ximo mi\u00e9rcoles los aranceles a la importaci\u00f3n de acero y de aluminio se duplicar\u00e1n hasta el 50%, una nueva escalada de su ofensiva proteccionista.<\/p>\n<p>Desde que volvi\u00f3 a la presidencia en enero, Trump ha impuesto aranceles generalizados, tanto a aliados como a adversarios, unas medidas que han sacudido el orden comercial mundial y agitado los mercados financieros.<\/p>\n<p>Tras un periodo de tensi\u00f3n, Europa esperaba un \u00abnuevo impulso\u00bb en las negociaciones tras la conversaci\u00f3n telef\u00f3nica entre Donald Trump y la presidenta de la Comisi\u00f3n, Ursula von der Leyen, hace una semana.<\/p>\n<p>El comisario europeo de Comercio, Maros Sefcovic, y su hom\u00f3logo estadounidense, Howard Lutnick, conversaron en varias ocasiones en los \u00faltimos d\u00edas.<\/p>\n<p>Y podr\u00edan producirse nuevas conversaciones el martes o el mi\u00e9rcoles, al margen de una reuni\u00f3n ministerial en Par\u00eds de la OCDE (Organizaci\u00f3n para la Cooperaci\u00f3n y el Desarrollo Econ\u00f3mico, compuesta principalmente por pa\u00edses occidentales).<\/p>\n<p>En los \u00faltimos meses, la UE se vio afectada en tres ocasiones por los aranceles de la administraci\u00f3n estadounidense: un 25% sobre el acero y el aluminio, anunciado a mediados de marzo, un 25% sobre los autom\u00f3viles, y luego un 20% sobre el resto de productos europeos en abril.<\/p>\n<p>La administraci\u00f3n Trump suspendi\u00f3 este \u00faltimo impuesto hasta el 9 de julio con el fin de entablar negociaciones.<\/p>\n<p>Pero se supone que se seguir\u00e1n aplicando aranceles del 10% a la mayor\u00eda de los productos exportados a Estados Unidos por el bloque europeo, a menos que la justicia estadounidense los bloquee definitivamente.<\/p>\n<p>Esta semana, dos tribunales dictaminaron que Donald Trump no ten\u00eda derecho a imponer algunos de estos aranceles, aunque siguen en vigor hasta que resuelva definitivamente el asunto.<\/p>\n","protected":false},"excerpt":{"rendered":"<p>Donald Trump anunci\u00f3 el viernes que el pr\u00f3ximo mi\u00e9rcoles los aranceles a la importaci\u00f3n de acero y de aluminio se duplicar\u00e1n hasta el 50%, una nueva escalada de su ofensiva proteccionista. Bruselas, B\u00e9lgica.-\u00a0La Uni\u00f3n Europea \u00ablamenta profundamente\u00bb los nuevos aranceles de Donald Trump sobre el acero y el aluminio, que \u00absocavan los esfuerzos en curso [&hellip;]<\/p>\n","protected":false},"author":9,"featured_media":15530,"comment_status":"open","ping_status":"closed","sticky":false,"template":"","format":"standard","meta":{"footnotes":""},"categories":[149],"tags":[472,270,473],"class_list":["post-15529","post","type-post","status-publish","format-standard","has-post-thumbnail","hentry","category-mundo","tag-acero","tag-aranceles","tag-donald-trump"],"_links":{"self":[{"href":"https:\/\/noticiasal.com.mx\/index.php\/wp-json\/wp\/v2\/posts\/15529"}],"collection":[{"href":"https:\/\/noticiasal.com.mx\/index.php\/wp-json\/wp\/v2\/posts"}],"about":[{"href":"https:\/\/noticiasal.com.mx\/index.php\/wp-json\/wp\/v2\/types\/post"}],"author":[{"embeddable":true,"href":"https:\/\/noticiasal.com.mx\/index.php\/wp-json\/wp\/v2\/users\/9"}],"replies":[{"embeddable":true,"href":"https:\/\/noticiasal.com.mx\/index.php\/wp-json\/wp\/v2\/comments?post=15529"}],"version-history":[{"count":3,"href":"https:\/\/noticiasal.com.mx\/index.php\/wp-json\/wp\/v2\/posts\/15529\/revisions"}],"predecessor-version":[{"id":15535,"href":"https:\/\/noticiasal.com.mx\/index.php\/wp-json\/wp\/v2\/posts\/15529\/revisions\/15535"}],"wp:featuredmedia":[{"embeddable":true,"href":"https:\/\/noticiasal.com.mx\/index.php\/wp-json\/wp\/v2\/media\/15530"}],"wp:attachment":[{"href":"https:\/\/noticiasal.com.mx\/index.php\/wp-json\/wp\/v2\/media?parent=15529"}],"wp:term":[{"taxonomy":"category","embeddable":true,"href":"https:\/\/noticiasal.com.mx\/index.php\/wp-json\/wp\/v2\/categories?post=15529"},{"taxonomy":"post_tag","embeddable":true,"href":"https:\/\/noticiasal.com.mx\/index.php\/wp-json\/wp\/v2\/tags?post=15529"}],"curies":[{"name":"wp","href":"https:\/\/api.w.org\/{rel}","templated":true}]}}