{"id":15669,"date":"2025-06-11T05:29:56","date_gmt":"2025-06-11T05:29:56","guid":{"rendered":"https:\/\/noticiasal.com.mx\/?p=15669"},"modified":"2025-06-11T05:29:56","modified_gmt":"2025-06-11T05:29:56","slug":"cucosta-impulsa-la-actualizacion-de-programas-educativos-mediante-instalacion-de-comites-curriculares","status":"publish","type":"post","link":"https:\/\/noticiasal.com.mx\/index.php\/2025\/06\/11\/cucosta-impulsa-la-actualizacion-de-programas-educativos-mediante-instalacion-de-comites-curriculares\/","title":{"rendered":"CUCosta impulsa la actualizaci\u00f3n de programas educativos mediante instalaci\u00f3n de Comit\u00e9s Curriculares"},"content":{"rendered":"<ul>\n<li style=\"font-weight: 400;\"><strong><em>Se busca dise\u00f1ar el Plan Estrat\u00e9gico a fin de actualizar los programas acad\u00e9micos, con el uso de la inteligencia artificial<\/em><\/strong><\/li>\n<\/ul>\n<p style=\"font-weight: 400;\"><img loading=\"lazy\" decoding=\"async\" class=\"blazy wp-image-15671  alignleft\" src=\"https:\/\/noticiasal.com.mx\/wp-content\/themes\/news\/assets\/images\/picture_placeholder_list.jpg\" data-src=\"https:\/\/noticiasal.com.mx\/wp-content\/uploads\/2025\/06\/Comunicado-Comites-Curriculares-5-scaled.jpg\" alt=\"\" width=\"460\" height=\"186\" \/><noscript><img loading=\"lazy\" decoding=\"async\" class=\"wp-image-15671  alignleft\" src=\"https:\/\/noticiasal.com.mx\/wp-content\/uploads\/2025\/06\/Comunicado-Comites-Curriculares-5-scaled.jpg\" alt=\"\" width=\"460\" height=\"186\" srcset=\"https:\/\/noticiasal.com.mx\/wp-content\/uploads\/2025\/06\/Comunicado-Comites-Curriculares-5-scaled.jpg 2560w, https:\/\/noticiasal.com.mx\/wp-content\/uploads\/2025\/06\/Comunicado-Comites-Curriculares-5-300x121.jpg 300w, https:\/\/noticiasal.com.mx\/wp-content\/uploads\/2025\/06\/Comunicado-Comites-Curriculares-5-1024x414.jpg 1024w, https:\/\/noticiasal.com.mx\/wp-content\/uploads\/2025\/06\/Comunicado-Comites-Curriculares-5-768x310.jpg 768w, https:\/\/noticiasal.com.mx\/wp-content\/uploads\/2025\/06\/Comunicado-Comites-Curriculares-5-1536x621.jpg 1536w, https:\/\/noticiasal.com.mx\/wp-content\/uploads\/2025\/06\/Comunicado-Comites-Curriculares-5-2048x828.jpg 2048w\" sizes=\"(max-width: 460px) 100vw, 460px\" \/><\/noscript>Con el objetivo de fortalecer la calidad acad\u00e9mica y responder a los desaf\u00edos actuales en la formaci\u00f3n profesional, el Centro Universitario de la Costa de la Universidad de Guadalajara dio inicio formal a la actualizaci\u00f3n de los programas educativos, mediante la instalaci\u00f3n de 13 comit\u00e9s curriculares.<\/p>\n<p style=\"font-weight: 400;\">La ceremonia de instalaci\u00f3n se llev\u00f3 a cabo este viernes 6 de junio en el Mini Auditorio Dr. Armando Soltero Mac\u00edas, y fue encabezada por la Rectora del CUCosta, Dra. Mar\u00eda Esther Avelar \u00c1lvarez, quien destac\u00f3 la importancia de este ejercicio acad\u00e9mico como un proceso estrat\u00e9gico para la consolidaci\u00f3n de programas pertinentes, actualizados e innovadores.<\/p>\n<p>&nbsp;<\/p>\n<blockquote>\n<p style=\"font-weight: 400;\">\u201cNuestro prop\u00f3sito es construir un plan que garantice la actualizaci\u00f3n de los 13 programas educativos, fortaleciendo el perfil de nuestros egresados y prepar\u00e1ndose para competir en un entorno laboral cada vez m\u00e1s exigente y globalizado\u201d, expres\u00f3 la Rectora.<\/p>\n<\/blockquote>\n<p style=\"font-weight: 400;\">Durante su mensaje, la Dra. Avelar \u00c1lvarez agradeci\u00f3 la participaci\u00f3n del profesorado, de los investigadores y los coordinadores de programas, e hizo un llamado a trabajar de forma colaborativa en el dise\u00f1o de estrategias que permitan afrontar desaf\u00edos clave, como la internacionalizaci\u00f3n y la vinculaci\u00f3n con los sectores productivos, sociales y p\u00fablicos; adem\u00e1s de incluir el uso de la inteligencia artificial.<\/p>\n<p style=\"font-weight: 400;\">Previo a los trabajos de los 13 Comit\u00e9s Curriculares, se llev\u00f3 a cabo el Taller de Actualizaci\u00f3n Curricular de Programas Educativos, cargo de la Dra. Diana Dolores Janitzio de Le\u00f3n Cerda, jefa del Departamento de Ciencias y Tecnolog\u00edas de la Informaci\u00f3n y Comunicaci\u00f3n, quien explic\u00f3 que el objetivo es establecer, de manera participativa, un plan de trabajo general para evaluar y actualizar los programas educativos, de acuerdo con las necesidades del entorno y los lineamientos institucionales.<\/p>\n<p style=\"font-weight: 400;\">Los trabajos de actualizaci\u00f3n iniciaron con los programas educativos: Abogado, Administraci\u00f3n Arquitectura, Artes Visuales Para la Expresi\u00f3n Fotogr\u00e1fica, Artes Visuales para la Expresi\u00f3n Pl\u00e1stica, Biolog\u00eda, Ciencias y Artes Culinarias, Contadur\u00eda P\u00fablica, Cultura F\u00edsica y Deportes, Dise\u00f1o para la Comunicaci\u00f3n Gr\u00e1fica, Enfermer\u00eda, Ingenier\u00eda Civil, Ingenier\u00eda en Computaci\u00f3n, Ingenier\u00eda en Comunicaci\u00f3n Multimedia, Ingenier\u00eda en Telem\u00e1tica, Ingenier\u00eda en Videojuegos, M\u00e9dico Cirujano y Partero, Nutrici\u00f3n, Psicolog\u00eda y Turismo<\/p>\n<p style=\"font-weight: 400;\">En cada uno de estos comit\u00e9s, se desarrollaron las l\u00edneas generales del plan de trabajo que se desarrollar\u00e1 en los pr\u00f3ximos meses.<\/p>\n<p style=\"font-weight: 400;\">Las autoridades presentes en la ceremonia fueron:<\/p>\n<ul style=\"font-weight: 400;\">\n<li>Dra. Mar\u00eda Esther Avelar \u00c1lvarez, Rectora del CUCosta<\/li>\n<li>Dra. Laura Rebeca Mateos Morf\u00edn, Secretaria Acad\u00e9mica<\/li>\n<li>Dra. Consuelo Delgado Gonz\u00e1lez, Secretaria Administrativa<\/li>\n<li>Mtro. Marco Antonio Delgadillo Guerrero, director de la Divisi\u00f3n de Estudios Sociales y Econ\u00f3micos<\/li>\n<li>Mtro. Abraham Andrade L\u00f3pez, director de la Divisi\u00f3n de Ingenier\u00edas<\/li>\n<\/ul>\n<p style=\"font-weight: 400;\">El Centro Universitario de la Costa reafirma su compromiso con la mejora continua y la pertinencia acad\u00e9mica de sus programas, como parte del fortalecimiento institucional de la Universidad de Guadalajara.<\/p>\n","protected":false},"excerpt":{"rendered":"<p>Se busca dise\u00f1ar el Plan Estrat\u00e9gico a fin de actualizar los programas acad\u00e9micos, con el uso de la inteligencia artificial Con el objetivo de fortalecer la calidad acad\u00e9mica y responder a los desaf\u00edos actuales en la formaci\u00f3n profesional, el Centro Universitario de la Costa de la Universidad de Guadalajara dio inicio formal a la actualizaci\u00f3n [&hellip;]<\/p>\n","protected":false},"author":9,"featured_media":15670,"comment_status":"open","ping_status":"closed","sticky":false,"template":"","format":"standard","meta":{"footnotes":""},"categories":[155],"tags":[337,506],"class_list":["post-15669","post","type-post","status-publish","format-standard","has-post-thumbnail","hentry","category-eduacion","tag-cucosta","tag-inteligencia-artificial"],"_links":{"self":[{"href":"https:\/\/noticiasal.com.mx\/index.php\/wp-json\/wp\/v2\/posts\/15669"}],"collection":[{"href":"https:\/\/noticiasal.com.mx\/index.php\/wp-json\/wp\/v2\/posts"}],"about":[{"href":"https:\/\/noticiasal.com.mx\/index.php\/wp-json\/wp\/v2\/types\/post"}],"author":[{"embeddable":true,"href":"https:\/\/noticiasal.com.mx\/index.php\/wp-json\/wp\/v2\/users\/9"}],"replies":[{"embeddable":true,"href":"https:\/\/noticiasal.com.mx\/index.php\/wp-json\/wp\/v2\/comments?post=15669"}],"version-history":[{"count":1,"href":"https:\/\/noticiasal.com.mx\/index.php\/wp-json\/wp\/v2\/posts\/15669\/revisions"}],"predecessor-version":[{"id":15672,"href":"https:\/\/noticiasal.com.mx\/index.php\/wp-json\/wp\/v2\/posts\/15669\/revisions\/15672"}],"wp:featuredmedia":[{"embeddable":true,"href":"https:\/\/noticiasal.com.mx\/index.php\/wp-json\/wp\/v2\/media\/15670"}],"wp:attachment":[{"href":"https:\/\/noticiasal.com.mx\/index.php\/wp-json\/wp\/v2\/media?parent=15669"}],"wp:term":[{"taxonomy":"category","embeddable":true,"href":"https:\/\/noticiasal.com.mx\/index.php\/wp-json\/wp\/v2\/categories?post=15669"},{"taxonomy":"post_tag","embeddable":true,"href":"https:\/\/noticiasal.com.mx\/index.php\/wp-json\/wp\/v2\/tags?post=15669"}],"curies":[{"name":"wp","href":"https:\/\/api.w.org\/{rel}","templated":true}]}}