{"id":15677,"date":"2025-06-12T04:46:22","date_gmt":"2025-06-12T04:46:22","guid":{"rendered":"https:\/\/noticiasal.com.mx\/?p=15677"},"modified":"2025-06-12T04:46:22","modified_gmt":"2025-06-12T04:46:22","slug":"premios-ariel-en-puerto-vallarta","status":"publish","type":"post","link":"https:\/\/noticiasal.com.mx\/index.php\/2025\/06\/12\/premios-ariel-en-puerto-vallarta\/","title":{"rendered":"Premios Ariel en Puerto Vallarta"},"content":{"rendered":"<ul>\n<li><strong>Puerto Vallarta<\/strong>\u00a0recibe, por primera vez en su historia, al m\u00e1ximo galard\u00f3n del cine en M\u00e9xico: los Premios Ariel.<\/li>\n<\/ul>\n<p>La gala de la 67\u00ba edici\u00f3n de los Premios Ariel, organizada por la Academia Mexicana de Artes y Ciencias Cinematogr\u00e1ficas (AMACC), se llevar\u00e1 a cabo el s\u00e1bado 20 de septiembre y tendr\u00e1 como sede el Centro Internacional de Convenciones de\u00a0<strong>Puerto Vallarta<\/strong>\u00a0(CICPV).<\/p>\n<p>Como parte de la ceremonia, los Premios Ariel en\u00a0<strong>Puerto Vallarta<\/strong>\u00a0reconocer\u00e1n, con el Ariel de Oro, a la actriz, directora y productora Patricia Reyes Sp\u00edndola, ganadora de cuatro premios Ariel y nominada en tres ocasiones m\u00e1s; y a la actriz Jaqueline Andere; quien ha formado parte de dos etapas coyunturales de la industria: la \u00faltima etapa de la \u00c9poca del Cine de Oro y en los inicios del periodo llamado como Nuevo Cine Mexicano.<\/p>\n<p>El tercer Ariel de Oro de la edici\u00f3n a realizarse en\u00a0<strong>Puerto Vallarta<\/strong>\u00a0ser\u00e1 entregado al Sindicato de Trabajadores de la Producci\u00f3n Cinematogr\u00e1fica (STPC). El sindicato fue fundado en 1945 gracias al impulso de importantes personalidades como Mario Moreno \u00abCantinflas\u00bb, Jorge Negrete, el cinefot\u00f3grafo Gabriel Figueroa y el realizador Alejandro Galindo.<\/p>\n<p>Los Premios Ariel en\u00a0<strong>Puerto Vallarta<\/strong>\u00a0esperan m\u00e1s de 800 invitados, entre cineastas, nominados, prensa especializada, influencers y figuras clave del sector audiovisual en M\u00e9xico.<\/p>\n","protected":false},"excerpt":{"rendered":"<p>Puerto Vallarta\u00a0recibe, por primera vez en su historia, al m\u00e1ximo galard\u00f3n del cine en M\u00e9xico: los Premios Ariel. La gala de la 67\u00ba edici\u00f3n de los Premios Ariel, organizada por la Academia Mexicana de Artes y Ciencias Cinematogr\u00e1ficas (AMACC), se llevar\u00e1 a cabo el s\u00e1bado 20 de septiembre y tendr\u00e1 como sede el Centro Internacional [&hellip;]<\/p>\n","protected":false},"author":3,"featured_media":15678,"comment_status":"open","ping_status":"closed","sticky":false,"template":"","format":"standard","meta":{"footnotes":""},"categories":[164],"tags":[511,510,187],"class_list":["post-15677","post","type-post","status-publish","format-standard","has-post-thumbnail","hentry","category-turismo","tag-cine-mexico","tag-premios-ariel","tag-puerto-vallarta"],"_links":{"self":[{"href":"https:\/\/noticiasal.com.mx\/index.php\/wp-json\/wp\/v2\/posts\/15677"}],"collection":[{"href":"https:\/\/noticiasal.com.mx\/index.php\/wp-json\/wp\/v2\/posts"}],"about":[{"href":"https:\/\/noticiasal.com.mx\/index.php\/wp-json\/wp\/v2\/types\/post"}],"author":[{"embeddable":true,"href":"https:\/\/noticiasal.com.mx\/index.php\/wp-json\/wp\/v2\/users\/3"}],"replies":[{"embeddable":true,"href":"https:\/\/noticiasal.com.mx\/index.php\/wp-json\/wp\/v2\/comments?post=15677"}],"version-history":[{"count":1,"href":"https:\/\/noticiasal.com.mx\/index.php\/wp-json\/wp\/v2\/posts\/15677\/revisions"}],"predecessor-version":[{"id":15679,"href":"https:\/\/noticiasal.com.mx\/index.php\/wp-json\/wp\/v2\/posts\/15677\/revisions\/15679"}],"wp:featuredmedia":[{"embeddable":true,"href":"https:\/\/noticiasal.com.mx\/index.php\/wp-json\/wp\/v2\/media\/15678"}],"wp:attachment":[{"href":"https:\/\/noticiasal.com.mx\/index.php\/wp-json\/wp\/v2\/media?parent=15677"}],"wp:term":[{"taxonomy":"category","embeddable":true,"href":"https:\/\/noticiasal.com.mx\/index.php\/wp-json\/wp\/v2\/categories?post=15677"},{"taxonomy":"post_tag","embeddable":true,"href":"https:\/\/noticiasal.com.mx\/index.php\/wp-json\/wp\/v2\/tags?post=15677"}],"curies":[{"name":"wp","href":"https:\/\/api.w.org\/{rel}","templated":true}]}}