{"id":15693,"date":"2025-06-14T20:08:08","date_gmt":"2025-06-14T20:08:08","guid":{"rendered":"https:\/\/noticiasal.com.mx\/?p=15693"},"modified":"2025-06-14T20:17:22","modified_gmt":"2025-06-14T20:17:22","slug":"no-kings-day-el-movimiento-de-protestas-que-se-hara-este-sabado-contra-donald-trump","status":"publish","type":"post","link":"https:\/\/noticiasal.com.mx\/index.php\/2025\/06\/14\/no-kings-day-el-movimiento-de-protestas-que-se-hara-este-sabado-contra-donald-trump\/","title":{"rendered":"\u00abNo Kings Day\u00bb, el movimiento de protestas contra\u00a0Donald\u00a0Trump"},"content":{"rendered":"<ul>\n<li class=\"news-headline__title\"><span style=\"font-family: Lato, sans-serif; font-size: 15px;\">M\u00e1s de 1.500 manifestaciones en EEUU y otros pa\u00edses rechazan el desfile del 14 de junio y denuncian el \u201cautoritarismo\u201d de Trump con el lema No Kings Day.<\/span><\/li>\n<\/ul>\n<p>Con una consigna clara,\u00a0miles de personas se preparan para marchar este s\u00e1bado\u00a0<strong>14 de junio<\/strong>\u00a0en\u00a0<strong>rechazo al desfile militar impulsado por Donald Trump.\u00a0<\/strong>El movimiento\u00a0<em><strong>\u00abNo Kings Day\u00bb<\/strong><\/em>\u00a0organizado por el movimiento<strong>\u00a0Indivisible<\/strong>\u00a0y agrupaciones progresistas, busca denunciar el\u00a0<strong>autoritarismo del presidente\u00a0<\/strong>y rechazar lo que consideran una<strong>\u00a0puesta en escena de poder financiada con fondos p\u00fablicos.<\/strong><\/p>\n<p>La fecha elegida no es casual: coincide con el\u00a0<strong><a href=\"https:\/\/www.ambito.com\/mundo\/militares-se-rebelan-contra-donald-trump-apoyo-las-protestas-los-angeles-n6155396\" target=\"_blank\" rel=\"follow noopener\">250\u00b0 aniversario del Ej\u00e9rcito de Estados Unidos<\/a><\/strong>\u00a0y el\u00a0<strong>cumplea\u00f1os n\u00famero<\/strong>\u00a0<strong>79 de Trump.<\/strong>\u00a0Desde el movimiento sostienen que este desfile es una\u00a0<strong>apropiaci\u00f3n pol\u00edtica<\/strong>\u00a0de una celebraci\u00f3n nacional, y que su objetivo es reforzar la<strong>\u00a0imagen de fuerza\u00a0<\/strong>del mandatario.<\/p>\n<ul>\n<li><strong>San Diego, California<\/strong>: de 10 a.m. a 1 p.m. en Civic Center Plaz<\/li>\n<li><strong>Chicago, Illinois<\/strong>: de 12 p.m. a 2 p.m. en Daley Plaza<\/li>\n<li><strong>Houston, Texas<\/strong>: de 10 a.m. a 12 p.m. frente al Ayuntamiento<\/li>\n<li><strong>Phoenix, Arizona<\/strong>: de 9 a.m. a 12 p.m. en el Capitolio Estatal<\/li>\n<li><strong>Nueva York, Nueva York<\/strong>: de 2 p.m. a 4 p.m. en Bryant Park<\/li>\n<li><strong>Seattle, Washington<\/strong>: de 12 p.m. a 3 p.m. en Cal Anderson Park<\/li>\n<li><strong>Filadelfia, Pensilvania<\/strong>: de 12 p.m. a 3 p.m., de Love Park al Museo de Arte<\/li>\n<\/ul>\n<p>Por el momento no se confirm\u00f3 ninguna protesta oficial en\u00a0<strong>Washington, D.C.\u00a0<\/strong>Se espera que la\u00a0<strong>principal marcha nacional<\/strong>\u00a0se realice en\u00a0<strong>Filadelfia\u00a0<\/strong><\/p>\n<p>Tambi\u00e9n agregan: \u201cNo Kings es un d\u00eda de desaf\u00edo a nivel nacional. Desde las manzanas de las ciudades hasta los pueblos peque\u00f1os, desde las escalinatas de los juzgados hasta los parques comunitarios,\u00a0<strong>estamos tomando medidas para rechazar el autoritarismo y mostrarle al mundo c\u00f3mo es realmente la democracia\u201d.<\/strong><br \/>\n<iframe loading=\"lazy\" style=\"border: none; overflow: hidden;\" src=\"https:\/\/www.facebook.com\/plugins\/video.php?height=476&amp;href=https%3A%2F%2Fwww.facebook.com%2FNoticiasALPuertoVallarta%2Fvideos%2F746707041111167%2F&amp;show_text=false&amp;width=268&amp;t=0\" width=\"268\" height=\"476\" frameborder=\"0\" scrolling=\"no\" allowfullscreen=\"allowfullscreen\"><\/iframe><\/p>\n","protected":false},"excerpt":{"rendered":"<p>M\u00e1s de 1.500 manifestaciones en EEUU y otros pa\u00edses rechazan el desfile del 14 de junio y denuncian el \u201cautoritarismo\u201d de Trump con el lema No Kings Day. Con una consigna clara,\u00a0miles de personas se preparan para marchar este s\u00e1bado\u00a014 de junio\u00a0en\u00a0rechazo al desfile militar impulsado por Donald Trump.\u00a0El movimiento\u00a0\u00abNo Kings Day\u00bb\u00a0organizado por el movimiento\u00a0Indivisible\u00a0y [&hellip;]<\/p>\n","protected":false},"author":9,"featured_media":15694,"comment_status":"open","ping_status":"closed","sticky":false,"template":"","format":"standard","meta":{"footnotes":""},"categories":[149],"tags":[473,272,517,516],"class_list":["post-15693","post","type-post","status-publish","format-standard","has-post-thumbnail","hentry","category-mundo","tag-donald-trump","tag-estados-unidos","tag-no-kings-day","tag-protesta"],"_links":{"self":[{"href":"https:\/\/noticiasal.com.mx\/index.php\/wp-json\/wp\/v2\/posts\/15693"}],"collection":[{"href":"https:\/\/noticiasal.com.mx\/index.php\/wp-json\/wp\/v2\/posts"}],"about":[{"href":"https:\/\/noticiasal.com.mx\/index.php\/wp-json\/wp\/v2\/types\/post"}],"author":[{"embeddable":true,"href":"https:\/\/noticiasal.com.mx\/index.php\/wp-json\/wp\/v2\/users\/9"}],"replies":[{"embeddable":true,"href":"https:\/\/noticiasal.com.mx\/index.php\/wp-json\/wp\/v2\/comments?post=15693"}],"version-history":[{"count":4,"href":"https:\/\/noticiasal.com.mx\/index.php\/wp-json\/wp\/v2\/posts\/15693\/revisions"}],"predecessor-version":[{"id":15698,"href":"https:\/\/noticiasal.com.mx\/index.php\/wp-json\/wp\/v2\/posts\/15693\/revisions\/15698"}],"wp:featuredmedia":[{"embeddable":true,"href":"https:\/\/noticiasal.com.mx\/index.php\/wp-json\/wp\/v2\/media\/15694"}],"wp:attachment":[{"href":"https:\/\/noticiasal.com.mx\/index.php\/wp-json\/wp\/v2\/media?parent=15693"}],"wp:term":[{"taxonomy":"category","embeddable":true,"href":"https:\/\/noticiasal.com.mx\/index.php\/wp-json\/wp\/v2\/categories?post=15693"},{"taxonomy":"post_tag","embeddable":true,"href":"https:\/\/noticiasal.com.mx\/index.php\/wp-json\/wp\/v2\/tags?post=15693"}],"curies":[{"name":"wp","href":"https:\/\/api.w.org\/{rel}","templated":true}]}}