{"id":15735,"date":"2025-06-18T23:34:03","date_gmt":"2025-06-18T23:34:03","guid":{"rendered":"https:\/\/noticiasal.com.mx\/?p=15735"},"modified":"2025-06-18T23:34:39","modified_gmt":"2025-06-18T23:34:39","slug":"checo-perez-todavia-no-cierra-su-regreso-a-f1-carlos-slim-confirma-que-tiene-opciones","status":"publish","type":"post","link":"https:\/\/noticiasal.com.mx\/index.php\/2025\/06\/18\/checo-perez-todavia-no-cierra-su-regreso-a-f1-carlos-slim-confirma-que-tiene-opciones\/","title":{"rendered":"Checo P\u00e9rez todav\u00eda no cierra su regreso a F1; Carlos Slim confirma que tiene opciones"},"content":{"rendered":"<div class=\"dialog-off-canvas-main-canvas\" data-off-canvas-main-canvas=\"\">\n<div class=\"body-page\">\n<div class=\"main main-page\" role=\"main\">\n<div id=\"content\" class=\"content content-full\">\n<div class=\"container\">\n<div class=\"content-main-inner\">\n<div class=\"row\">\n<div id=\"page-main-content\" class=\"main-content col-xs-12 col-md-9 sright main_content \">\n<div class=\"main-content-inner\">\n<div class=\"content-main\">\n<div>\n<div id=\"block-gavias-sancy-content\" class=\"block block-system block-system-main-block no-title\">\n<div class=\"content block-content\">\n<article class=\"node node-detail node--type-articulo-general node--view-mode-full clearfix\" data-history-node-id=\"386374\">\n<div class=\"article-detail\">\n<div class=\"block\">\n<div class=\"post-content\">\n<div class=\"node__content clearfix\">\n<div class=\"field field--name-body field--type-text-with-summary field--label-hidden field__item\">\n<ul>\n<li>El regreso de\u00a0<strong>Sergio &#8216;Checo&#8217; P\u00e9rez<\/strong>\u00a0a la\u00a0<a href=\"https:\/\/www.record.com.mx\/formula1\/formula-1-asi-marcha-el-campeonato-de-constructores-2025\"><strong>F\u00f3rmula 1<\/strong><\/a> luce inminente, pero de momento no es un hecho.<\/li>\n<li>Patrocinadores, aficionados y hasta los medios de comunicaci\u00f3n esperan con ansias al mexicano, que est\u00e1 en charlas con varios proyectos pero sin firmar nada por ahora.<\/li>\n<\/ul>\n<p><img loading=\"lazy\" decoding=\"async\" class=\"blazy  wp-image-15737 alignleft\" src=\"https:\/\/noticiasal.com.mx\/wp-content\/themes\/news\/assets\/images\/picture_placeholder_list.jpg\" data-src=\"https:\/\/noticiasal.com.mx\/wp-content\/uploads\/2025\/06\/slim.avif\" alt=\"\" width=\"512\" height=\"327\" \/><noscript><img loading=\"lazy\" decoding=\"async\" class=\" wp-image-15737 alignleft\" src=\"https:\/\/noticiasal.com.mx\/wp-content\/uploads\/2025\/06\/slim.avif\" alt=\"\" width=\"512\" height=\"327\" \/><\/noscript>As\u00ed lo confirm\u00f3\u00a0<strong>Carlos Slim Domit<\/strong>, principal aliado comercial de P\u00e9rez Mendoza a lo largo de su carrera en el automovilismo. \u00abS\u00e9 que est\u00e1 viendo varias opciones\u00bb, declar\u00f3 el empresario mexicano, sin dar m\u00e1s detalles, el pasado fin de semana.<\/p>\n<h2>Slim confirma que esperan regreso de Checo P\u00e9rez<\/h2>\n<p>Por primera vez en la historia, la\u00a0<strong>NASCAR Cup Series<\/strong>\u00a0visit\u00f3 M\u00e9xico como fecha puntuable fuera de Estados Unidos, con una \u00e9pica victoria del mexicano,\u00a0<strong>Daniel Su\u00e1rez<\/strong>. Durante el evento, Slim Domit estuvo en la presentaci\u00f3n y fue que reconoci\u00f3 que est\u00e1n a la expectativa de que Checo P\u00e9rez tome una decisi\u00f3n sobre su regreso.<\/p>\n<div class=\"block block-dfp block-dfp-ad32b693b9-67b3-48d0-bfd5-af7a7c822e8d no-title\">\n<div class=\"content block-content\">\n<div id=\"js-dfp-tag-dn_intext_center_btf_2\" data-google-query-id=\"CKWdieaP_I0DFa63pgQd9ic1xw\">\n<div id=\"google_ads_iframe_\/50466933\/RECORD.COM.MX\/DN\/InText_Center_DN_BTF_2_0__container__\"><\/div>\n<\/div>\n<\/div>\n<\/div>\n<p>\u00abCuenta con el respaldo de todos nosotros (empresa y sponsors), de toda la afici\u00f3n. \u00c9l es el que ha estado trabajando en \u00e9l y ojal\u00e1 (regrese). A todos nos dar\u00eda mucho gusto tenerlo de regreso, pero es algo que \u00e9l est\u00e1 viendo\u00bb, expuso el empresario.<\/p>\n<p>&nbsp;<\/p>\n<h2>\u00bfQu\u00e9 opciones tiene Checo P\u00e9rez para volver a la F\u00f3rmula 1?<\/h2>\n<p><strong>Alpine\u00a0<\/strong>y\u00a0<strong>Cadillac<\/strong>, que se sumar\u00e1 a la parrilla en 2026, son las escuder\u00edas que han sonado como alternativas para el piloto mexicano. De acuerdo con Lawrence Barretto, corresponsal de la F1, el mexicano es el principal candidato en la lista de la escuder\u00eda de\u00a0<strong>General Motors<\/strong>, pero de momento sin firmar contrato.<\/p>\n<p>Se espera que en pr\u00f3ximas semanas, cuando sea la pausa de verano de la Temporada 2025, haya novedades sobre el futuro del piloto tapat\u00edo, quien ha llevado con calma la toma de decisi\u00f3n sobre lo que har\u00e1 con su futuro<\/p>\n<\/div>\n<\/div>\n<\/div>\n<\/div>\n<\/div>\n<\/article>\n<\/div>\n<\/div>\n<\/div>\n<\/div>\n<\/div>\n<\/div>\n<\/div>\n<\/div>\n<\/div>\n<\/div>\n<\/div>\n<\/div>\n<\/div>\n<div>\n<div class=\"dls__container\"><\/div>\n<\/div>\n","protected":false},"excerpt":{"rendered":"<p>El regreso de\u00a0Sergio &#8216;Checo&#8217; P\u00e9rez\u00a0a la\u00a0F\u00f3rmula 1 luce inminente, pero de momento no es un hecho. Patrocinadores, aficionados y hasta los medios de comunicaci\u00f3n esperan con ansias al mexicano, que est\u00e1 en charlas con varios proyectos pero sin firmar nada por ahora. As\u00ed lo confirm\u00f3\u00a0Carlos Slim Domit, principal aliado comercial de P\u00e9rez Mendoza a lo [&hellip;]<\/p>\n","protected":false},"author":9,"featured_media":15736,"comment_status":"open","ping_status":"closed","sticky":false,"template":"","format":"standard","meta":{"footnotes":""},"categories":[148,1],"tags":[219,357,185],"class_list":["post-15735","post","type-post","status-publish","format-standard","has-post-thumbnail","hentry","category-mexico","category-uncategorized","tag-checo-perez","tag-formula-1","tag-mexico"],"_links":{"self":[{"href":"https:\/\/noticiasal.com.mx\/index.php\/wp-json\/wp\/v2\/posts\/15735"}],"collection":[{"href":"https:\/\/noticiasal.com.mx\/index.php\/wp-json\/wp\/v2\/posts"}],"about":[{"href":"https:\/\/noticiasal.com.mx\/index.php\/wp-json\/wp\/v2\/types\/post"}],"author":[{"embeddable":true,"href":"https:\/\/noticiasal.com.mx\/index.php\/wp-json\/wp\/v2\/users\/9"}],"replies":[{"embeddable":true,"href":"https:\/\/noticiasal.com.mx\/index.php\/wp-json\/wp\/v2\/comments?post=15735"}],"version-history":[{"count":2,"href":"https:\/\/noticiasal.com.mx\/index.php\/wp-json\/wp\/v2\/posts\/15735\/revisions"}],"predecessor-version":[{"id":15741,"href":"https:\/\/noticiasal.com.mx\/index.php\/wp-json\/wp\/v2\/posts\/15735\/revisions\/15741"}],"wp:featuredmedia":[{"embeddable":true,"href":"https:\/\/noticiasal.com.mx\/index.php\/wp-json\/wp\/v2\/media\/15736"}],"wp:attachment":[{"href":"https:\/\/noticiasal.com.mx\/index.php\/wp-json\/wp\/v2\/media?parent=15735"}],"wp:term":[{"taxonomy":"category","embeddable":true,"href":"https:\/\/noticiasal.com.mx\/index.php\/wp-json\/wp\/v2\/categories?post=15735"},{"taxonomy":"post_tag","embeddable":true,"href":"https:\/\/noticiasal.com.mx\/index.php\/wp-json\/wp\/v2\/tags?post=15735"}],"curies":[{"name":"wp","href":"https:\/\/api.w.org\/{rel}","templated":true}]}}