{"id":15746,"date":"2025-06-19T01:27:45","date_gmt":"2025-06-19T01:27:45","guid":{"rendered":"https:\/\/noticiasal.com.mx\/?p=15746"},"modified":"2025-06-19T01:27:45","modified_gmt":"2025-06-19T01:27:45","slug":"erick-ahora-huracan-categoria-3-se-ubica-frente-a-costas-de-guerrero-y-oaxaca","status":"publish","type":"post","link":"https:\/\/noticiasal.com.mx\/index.php\/2025\/06\/19\/erick-ahora-huracan-categoria-3-se-ubica-frente-a-costas-de-guerrero-y-oaxaca\/","title":{"rendered":"Erick, ahora hurac\u00e1n categor\u00eda 3, se ubica  frente a costas de Guerrero y Oaxaca"},"content":{"rendered":"<div class=\"v1WordSection1\">\n<ul>\n<li class=\"v1MsoNormal\" style=\"text-align: left;\">\u00a0 \u00a0Continuar\u00e1n el pron\u00f3stico de lluvias extraordinarias para Oaxaca y torrenciales para Guerrero y Chiapas.<\/li>\n<\/ul>\n<p class=\"v1MsoNormal\"><img loading=\"lazy\" decoding=\"async\" class=\"blazy size-medium wp-image-15748 alignleft\" src=\"https:\/\/noticiasal.com.mx\/wp-content\/themes\/news\/assets\/images\/picture_placeholder_list.jpg\" data-src=\"https:\/\/noticiasal.com.mx\/wp-content\/uploads\/2025\/06\/GtxM46pXIAAgLnZ-300x221.jpg\" alt=\"\" width=\"300\" height=\"221\" \/><noscript><img loading=\"lazy\" decoding=\"async\" class=\"size-medium wp-image-15748 alignleft\" src=\"https:\/\/noticiasal.com.mx\/wp-content\/uploads\/2025\/06\/GtxM46pXIAAgLnZ-300x221.jpg\" alt=\"\" width=\"300\" height=\"221\" srcset=\"https:\/\/noticiasal.com.mx\/wp-content\/uploads\/2025\/06\/GtxM46pXIAAgLnZ-300x221.jpg 300w, https:\/\/noticiasal.com.mx\/wp-content\/uploads\/2025\/06\/GtxM46pXIAAgLnZ-768x565.jpg 768w, https:\/\/noticiasal.com.mx\/wp-content\/uploads\/2025\/06\/GtxM46pXIAAgLnZ.jpg 967w\" sizes=\"(max-width: 300px) 100vw, 300px\" \/><\/noscript><a name=\"v1_eaghw8627lrk\"><\/a>En la actualizaci\u00f3n de las 18:00 horas, tiempo del centro de M\u00e9xico, Erick evolucion\u00f3 a hurac\u00e1n categor\u00eda 3 en la escala Saffir-Simpson. Su centro se localiz\u00f3 a 90 kil\u00f3metros (km) al sur-suroeste de Puerto Angel, Oaxaca, y a 260 km al sureste de Punta Maldonado, Guerrero, con vientos m\u00e1ximos sostenidos de 195 kil\u00f3metros por hora (km\/h), rachas de 220 km\/h y desplazamiento hacia el noroeste a 15 km\/h.<\/p>\n<p class=\"v1MsoNormal\">Debido a sus desprendimientos nubosos, continuar\u00e1n las lluvias extraordinarias (mayores a 250 mil\u00edmetros [mm]) en Oaxaca, torrenciales (de 150 a 250 mm) en Guerrero y Chiapas, rachas de viento mayores a 210 km\/h y oleaje de 6.0 a 8.0 metros (m) de altura en costas de Oaxaca y Guerrero, rachas de 100 a 120 km\/h y oleaje de 4.0 a 5.0 m en costas de Chiapas, marea de tormenta de 2 a 2.5 m en la costa de Oaxaca, as\u00ed como trombas marinas frente a la costa de Oaxaca.<\/p>\n<p class=\"v1MsoNormal\">El Servicio Meteorol\u00f3gico Nacional (SMN), de la Comisi\u00f3n Nacional del Agua (Conagua), en coordinaci\u00f3n con el Centro Nacional de Huracanes, de Estados Unidos de Am\u00e9rica, mantiene zona de prevenci\u00f3n por efectos de vientos de hurac\u00e1n desde Acapulco, Guerrero, hasta Puerto \u00c1ngel, Oaxaca; zona de vigilancia por efectos de vientos de hurac\u00e1n desde el oeste de Acapulco hasta T\u00e9cpan de Galeana, Guerrero; zona de prevenci\u00f3n por efectos de vientos de tormenta tropical desde el este de Puerto \u00c1ngel hasta Salina Cruz, Oaxaca, y zona de prevenci\u00f3n por efectos de vientos de tormenta tropical desde el oeste de Acapulco hasta T\u00e9cpan de Galeana, Guerrero.<\/p>\n<p class=\"v1MsoNormal\"><a name=\"v1_cth5t382jgs\"><\/a>Debido a que el sistema se encuentra en condiciones oc\u00e9ano-atmosf\u00e9ricas favorables para su r\u00e1pida intensificaci\u00f3n, el pron\u00f3stico indica un posible impacto durante la madruga de ma\u00f1ana, jueves, entre Puerto Escondido, Oaxaca y Punta Maldonado Guerrero; no se descarta que antes de ingresar alcance la categor\u00eda 4.<\/p>\n<p class=\"v1MsoNormal\">Las precipitaciones podr\u00edan generar deslaves, incremento en niveles de r\u00edos y arroyos, as\u00ed como desbordamientos e inundaciones en zonas bajas de los estados mencionados, por lo que se exhorta a la poblaci\u00f3n a atender los avisos del SMN y seguir las recomendaciones de Protecci\u00f3n Civil.<\/p>\n<p class=\"v1MsoNormal\">Mantente informado en las p\u00e1ginas\u00a0<a href=\"http:\/\/www.gob.mx\/conagua\" target=\"_blank\" rel=\"noopener noreferrer\">www.gob.mx\/conagua<\/a>\u00a0y\u00a0<a href=\"https:\/\/smn.conagua.gob.mx\/\" target=\"_blank\" rel=\"noopener noreferrer\">https:\/\/smn.conagua.gob.mx<\/a>, en las cuentas de X @conagua_mx y @conagua_clima y de Facebook\u00a0<a href=\"http:\/\/www.facebook.com\/conaguamx\" target=\"_blank\" rel=\"noopener noreferrer\">www.facebook.com\/conaguamx<\/a>, as\u00ed como en la aplicaci\u00f3n para dispositivos m\u00f3viles ConaguaClima, donde se puede consultar el pron\u00f3stico por municipio.<\/p>\n<\/div>\n<div>\n<blockquote>\n<p align=\"justify\">\n<\/blockquote>\n<\/div>\n","protected":false},"excerpt":{"rendered":"<p>\u00a0 \u00a0Continuar\u00e1n el pron\u00f3stico de lluvias extraordinarias para Oaxaca y torrenciales para Guerrero y Chiapas. En la actualizaci\u00f3n de las 18:00 horas, tiempo del centro de M\u00e9xico, Erick evolucion\u00f3 a hurac\u00e1n categor\u00eda 3 en la escala Saffir-Simpson. Su centro se localiz\u00f3 a 90 kil\u00f3metros (km) al sur-suroeste de Puerto Angel, Oaxaca, y a 260 km [&hellip;]<\/p>\n","protected":false},"author":9,"featured_media":15747,"comment_status":"open","ping_status":"closed","sticky":false,"template":"","format":"standard","meta":{"footnotes":""},"categories":[148],"tags":[173,367,527,528],"class_list":["post-15746","post","type-post","status-publish","format-standard","has-post-thumbnail","hentry","category-mexico","tag-clima","tag-conagua","tag-erick","tag-huracan-categoria-3"],"_links":{"self":[{"href":"https:\/\/noticiasal.com.mx\/index.php\/wp-json\/wp\/v2\/posts\/15746"}],"collection":[{"href":"https:\/\/noticiasal.com.mx\/index.php\/wp-json\/wp\/v2\/posts"}],"about":[{"href":"https:\/\/noticiasal.com.mx\/index.php\/wp-json\/wp\/v2\/types\/post"}],"author":[{"embeddable":true,"href":"https:\/\/noticiasal.com.mx\/index.php\/wp-json\/wp\/v2\/users\/9"}],"replies":[{"embeddable":true,"href":"https:\/\/noticiasal.com.mx\/index.php\/wp-json\/wp\/v2\/comments?post=15746"}],"version-history":[{"count":1,"href":"https:\/\/noticiasal.com.mx\/index.php\/wp-json\/wp\/v2\/posts\/15746\/revisions"}],"predecessor-version":[{"id":15749,"href":"https:\/\/noticiasal.com.mx\/index.php\/wp-json\/wp\/v2\/posts\/15746\/revisions\/15749"}],"wp:featuredmedia":[{"embeddable":true,"href":"https:\/\/noticiasal.com.mx\/index.php\/wp-json\/wp\/v2\/media\/15747"}],"wp:attachment":[{"href":"https:\/\/noticiasal.com.mx\/index.php\/wp-json\/wp\/v2\/media?parent=15746"}],"wp:term":[{"taxonomy":"category","embeddable":true,"href":"https:\/\/noticiasal.com.mx\/index.php\/wp-json\/wp\/v2\/categories?post=15746"},{"taxonomy":"post_tag","embeddable":true,"href":"https:\/\/noticiasal.com.mx\/index.php\/wp-json\/wp\/v2\/tags?post=15746"}],"curies":[{"name":"wp","href":"https:\/\/api.w.org\/{rel}","templated":true}]}}