{"id":15750,"date":"2025-06-20T05:39:57","date_gmt":"2025-06-20T05:39:57","guid":{"rendered":"https:\/\/noticiasal.com.mx\/?p=15750"},"modified":"2025-06-20T05:39:57","modified_gmt":"2025-06-20T05:39:57","slug":"conforman-brigadas-internas-de-proteccion-civil-en-cucosta-con-capacitacion-especializada","status":"publish","type":"post","link":"https:\/\/noticiasal.com.mx\/index.php\/2025\/06\/20\/conforman-brigadas-internas-de-proteccion-civil-en-cucosta-con-capacitacion-especializada\/","title":{"rendered":"Conforman brigadas internas de Protecci\u00f3n Civil en CUCosta con capacitaci\u00f3n especializada"},"content":{"rendered":"<ul>\n<li>Al concluir la capacitaci\u00f3n, se conformar\u00e1 la estructura operativa de brigadas, con conocimientos para actuar eficazmente ante emergencias al interior del Centro Universitario.<\/li>\n<\/ul>\n<p><img loading=\"lazy\" decoding=\"async\" class=\"blazy wp-image-15752  alignleft\" src=\"https:\/\/noticiasal.com.mx\/wp-content\/themes\/news\/assets\/images\/picture_placeholder_list.jpg\" data-src=\"https:\/\/noticiasal.com.mx\/wp-content\/uploads\/2025\/06\/control-y-prevencion17-scaled.jpg\" alt=\"\" width=\"783\" height=\"418\" \/><noscript><img loading=\"lazy\" decoding=\"async\" class=\"wp-image-15752  alignleft\" src=\"https:\/\/noticiasal.com.mx\/wp-content\/uploads\/2025\/06\/control-y-prevencion17-scaled.jpg\" alt=\"\" width=\"783\" height=\"418\" srcset=\"https:\/\/noticiasal.com.mx\/wp-content\/uploads\/2025\/06\/control-y-prevencion17-scaled.jpg 2560w, https:\/\/noticiasal.com.mx\/wp-content\/uploads\/2025\/06\/control-y-prevencion17-300x160.jpg 300w, https:\/\/noticiasal.com.mx\/wp-content\/uploads\/2025\/06\/control-y-prevencion17-1024x546.jpg 1024w, https:\/\/noticiasal.com.mx\/wp-content\/uploads\/2025\/06\/control-y-prevencion17-768x410.jpg 768w, https:\/\/noticiasal.com.mx\/wp-content\/uploads\/2025\/06\/control-y-prevencion17-1536x820.jpg 1536w, https:\/\/noticiasal.com.mx\/wp-content\/uploads\/2025\/06\/control-y-prevencion17-2048x1093.jpg 2048w\" sizes=\"(max-width: 783px) 100vw, 783px\" \/><\/noscript>Con el objetivo de fortalecer la cultura de la prevenci\u00f3n y conformar brigadas internas de Protecci\u00f3n Civil, el Centro Universitario de la Costa (CUCosta), de la Universidad de Guadalajara, lleva a cabo una serie de capacitaciones dirigidas al personal administrativo, docente y de servicios.<\/p>\n<p>Del 17 al 23 de junio, personal de la Unidad Municipal de Protecci\u00f3n Civil y Bomberos de Puerto Vallarta imparte cursos te\u00f3rico-pr\u00e1cticos en temas clave como primeros auxilios, combate de incendios, b\u00fasqueda y rescate, conforme a los lineamientos establecidos por la Secretar\u00eda del Trabajo y Previsi\u00f3n Social.<\/p>\n<p>Durante la primera fase, 34 integrantes de la comunidad universitaria recibieron formaci\u00f3n en primeros auxilios, incluyendo maniobras para atender paros cardiorrespiratorios, obstrucciones de v\u00edas respiratorias, vendajes, uso de torniquetes y t\u00e9cnicas de inmovilizaci\u00f3n y traslado de personas heridas.<\/p>\n<p>El jueves 19 de junio inici\u00f3 el m\u00f3dulo \u00abPrevenci\u00f3n y control de incendios\u00bb, con una combinaci\u00f3n de teor\u00eda y pr\u00e1ctica en el uso de extintores y estrategias para actuar ante siniestros, con la participaci\u00f3n de 30 integrantes de las brigadas internas.<\/p>\n<p>El programa concluir\u00e1 el lunes 23 de junio con el curso de \u00abB\u00fasqueda y rescate\u00bb, que permitir\u00e1 a las brigadas contar con los conocimientos necesarios para actuar en caso de emergencias y salvaguardar a la comunidad universitaria.<\/p>\n<p>Estas acciones forman parte del compromiso institucional del CUCosta por garantizar espacios seguros y contar con personal preparado para actuar ante cualquier contingencia. La Coordinaci\u00f3n de Personal, en representaci\u00f3n de la Secretar\u00eda Administrativa, reconoci\u00f3 el esfuerzo del personal participante y agradeci\u00f3 el apoyo de los instructores de Protecci\u00f3n Civil.<\/p>\n<p><b><i>\u00a0<\/i><\/b><\/p>\n<p class=\"v1MsoNormal\"><b><i>Testimonios de participantes en los cursos<\/i><\/b><\/p>\n<p class=\"v1MsoNormal\">La comunidad universitaria participante se mostr\u00f3 satisfecha con los conocimientos adquiridos. El Mtro. C\u00e9sar Olaf Torres Corona, coordinador de Control Escolar calific\u00f3 de favorable la capacitaci\u00f3n recibida, tanto la vida personal, como la vida profesional, para poder actuar ante una contingencia y poder salvar una vida.<\/p>\n<p class=\"v1MsoNormal\">La Dra. F\u00e1tima Carrillo Gonz\u00e1lez, profesora investigadora opin\u00f3 que es muy importante esta capacitaci\u00f3n y estar preparados para enfrentar alguna situaci\u00f3n de emergencia al interior del Centro Universitario y tener mayor seguridad al momento de formar parte de las brigadas de protecci\u00f3n civil internas.<\/p>\n<p class=\"v1MsoNormal\">Finalmente, el Dr. Daniel Badillo Zapata, profesor investigador reconoci\u00f3 que el cuerpo acad\u00e9mico y administrativos, entiendan c\u00f3mo actuar en una emergencia, y conocer las herramientas, que se requieren para auxiliar a personas heridas<\/p>\n","protected":false},"excerpt":{"rendered":"<p>Al concluir la capacitaci\u00f3n, se conformar\u00e1 la estructura operativa de brigadas, con conocimientos para actuar eficazmente ante emergencias al interior del Centro Universitario. Con el objetivo de fortalecer la cultura de la prevenci\u00f3n y conformar brigadas internas de Protecci\u00f3n Civil, el Centro Universitario de la Costa (CUCosta), de la Universidad de Guadalajara, lleva a cabo [&hellip;]<\/p>\n","protected":false},"author":9,"featured_media":15751,"comment_status":"open","ping_status":"closed","sticky":false,"template":"","format":"standard","meta":{"footnotes":""},"categories":[1],"tags":[529,337,187],"class_list":["post-15750","post","type-post","status-publish","format-standard","has-post-thumbnail","hentry","category-uncategorized","tag-brigadistas","tag-cucosta","tag-puerto-vallarta"],"_links":{"self":[{"href":"https:\/\/noticiasal.com.mx\/index.php\/wp-json\/wp\/v2\/posts\/15750"}],"collection":[{"href":"https:\/\/noticiasal.com.mx\/index.php\/wp-json\/wp\/v2\/posts"}],"about":[{"href":"https:\/\/noticiasal.com.mx\/index.php\/wp-json\/wp\/v2\/types\/post"}],"author":[{"embeddable":true,"href":"https:\/\/noticiasal.com.mx\/index.php\/wp-json\/wp\/v2\/users\/9"}],"replies":[{"embeddable":true,"href":"https:\/\/noticiasal.com.mx\/index.php\/wp-json\/wp\/v2\/comments?post=15750"}],"version-history":[{"count":1,"href":"https:\/\/noticiasal.com.mx\/index.php\/wp-json\/wp\/v2\/posts\/15750\/revisions"}],"predecessor-version":[{"id":15753,"href":"https:\/\/noticiasal.com.mx\/index.php\/wp-json\/wp\/v2\/posts\/15750\/revisions\/15753"}],"wp:featuredmedia":[{"embeddable":true,"href":"https:\/\/noticiasal.com.mx\/index.php\/wp-json\/wp\/v2\/media\/15751"}],"wp:attachment":[{"href":"https:\/\/noticiasal.com.mx\/index.php\/wp-json\/wp\/v2\/media?parent=15750"}],"wp:term":[{"taxonomy":"category","embeddable":true,"href":"https:\/\/noticiasal.com.mx\/index.php\/wp-json\/wp\/v2\/categories?post=15750"},{"taxonomy":"post_tag","embeddable":true,"href":"https:\/\/noticiasal.com.mx\/index.php\/wp-json\/wp\/v2\/tags?post=15750"}],"curies":[{"name":"wp","href":"https:\/\/api.w.org\/{rel}","templated":true}]}}