{"id":15762,"date":"2025-06-21T02:16:48","date_gmt":"2025-06-21T02:16:48","guid":{"rendered":"https:\/\/noticiasal.com.mx\/?p=15762"},"modified":"2025-06-21T02:16:48","modified_gmt":"2025-06-21T02:16:48","slug":"mexico-con-el-mayor-descenso-de-pobreza-en-una-decada-ocde","status":"publish","type":"post","link":"https:\/\/noticiasal.com.mx\/index.php\/2025\/06\/21\/mexico-con-el-mayor-descenso-de-pobreza-en-una-decada-ocde\/","title":{"rendered":"M\u00e9xico, con el mayor descenso de pobreza en una d\u00e9cada: OCDE"},"content":{"rendered":"<ul>\n<li>En el informe Government at a Glance, publicado este jueves, la organizaci\u00f3n destac\u00f3 que la redistribuci\u00f3n del gasto gubernamental es un acento de la reducci\u00f3n de las desigualdades en algunas de las econom\u00edas de la OCDE.<\/li>\n<\/ul>\n<blockquote>\n<p class=\"nota-justify\">M\u00e9xico registr\u00f3 en una d\u00e9cada la mayor ca\u00edda de pobreza relativa entre los pa\u00edses de la Organizaci\u00f3n para la Cooperaci\u00f3n y el Desarrollo Econ\u00f3micos (OCDE), de acuerdo con un informe del organismo.<\/p>\n<\/blockquote>\n<p class=\"nota-justify\"><img loading=\"lazy\" decoding=\"async\" class=\"blazy wp-image-15764 size-full alignleft\" src=\"https:\/\/noticiasal.com.mx\/wp-content\/themes\/news\/assets\/images\/picture_placeholder_list.jpg\" data-src=\"https:\/\/noticiasal.com.mx\/wp-content\/uploads\/2025\/06\/OCDE.jpg\" alt=\"\" width=\"299\" height=\"168\" \/><noscript><img loading=\"lazy\" decoding=\"async\" class=\"wp-image-15764 size-full alignleft\" src=\"https:\/\/noticiasal.com.mx\/wp-content\/uploads\/2025\/06\/OCDE.jpg\" alt=\"\" width=\"299\" height=\"168\" \/><\/noscript>Si bien la pobreza relativa, que compara la situaci\u00f3n de una persona respecto al resto de la poblaci\u00f3n de su pa\u00eds, tuvo pocas variaciones en la mayor\u00eda de los pa\u00edses de la OCDE, se redujo 3.9 por ciento en M\u00e9xico y 3.7 por ciento en Turqu\u00eda a lo largo de la d\u00e9cada de 2012 a 2021.<\/p>\n<p class=\"nota-justify\">En el informe\u00a0<i>Government at a Glance<\/i>, publicado este jueves, la organizaci\u00f3n destac\u00f3 que la redistribuci\u00f3n del gasto gubernamental es un acento de la reducci\u00f3n de las desigualdades en algunas de las econom\u00edas de la OCDE.<\/p>\n<p class=\"nota-justify\">En el documento exhibe que adem\u00e1s de liderar la reducci\u00f3n de la pobreza relativa, M\u00e9xico es el pa\u00eds de la OCDE donde hay mayor confianza de la poblaci\u00f3n que sus gobierno logren equilibrar los intereses de las generaciones actuales y futuras.<\/p>\n<p class=\"nota-justify\">No obstante, es el m\u00e1s deficiente cuando se analiza la esperanza de vida al nacer y el gasto p\u00fablico en salud \u2014lo que hace que tambi\u00e9n tenga el gasto de bolsillo m\u00e1s alto para las familias\u2014, as\u00ed como en los rendimientos de la prueba PISA, que eval\u00faa las habilidades de estudiantes en lectura, matem\u00e1ticas y ciencia.<\/p>\n<p class=\"nota-justify\">De acuerdo con los resultados detallados en el informe, s\u00f3lo el 37 por ciento de los habitantes de los pa\u00edses de la OCDE considera que su gobierno equilibra adecuadamente los intereses de las generaciones actuales y futuras, una proporci\u00f3n similar en todos los grupos de edad.<\/p>\n<p class=\"nota-justify\">M\u00e9xico, con una proporci\u00f3n de 63 por ciento y Suiza, del 52 por ciento, son los \u00fanicos pa\u00edses de la OCDE donde la mayor\u00eda de la poblaci\u00f3n conf\u00eda en que su gobierno logre este equilibrio intergeneracional, consign\u00f3 la organizaci\u00f3n.<\/p>\n<p class=\"nota-justify\">A la vez, en doce de una treintena de pa\u00edses donde se tienen datos, las personas de 18 a 29 a\u00f1os tienen menos confianza en el desempe\u00f1o de su gobierno en este aspecto que el promedio de su pa\u00eds.<\/p>\n<p class=\"nota-justify\">De acuerdo con el informe donde se analizan varios aspectos de la administraci\u00f3n p\u00fablica en los pa\u00edses que conforman la OCDE, \u201cla redistribuci\u00f3n gubernamental de la renta reduce la pobreza relativa en todos los pa\u00edses\u201d en los que hay evidencia cuantitativa.<\/p>\n<p class=\"nota-justify\">\u201cEn promedio, en la OCDE, el 27 por ciento de las personas se encuentra en situaci\u00f3n de pobreza relativa antes de impuestos y transferencias, como prestaciones por hijo, vivienda o desempleo. Esta cifra se reduce al 11 por ciento despu\u00e9s de considerar impuestos y transferencias\u201d, apunta la organizaci\u00f3n.<\/p>\n<p class=\"nota-justify\">A la vez, esta redistribuci\u00f3n de los recursos p\u00fablicos tambi\u00e9n mide la desigualdad medida a trav\u00e9s del \u00edndice de Gini, en el cual entre m\u00e1s se tiende a cero hay mayor igualdad y entre m\u00e1s se acerca a un punto, mayor desigualdad.<\/p>\n<p class=\"nota-justify\">En los pa\u00edses de la OCDE, con datos a 2021, el nivel promedio de desigualdad antes de impuestos y transferencias gubernamentales fue de 0.46 puntos y de 0.32 despu\u00e9s.<\/p>\n<p class=\"nota-justify\">Los impuestos y transferencias tienen el mayor efecto sobre la reducci\u00f3n de la desigualdad en Rep\u00fablica Checa y Finlandia (ambos con 0.24 puntos). Pero al ver los avances en el tiempo, de 2012 a 2021, los pa\u00edses que han logrado un mayor avance en reducir la desigualdad, son Corea y M\u00e9xico (ambos 0.06 puntos).<\/p>\n<p>Fuente: <a href=\"https:\/\/www.jornada.com.mx\/noticia\/2025\/06\/19\/economia\/mexico-con-el-mayor-descenso-de-pobreza-en-una-decada-ocde\" target=\"_blank\" rel=\"noopener\">Jornada<\/a><\/p>\n","protected":false},"excerpt":{"rendered":"<p>En el informe Government at a Glance, publicado este jueves, la organizaci\u00f3n destac\u00f3 que la redistribuci\u00f3n del gasto gubernamental es un acento de la reducci\u00f3n de las desigualdades en algunas de las econom\u00edas de la OCDE. M\u00e9xico registr\u00f3 en una d\u00e9cada la mayor ca\u00edda de pobreza relativa entre los pa\u00edses de la Organizaci\u00f3n para la [&hellip;]<\/p>\n","protected":false},"author":9,"featured_media":15763,"comment_status":"open","ping_status":"closed","sticky":false,"template":"","format":"standard","meta":{"footnotes":""},"categories":[148],"tags":[185,533,532],"class_list":["post-15762","post","type-post","status-publish","format-standard","has-post-thumbnail","hentry","category-mexico","tag-mexico","tag-ocde","tag-pobreza"],"_links":{"self":[{"href":"https:\/\/noticiasal.com.mx\/index.php\/wp-json\/wp\/v2\/posts\/15762"}],"collection":[{"href":"https:\/\/noticiasal.com.mx\/index.php\/wp-json\/wp\/v2\/posts"}],"about":[{"href":"https:\/\/noticiasal.com.mx\/index.php\/wp-json\/wp\/v2\/types\/post"}],"author":[{"embeddable":true,"href":"https:\/\/noticiasal.com.mx\/index.php\/wp-json\/wp\/v2\/users\/9"}],"replies":[{"embeddable":true,"href":"https:\/\/noticiasal.com.mx\/index.php\/wp-json\/wp\/v2\/comments?post=15762"}],"version-history":[{"count":1,"href":"https:\/\/noticiasal.com.mx\/index.php\/wp-json\/wp\/v2\/posts\/15762\/revisions"}],"predecessor-version":[{"id":15765,"href":"https:\/\/noticiasal.com.mx\/index.php\/wp-json\/wp\/v2\/posts\/15762\/revisions\/15765"}],"wp:featuredmedia":[{"embeddable":true,"href":"https:\/\/noticiasal.com.mx\/index.php\/wp-json\/wp\/v2\/media\/15763"}],"wp:attachment":[{"href":"https:\/\/noticiasal.com.mx\/index.php\/wp-json\/wp\/v2\/media?parent=15762"}],"wp:term":[{"taxonomy":"category","embeddable":true,"href":"https:\/\/noticiasal.com.mx\/index.php\/wp-json\/wp\/v2\/categories?post=15762"},{"taxonomy":"post_tag","embeddable":true,"href":"https:\/\/noticiasal.com.mx\/index.php\/wp-json\/wp\/v2\/tags?post=15762"}],"curies":[{"name":"wp","href":"https:\/\/api.w.org\/{rel}","templated":true}]}}