{"id":15796,"date":"2025-06-25T06:52:57","date_gmt":"2025-06-25T06:52:57","guid":{"rendered":"https:\/\/noticiasal.com.mx\/?p=15796"},"modified":"2025-06-25T06:52:57","modified_gmt":"2025-06-25T06:52:57","slug":"aprueban-ley-nacional-para-eliminar-tramites-burocraticos","status":"publish","type":"post","link":"https:\/\/noticiasal.com.mx\/index.php\/2025\/06\/25\/aprueban-ley-nacional-para-eliminar-tramites-burocraticos\/","title":{"rendered":"Aprueban Ley Nacional para Eliminar Tr\u00e1mites Burocr\u00e1ticos"},"content":{"rendered":"<ul>\n<li>El\u00a0<strong>Senado de la Rep\u00fablica<\/strong>\u00a0<strong>aprob\u00f3\u00a0<\/strong>la\u00a0<strong>Ley Nacional para Eliminar Tr\u00e1mites Burocr\u00e1ticos<\/strong>, con el objetivo de\u00a0<strong>simplificar procesos administrativos\u00a0<\/strong>en los tres \u00f3rdenes de Gobierno y avanzar hacia un modelo de\u00a0<strong>Gobierno digital unificado<\/strong>.<\/li>\n<\/ul>\n<p>Con\u00a0<strong>75 votos a favor y 37 en contra<\/strong>, la mayor\u00eda oficialista aval\u00f3 el dictamen que ahora pasar\u00e1 a la C\u00e1mara de Diputados para continuar su proceso legislativo.<\/p>\n<p><strong><em>\u201cPermitir\u00e1 la implementaci\u00f3n homog\u00e9nea, ordenada y efectiva en todo el pa\u00eds en un modelo nacional de simplificaci\u00f3n y digitalizaci\u00f3n. Se requiere homogeneizar la calidad del servicio para todo el pa\u00eds, independiente de los tres niveles de Gobierno, pero tambi\u00e9n independientemente del origen de ese gobierno, si no se hiciera esta parte normativa entonces tendr\u00edamos ciudadanos de primera y de segunda\u201d, \u00a0Waldo Fern\u00e1ndez Gonz\u00e1lez, senador del PVEM<\/em><\/strong><\/p>\n<h2 id=\"h-se-crea-la-agencia-nacional-de-digitalizacion\" class=\"wp-block-heading\">Se crea la Agencia Nacional de Digitalizaci\u00f3n<\/h2>\n<p>La ley establece que la\u00a0<strong>Agencia de Transformaci\u00f3n Digital y Telecomunicaciones<\/strong>\u00a0ser\u00e1 la\u00a0<strong>autoridad responsable a nivel nacional<\/strong>\u00a0de supervisar y ejecutar el nuevo modelo digital, incluyendo la reducci\u00f3n del\u00a0<strong>50% de tr\u00e1mites y tiempos de respuesta<\/strong>, seg\u00fan explic\u00f3 la senadora de Morena,\u00a0<strong>Olga Sosa Ruiz<\/strong>.<\/p>\n<p><strong><em>\u201cSe van a reducir el 50% de los tr\u00e1mites, requisitos y tiempos de resoluci\u00f3n, actualmente a nivel federal existen 7 mil tr\u00e1mites, en los estados de la Rep\u00fablica hay 523 tr\u00e1mites y en cada municipio hay 144 tr\u00e1mites y una persona en toda su vida realiza en promedio 486 tr\u00e1mites, una carga pesada y sobre todo porque alrededor del 75% de ellos se realiza de manera presencial\u201d,\u00a0<\/em><\/strong><em>Olga Patricia Sosa Ruiz, senadora de Morena<\/em><\/p>\n<div class=\"code-block code-block-8\"><\/div>\n<h2 id=\"h-implementacion-de-la-llave-mx\" class=\"wp-block-heading\">Implementaci\u00f3n de la Llave MX<\/h2>\n<p>La iniciativa contempla la\u00a0<strong>implementaci\u00f3n obligatoria de la Llave MX<\/strong>. Se trata de un\u00a0<strong>sistema\u00a0<\/strong>de\u00a0<strong>autenticaci\u00f3n\u00a0<\/strong>en\u00a0<strong>medios digitales\u00a0<\/strong>para las\u00a0<strong>personas\u00a0<\/strong>que\u00a0<strong>deseen\u00a0<\/strong>hacer alg\u00fan\u00a0<strong>tr\u00e1mite<\/strong>. Sin embargo, para la\u00a0<strong>oposici\u00f3n\u00a0<\/strong>esta\u00a0<strong>medida\u00a0<\/strong>conlleva\u00a0<strong>altos riesgos<\/strong>.<\/p>\n<h2 id=\"h-oposicion-critica-la-ley-nacional-para-eliminar-tramites-burocraticos\" class=\"wp-block-heading\">Oposici\u00f3n cr\u00edtica la ley Nacional para Eliminar Tr\u00e1mites Burocr\u00e1ticos<\/h2>\n<p>La senadora del PAN,\u00a0<strong>Laura Torres Esquivel<\/strong>, acus\u00f3 que el Gobierno busca\u00a0<strong>centralizar todos los datos personales de los mexicanos<\/strong>\u00a0en una agencia controlada por el Ejecutivo, se\u00f1alando directamente a\u00a0<strong>Jos\u00e9 Merino<\/strong>, titular de la\u00a0<strong>Agencia Digital en la Ciudad de M\u00e9xico.<\/strong><\/p>\n<p><strong><em>\u201cLlave asociada directamente a la CURP biom\u00e9trica, o sea van a tener absolutamente los datos de todos los mexicanos a cargo de una agencia que \u00bfQui\u00e9n controla? Claro, el Ejecutivo federal. Todos estos datos estar\u00e1n a cargo del Big Brother Jos\u00e9 Merino y si alguien no recuerda qui\u00e9n es ese se\u00f1or, pues ese se\u00f1or fue quien en la pandemia de COVID decidi\u00f3 hacer un experimento con enfermos de COVID, inyect\u00e1ndoles ivermectina aun cuando no hab\u00eda un s\u00f3lo estudio ni nada que garantizara que esa medicina serv\u00eda\u201d,\u00a0<\/em><\/strong><em>Laura Torres Esquivel, senadora del PAN<\/em><\/p>\n<p>Desde Movimiento Ciudadano,\u00a0<strong>Alejandra Barrales<\/strong>\u00a0alert\u00f3 que la ley elimina<strong>\u00a0facultades a municipios y estados<\/strong>.<\/p>\n<p><strong><em>\u201cEn lugar de ser una iniciativa que proponga eficientar tr\u00e1mites, que proponga aminorar requisitos, lo que se est\u00e1 haciendo es eliminar las facultades de los municipios y del propio Estado, concentr\u00e1ndolos de nueva cuenta \u00bfAdivine en d\u00f3nde? S\u00ed, otra vez, en la Agencia de Transformaci\u00f3n Digital\u201d,\u00a0<\/em><\/strong><em>Alejandra Barrales, senadora de Movimiento Ciudadano<\/em><\/p>\n<p>Por su parte, el\u00a0<strong>PRI\u00a0<\/strong>advirti\u00f3 que adem\u00e1s de\u00a0<strong>transgredir\u00a0<\/strong>el\u00a0<strong>federalismo<\/strong>, la\u00a0<strong>norma\u00a0<\/strong>tiene\u00a0<strong>vicios\u00a0<\/strong>de\u00a0<strong>inconstitucionalidad<\/strong>.<\/p>\n<p><strong><em>\u201cYo quiero saber qui\u00e9n fue el burro con zapatos que escribi\u00f3 esta iniciativa y se la pas\u00f3 a firmar a la presidenta. Esta no es una ley general, esta es una ley federal, quiere decir que s\u00f3lo la deben de atender las entidades federales, no las estatales y las municipales, por qu\u00e9 revuelven todo, no tienen ni la menor idea de lo que est\u00e1n haciendo\u201d,<\/em><\/strong><em>\u00a0Claudia Edith Anaya, senadora del PRI<\/em><\/p>\n<h2 id=\"h-que-dice-la-ley\" class=\"wp-block-heading\">\u00bfQu\u00e9 dice la ley?<\/h2>\n<p><strong>Art\u00edculo 8:<\/strong>\u00a0la\u00a0<strong>Agencia de Transformaci\u00f3n Digital<\/strong>\u00a0y\u00a0<strong>Telecomunicaciones es la Autoridad Nacional de Simplificaci\u00f3n\u00a0<\/strong>y\u00a0<strong>Digitalizaci\u00f3n<\/strong>, y es la\u00a0<strong>responsable,\u00a0<\/strong>a nivel\u00a0<strong>nacional\u00a0<\/strong>y en el\u00a0<strong>\u00e1mbito federal<\/strong>, de\u00a0<strong>implementar<\/strong>,\u00a0<strong>supervisar\u00a0<\/strong>y\u00a0<strong>vigilar\u00a0<\/strong>la\u00a0<strong>aplicaci\u00f3n\u00a0<\/strong>de la\u00a0<strong>presente Ley.<\/strong><\/p>\n<p><strong>Art\u00edculo 25:<\/strong>\u00a0las\u00a0<strong>entidades federativas\u00a0<\/strong>deber\u00e1n contar con un\u00a0<strong>\u00e1rea encargada\u00a0<\/strong>de\u00a0<strong>llevar\u00a0<\/strong>a cabo el\u00a0<strong>desarrollo\u00a0<\/strong>de\u00a0<strong>soluciones tecnol\u00f3gicas<\/strong>, con el fin de promover la\u00a0<strong>autonom\u00eda\u00a0<\/strong>e\u00a0<strong>independencia tecnol\u00f3gicas<\/strong>, estableciendo la rector\u00eda del\u00a0<strong>Estado\u00a0<\/strong>en la\u00a0<strong>definici\u00f3n\u00a0<\/strong>de sus\u00a0<strong>Tecnolog\u00edas\u00a0<\/strong>de la\u00a0<strong>Informaci\u00f3n\u00a0<\/strong>y\u00a0<strong>Comunicaci\u00f3n<\/strong>.<\/p>\n<p>La\u00a0<strong>minuta\u00a0<\/strong>fue\u00a0<strong>remitida\u00a0<\/strong>a la\u00a0<strong>C\u00e1mara de Diputados\u00a0<\/strong>para su\u00a0<strong>tr\u00e1mite parlamentario<\/strong>.<\/p>\n","protected":false},"excerpt":{"rendered":"<p>El\u00a0Senado de la Rep\u00fablica\u00a0aprob\u00f3\u00a0la\u00a0Ley Nacional para Eliminar Tr\u00e1mites Burocr\u00e1ticos, con el objetivo de\u00a0simplificar procesos administrativos\u00a0en los tres \u00f3rdenes de Gobierno y avanzar hacia un modelo de\u00a0Gobierno digital unificado. Con\u00a075 votos a favor y 37 en contra, la mayor\u00eda oficialista aval\u00f3 el dictamen que ahora pasar\u00e1 a la C\u00e1mara de Diputados para continuar su proceso legislativo. [&hellip;]<\/p>\n","protected":false},"author":9,"featured_media":15798,"comment_status":"open","ping_status":"closed","sticky":false,"template":"","format":"standard","meta":{"footnotes":""},"categories":[148],"tags":[549,548,550],"class_list":["post-15796","post","type-post","status-publish","format-standard","has-post-thumbnail","hentry","category-mexico","tag-digitalizacion","tag-seanado","tag-tramite-burocrativos"],"_links":{"self":[{"href":"https:\/\/noticiasal.com.mx\/index.php\/wp-json\/wp\/v2\/posts\/15796"}],"collection":[{"href":"https:\/\/noticiasal.com.mx\/index.php\/wp-json\/wp\/v2\/posts"}],"about":[{"href":"https:\/\/noticiasal.com.mx\/index.php\/wp-json\/wp\/v2\/types\/post"}],"author":[{"embeddable":true,"href":"https:\/\/noticiasal.com.mx\/index.php\/wp-json\/wp\/v2\/users\/9"}],"replies":[{"embeddable":true,"href":"https:\/\/noticiasal.com.mx\/index.php\/wp-json\/wp\/v2\/comments?post=15796"}],"version-history":[{"count":1,"href":"https:\/\/noticiasal.com.mx\/index.php\/wp-json\/wp\/v2\/posts\/15796\/revisions"}],"predecessor-version":[{"id":15799,"href":"https:\/\/noticiasal.com.mx\/index.php\/wp-json\/wp\/v2\/posts\/15796\/revisions\/15799"}],"wp:featuredmedia":[{"embeddable":true,"href":"https:\/\/noticiasal.com.mx\/index.php\/wp-json\/wp\/v2\/media\/15798"}],"wp:attachment":[{"href":"https:\/\/noticiasal.com.mx\/index.php\/wp-json\/wp\/v2\/media?parent=15796"}],"wp:term":[{"taxonomy":"category","embeddable":true,"href":"https:\/\/noticiasal.com.mx\/index.php\/wp-json\/wp\/v2\/categories?post=15796"},{"taxonomy":"post_tag","embeddable":true,"href":"https:\/\/noticiasal.com.mx\/index.php\/wp-json\/wp\/v2\/tags?post=15796"}],"curies":[{"name":"wp","href":"https:\/\/api.w.org\/{rel}","templated":true}]}}