{"id":15800,"date":"2025-06-25T07:01:53","date_gmt":"2025-06-25T07:01:53","guid":{"rendered":"https:\/\/noticiasal.com.mx\/?p=15800"},"modified":"2025-06-25T07:01:53","modified_gmt":"2025-06-25T07:01:53","slug":"checo-perez-se-que-en-red-bull-se-arrepienten-de-haberme-dejado-ir","status":"publish","type":"post","link":"https:\/\/noticiasal.com.mx\/index.php\/2025\/06\/25\/checo-perez-se-que-en-red-bull-se-arrepienten-de-haberme-dejado-ir\/","title":{"rendered":"Checo P\u00e9rez: S\u00e9 que en Red Bull se arrepienten de haberme dejado ir"},"content":{"rendered":"<ul>\n<li class=\"node-summary\">Sergio P\u00e9rez realiz\u00f3 algunas revelaciones sobre su salida de Red Bull y se\u00f1al\u00f3 que se sinti\u00f3 desprotegido por el equipo quienes, al final, fueron los que propiciaron el ambiente t\u00f3xico.<\/li>\n<\/ul>\n<p><strong>Sergio P\u00e9rez<\/strong>\u00a0se\u00f1al\u00f3 que sabe de una fuente cercana que en\u00a0<strong><a href=\"https:\/\/www.excelsior.com.mx\/adrenalina\/red-bull#view-1\" target=\"_blank\" rel=\"noopener\">Red Bull<\/a><\/strong> se arrepienten de haberlo dejado ir del equipo al finalizar la temporada 2024 y lamenta la situaci\u00f3n que est\u00e1n viviendo sus reemplazos que exhiben las complicaciones dentro del equipo.<\/p>\n<blockquote><p>\u201cYo creo que al final el deporte es as\u00ed y se tomaron decisiones porque ya hab\u00eda demasiada presi\u00f3n que ellos mismos la acabaron generando\u2026 Pero yo s\u00e9 que muy en el fondo est\u00e1n muy arrepentidos. Eso s\u00ed, eso lo s\u00e9 de muy buena fuente\u201d, dijo Checo P\u00e9rez en una entrevista en el podcast Desde el Paddock.<\/p><\/blockquote>\n<p>El mexicano fue despedido de Red Bull\u00a0al finalizar la temporada 2024 por \u00f3rdenes de Christian Horner y Helmut Marko, aunque su salida anticipada le cost\u00f3 al equipo el pago de una indemnizaci\u00f3n de las dos campa\u00f1as adicionales que ya ten\u00eda firmadas hasta el 2026, referente a eso brome\u00f3 diciendo que le pagaron \u201ccomo si fueran seis (a\u00f1os)\u201d.<\/p>\n<p>El tapat\u00edo dijo adem\u00e1s que no se sinti\u00f3 protegido por\u00a0<strong>Red Bull<\/strong>, de hecho, sinti\u00f3 que ellos mismos avivaron el fuego de los rumores de su salida a pesar de que ten\u00eda un contrato firmado desde M\u00f3naco en el 2024 con su extensi\u00f3n.<\/p>\n<p>\u201cCuando firmo yo el contrato en en M\u00f3naco a partir de la siguiente carrera ya todo mundo hablaba de mi futuro, cuando yo ten\u00eda ya un contrato firmado. Tan f\u00e1cil como hubiera sido que el equipo me protegiera y dijera \u2018\u00bfsabes qu\u00e9? Tenemos piloto firmado por los pr\u00f3ximos 2 a\u00f1os. Pero no fue as\u00ed\u201d.<\/p>\n<p>\u201cEntonces ya nadie hablaba de otras cosas en Red Bull, todo era de carrera a carrera. Al final hab\u00eda mucha presi\u00f3n en mi lado del garaje, porque esa presi\u00f3n llegaba much\u00edsimo a los ingenieros\u201d<\/p>\n<div class=\"node-content\">\n<div id=\"node-article-body\" class=\"node-body\">\n<div class=\"field field-name-body field-type-text-with-summary field-label-hidden\">\n<div class=\"field-items\">\n<div class=\"field-item even\">\n<div class=\"banner-content-ads\">\n<div class=\"dugout-video dugout-embed-eyJrZXkiOiIiLCJwIjoiZ3J1cG9pbWFnZW4tbWV4aWNvIiwicGwiOiJNcVNkM0VwTiJ9\">\n<div class=\"of-widget-inner\">\n<div id=\"jwPlacementDiv_CHfLbv8E\" data-jw-placement-id=\"CHfLbv8E\">\n<div id=\"jwExperienceDiv_dqiq779ive0x\" class=\"jwplayer jw-reset jw-state-playing jw-stretch-uniform jw-flag-aspect-mode jw-breakpoint-4 jw-floating-dismissible jw-flag-ads jw-flag-ads-googleima jw-flag-user-inactive\" tabindex=\"0\" role=\"application\" aria-label=\"Video Player - El PSG llega a Atlanta para los octavos frente al Inter Miami\" aria-describedby=\"jw-jwExperienceDiv_dqiq779ive0x-shortcuts-tooltip-explanation\">\n<div class=\"afs_ads ad-placement\"><\/div>\n<\/div>\n<\/div>\n<\/div>\n<\/div>\n<\/div>\n<p>A pesar de su salida abrupta, P\u00e9rez indic\u00f3 que no tiene rencor a Red Bull dado que dej\u00f3 varios amigos y solo quiere tener en mente los buenos momentos, por lo cual no se alegra de la situaci\u00f3n que est\u00e1 viviendo la escuder\u00eda cayendo hasta el cuarto puesto del campeonato de constructores.<\/p>\n<p>\u201cLa gente pensar\u00e1 que me da gusto, pero no. Al final, Max (Verstappen) se merece todo el \u00e9xito que est\u00e1 teniendo\u201d.<\/p>\n<blockquote><p>\u201cCreo que ten\u00edamos un gran equipo que al final se fue derrumbando poco a poco\u201d.<\/p><\/blockquote>\n<\/div>\n<\/div>\n<\/div>\n<\/div>\n<\/div>\n<p>&nbsp;<\/p>\n","protected":false},"excerpt":{"rendered":"<p>Sergio P\u00e9rez realiz\u00f3 algunas revelaciones sobre su salida de Red Bull y se\u00f1al\u00f3 que se sinti\u00f3 desprotegido por el equipo quienes, al final, fueron los que propiciaron el ambiente t\u00f3xico. Sergio P\u00e9rez\u00a0se\u00f1al\u00f3 que sabe de una fuente cercana que en\u00a0Red Bull se arrepienten de haberlo dejado ir del equipo al finalizar la temporada 2024 y [&hellip;]<\/p>\n","protected":false},"author":9,"featured_media":15801,"comment_status":"open","ping_status":"closed","sticky":false,"template":"","format":"standard","meta":{"footnotes":""},"categories":[150],"tags":[219,357,185,551],"class_list":["post-15800","post","type-post","status-publish","format-standard","has-post-thumbnail","hentry","category-deportes","tag-checo-perez","tag-formula-1","tag-mexico","tag-red-bull"],"_links":{"self":[{"href":"https:\/\/noticiasal.com.mx\/index.php\/wp-json\/wp\/v2\/posts\/15800"}],"collection":[{"href":"https:\/\/noticiasal.com.mx\/index.php\/wp-json\/wp\/v2\/posts"}],"about":[{"href":"https:\/\/noticiasal.com.mx\/index.php\/wp-json\/wp\/v2\/types\/post"}],"author":[{"embeddable":true,"href":"https:\/\/noticiasal.com.mx\/index.php\/wp-json\/wp\/v2\/users\/9"}],"replies":[{"embeddable":true,"href":"https:\/\/noticiasal.com.mx\/index.php\/wp-json\/wp\/v2\/comments?post=15800"}],"version-history":[{"count":1,"href":"https:\/\/noticiasal.com.mx\/index.php\/wp-json\/wp\/v2\/posts\/15800\/revisions"}],"predecessor-version":[{"id":15802,"href":"https:\/\/noticiasal.com.mx\/index.php\/wp-json\/wp\/v2\/posts\/15800\/revisions\/15802"}],"wp:featuredmedia":[{"embeddable":true,"href":"https:\/\/noticiasal.com.mx\/index.php\/wp-json\/wp\/v2\/media\/15801"}],"wp:attachment":[{"href":"https:\/\/noticiasal.com.mx\/index.php\/wp-json\/wp\/v2\/media?parent=15800"}],"wp:term":[{"taxonomy":"category","embeddable":true,"href":"https:\/\/noticiasal.com.mx\/index.php\/wp-json\/wp\/v2\/categories?post=15800"},{"taxonomy":"post_tag","embeddable":true,"href":"https:\/\/noticiasal.com.mx\/index.php\/wp-json\/wp\/v2\/tags?post=15800"}],"curies":[{"name":"wp","href":"https:\/\/api.w.org\/{rel}","templated":true}]}}