{"id":15846,"date":"2025-06-30T21:28:50","date_gmt":"2025-06-30T21:28:50","guid":{"rendered":"https:\/\/noticiasal.com.mx\/?p=15846"},"modified":"2025-06-30T21:28:50","modified_gmt":"2025-06-30T21:28:50","slug":"wendy-hernandez-y-alexa-acuna-de-nayarit-se-coronan-campeonas-en-los-100-metros-con-vallas-en-la-olimpiada-nacional-conade","status":"publish","type":"post","link":"https:\/\/noticiasal.com.mx\/index.php\/2025\/06\/30\/wendy-hernandez-y-alexa-acuna-de-nayarit-se-coronan-campeonas-en-los-100-metros-con-vallas-en-la-olimpiada-nacional-conade\/","title":{"rendered":"Wendy Hern\u00e1ndez y Alexa Acu\u00f1a, de Nayarit, se coronan campeonas en los 100 metros con vallas en la Olimpiada Nacional CONADE"},"content":{"rendered":"<ul>\n<li>Al\u00ed Cortez consigue podio nacional al ganar medalla de bronce en la prueba de Lanzamiento de Martillo, categor\u00eda Sub23<\/li>\n<\/ul>\n<p>Apizaco, Tlaxcala, 30 de junio de 2025 \u2014 Nayarit brill\u00f3 con fuerza en la pista \u201cUna Nueva Historia\u201d de Apizaco, Tlaxcala, durante la Olimpiada Nacional CONADE 2025, gracias a las destacadas actuaciones de las atletas Wendy Hern\u00e1ndez y Alexa Acu\u00f1a, quienes se proclamaron campeonas nacionales en la prueba de 100 metros con vallas en las categor\u00edas Sub20 y Sub23 femenil, respectivamente.<\/p>\n<p><img loading=\"lazy\" decoding=\"async\" class=\"blazy wp-image-15848  alignleft\" src=\"https:\/\/noticiasal.com.mx\/wp-content\/themes\/news\/assets\/images\/picture_placeholder_list.jpg\" data-src=\"https:\/\/noticiasal.com.mx\/wp-content\/uploads\/2025\/06\/WhatsApp-Image-2025-06-30-at-3.02.40-PM-2.jpeg\" alt=\"\" width=\"536\" height=\"357\" \/><noscript><img loading=\"lazy\" decoding=\"async\" class=\"wp-image-15848  alignleft\" src=\"https:\/\/noticiasal.com.mx\/wp-content\/uploads\/2025\/06\/WhatsApp-Image-2025-06-30-at-3.02.40-PM-2.jpeg\" alt=\"\" width=\"536\" height=\"357\" srcset=\"https:\/\/noticiasal.com.mx\/wp-content\/uploads\/2025\/06\/WhatsApp-Image-2025-06-30-at-3.02.40-PM-2.jpeg 1600w, https:\/\/noticiasal.com.mx\/wp-content\/uploads\/2025\/06\/WhatsApp-Image-2025-06-30-at-3.02.40-PM-2-300x200.jpeg 300w, https:\/\/noticiasal.com.mx\/wp-content\/uploads\/2025\/06\/WhatsApp-Image-2025-06-30-at-3.02.40-PM-2-1024x682.jpeg 1024w, https:\/\/noticiasal.com.mx\/wp-content\/uploads\/2025\/06\/WhatsApp-Image-2025-06-30-at-3.02.40-PM-2-768x512.jpeg 768w, https:\/\/noticiasal.com.mx\/wp-content\/uploads\/2025\/06\/WhatsApp-Image-2025-06-30-at-3.02.40-PM-2-1536x1023.jpeg 1536w\" sizes=\"(max-width: 536px) 100vw, 536px\" \/><\/noscript>Wendy Hern\u00e1ndez se llev\u00f3 la medalla de oro en la categor\u00eda Sub20 con un tiempo de 14.66 segundos, demostrando gran velocidad, t\u00e9cnica y madurez competitiva. Su dominio en la pista fue evidente desde la salida, manteniendo el ritmo hasta cruzar la meta en primer lugar.<\/p>\n<p>Por su parte, Alexa Acu\u00f1a reafirm\u00f3 el poder\u00edo nayarita en la categor\u00eda Sub23 al detener el cron\u00f3metro en 14.41 segundos, en una carrera donde impuso condiciones desde el inicio y ejecut\u00f3 con precisi\u00f3n cada uno de los pasos sobre las vallas.<\/p>\n<p>Ambas atletas forman parte de la delegaci\u00f3n de Nayarit, que ha tenido, hasta el momento, una destacada participaci\u00f3n en esta edici\u00f3n del evento deportivo m\u00e1s importante para talentos juveniles del pa\u00eds. Sus triunfos no solo suman medallas para Nayarit, sino que tambi\u00e9n consolidan a Wendy y Alexa como referentes del atletismo nacional en sus respectivas categor\u00edas.<\/p>\n<p>Por su parte, el nayarita Al\u00ed Cortez, subi\u00f3 al podio nacional al obtener la medalla de bronce en la prueba de Lanzamiento de Martillo, categor\u00eda Sub23 varonil, con un registro de 50.08 metros, resultado que lo coloc\u00f3 entre los tres mejores lanzadores del pa\u00eds en su categor\u00eda, y que refleja el trabajo, constancia y evoluci\u00f3n t\u00e9cnica que ha tenido a lo largo de su proceso como atleta.<\/p>\n<p>Con estos resultados, la delegaci\u00f3n de Nayarit lleva hasta el momento 9 medallas de oro, 8 de plata y 6 de bronce. Este martes ser\u00e1 la tercera sesi\u00f3n de la segunda etapa a partir de las 07:30 de la ma\u00f1ana.<\/p>\n<p><img loading=\"lazy\" decoding=\"async\" class=\"blazy alignnone wp-image-15849 \" src=\"https:\/\/noticiasal.com.mx\/wp-content\/themes\/news\/assets\/images\/picture_placeholder_list.jpg\" data-src=\"https:\/\/noticiasal.com.mx\/wp-content\/uploads\/2025\/06\/WhatsApp-Image-2025-06-30-at-3.02.39-PM-4.jpeg\" alt=\"\" width=\"555\" height=\"370\" \/><noscript><img loading=\"lazy\" decoding=\"async\" class=\"alignnone wp-image-15849 \" src=\"https:\/\/noticiasal.com.mx\/wp-content\/uploads\/2025\/06\/WhatsApp-Image-2025-06-30-at-3.02.39-PM-4.jpeg\" alt=\"\" width=\"555\" height=\"370\" srcset=\"https:\/\/noticiasal.com.mx\/wp-content\/uploads\/2025\/06\/WhatsApp-Image-2025-06-30-at-3.02.39-PM-4.jpeg 1600w, https:\/\/noticiasal.com.mx\/wp-content\/uploads\/2025\/06\/WhatsApp-Image-2025-06-30-at-3.02.39-PM-4-300x200.jpeg 300w, https:\/\/noticiasal.com.mx\/wp-content\/uploads\/2025\/06\/WhatsApp-Image-2025-06-30-at-3.02.39-PM-4-1024x682.jpeg 1024w, https:\/\/noticiasal.com.mx\/wp-content\/uploads\/2025\/06\/WhatsApp-Image-2025-06-30-at-3.02.39-PM-4-768x512.jpeg 768w, https:\/\/noticiasal.com.mx\/wp-content\/uploads\/2025\/06\/WhatsApp-Image-2025-06-30-at-3.02.39-PM-4-1536x1023.jpeg 1536w\" sizes=\"(max-width: 555px) 100vw, 555px\" \/><\/noscript><\/p>\n","protected":false},"excerpt":{"rendered":"<p>Al\u00ed Cortez consigue podio nacional al ganar medalla de bronce en la prueba de Lanzamiento de Martillo, categor\u00eda Sub23 Apizaco, Tlaxcala, 30 de junio de 2025 \u2014 Nayarit brill\u00f3 con fuerza en la pista \u201cUna Nueva Historia\u201d de Apizaco, Tlaxcala, durante la Olimpiada Nacional CONADE 2025, gracias a las destacadas actuaciones de las atletas Wendy [&hellip;]<\/p>\n","protected":false},"author":20,"featured_media":15847,"comment_status":"open","ping_status":"closed","sticky":false,"template":"","format":"standard","meta":{"footnotes":""},"categories":[150],"tags":[560,200,217],"class_list":["post-15846","post","type-post","status-publish","format-standard","has-post-thumbnail","hentry","category-deportes","tag-conade","tag-nayarit","tag-olimpiada-nacional-conade-2025"],"_links":{"self":[{"href":"https:\/\/noticiasal.com.mx\/index.php\/wp-json\/wp\/v2\/posts\/15846"}],"collection":[{"href":"https:\/\/noticiasal.com.mx\/index.php\/wp-json\/wp\/v2\/posts"}],"about":[{"href":"https:\/\/noticiasal.com.mx\/index.php\/wp-json\/wp\/v2\/types\/post"}],"author":[{"embeddable":true,"href":"https:\/\/noticiasal.com.mx\/index.php\/wp-json\/wp\/v2\/users\/20"}],"replies":[{"embeddable":true,"href":"https:\/\/noticiasal.com.mx\/index.php\/wp-json\/wp\/v2\/comments?post=15846"}],"version-history":[{"count":1,"href":"https:\/\/noticiasal.com.mx\/index.php\/wp-json\/wp\/v2\/posts\/15846\/revisions"}],"predecessor-version":[{"id":15850,"href":"https:\/\/noticiasal.com.mx\/index.php\/wp-json\/wp\/v2\/posts\/15846\/revisions\/15850"}],"wp:featuredmedia":[{"embeddable":true,"href":"https:\/\/noticiasal.com.mx\/index.php\/wp-json\/wp\/v2\/media\/15847"}],"wp:attachment":[{"href":"https:\/\/noticiasal.com.mx\/index.php\/wp-json\/wp\/v2\/media?parent=15846"}],"wp:term":[{"taxonomy":"category","embeddable":true,"href":"https:\/\/noticiasal.com.mx\/index.php\/wp-json\/wp\/v2\/categories?post=15846"},{"taxonomy":"post_tag","embeddable":true,"href":"https:\/\/noticiasal.com.mx\/index.php\/wp-json\/wp\/v2\/tags?post=15846"}],"curies":[{"name":"wp","href":"https:\/\/api.w.org\/{rel}","templated":true}]}}