{"id":15857,"date":"2025-07-01T15:09:17","date_gmt":"2025-07-01T15:09:17","guid":{"rendered":"https:\/\/noticiasal.com.mx\/?p=15857"},"modified":"2025-07-01T19:19:49","modified_gmt":"2025-07-01T19:19:49","slug":"vocacion-cumplida-carlos-eleno-recibe-el-orden-sacerdotal-en-su-comunidad-natal","status":"publish","type":"post","link":"https:\/\/noticiasal.com.mx\/index.php\/2025\/07\/01\/vocacion-cumplida-carlos-eleno-recibe-el-orden-sacerdotal-en-su-comunidad-natal\/","title":{"rendered":"Vocaci\u00f3n cumplida: Carlos Eleno recibe el orden sacerdotal en su comunidad natal"},"content":{"rendered":"<p>Puerto Vallarta.-\u00a0 En un ambiente de profunda fe y emotividad, este lunes se concelebr\u00f3 la misa de ordenaci\u00f3n sacerdotal del ahora <strong>Presb\u00edtero Carlos Eleno Garc\u00eda Santana<\/strong>, en la comunidad de La Desembocada, Puerto Vallarta, Jalisco.<\/p>\n<p><img loading=\"lazy\" decoding=\"async\" class=\"blazy wp-image-15859 alignleft\" src=\"https:\/\/noticiasal.com.mx\/wp-content\/themes\/news\/assets\/images\/picture_placeholder_list.jpg\" data-src=\"https:\/\/noticiasal.com.mx\/wp-content\/uploads\/2025\/07\/514496057_1327497365450984_2576374160568325202_n-1.jpg\" alt=\"\" width=\"482\" height=\"361\" \/><noscript><img loading=\"lazy\" decoding=\"async\" class=\"wp-image-15859 alignleft\" src=\"https:\/\/noticiasal.com.mx\/wp-content\/uploads\/2025\/07\/514496057_1327497365450984_2576374160568325202_n-1.jpg\" alt=\"\" width=\"482\" height=\"361\" srcset=\"https:\/\/noticiasal.com.mx\/wp-content\/uploads\/2025\/07\/514496057_1327497365450984_2576374160568325202_n-1.jpg 2048w, https:\/\/noticiasal.com.mx\/wp-content\/uploads\/2025\/07\/514496057_1327497365450984_2576374160568325202_n-1-300x225.jpg 300w, https:\/\/noticiasal.com.mx\/wp-content\/uploads\/2025\/07\/514496057_1327497365450984_2576374160568325202_n-1-1024x768.jpg 1024w, https:\/\/noticiasal.com.mx\/wp-content\/uploads\/2025\/07\/514496057_1327497365450984_2576374160568325202_n-1-768x576.jpg 768w, https:\/\/noticiasal.com.mx\/wp-content\/uploads\/2025\/07\/514496057_1327497365450984_2576374160568325202_n-1-1536x1152.jpg 1536w, https:\/\/noticiasal.com.mx\/wp-content\/uploads\/2025\/07\/514496057_1327497365450984_2576374160568325202_n-1-360x270.jpg 360w\" sizes=\"(max-width: 482px) 100vw, 482px\" \/><\/noscript>La solemne ceremonia religiosa fue presidida por el Obispo de la Di\u00f3cesis de Tepic, Monse\u00f1or Luis Artemio Flores Calzada, y se celebr\u00f3 en la Parroquia San Sebasti\u00e1n M\u00e1rtir, donde fieles, familiares, amigos y miembros de distintas comunidades parroquiales se dieron cita para acompa\u00f1ar este significativo momento.<\/p>\n<p>La ordenaci\u00f3n marc\u00f3 un antes y un despu\u00e9s tanto para el nuevo sacerdote como para la comunidad que lo ha visto crecer en la fe. Las emociones estuvieron a flor de piel durante la imposici\u00f3n de manos, el ungimiento con el santo crisma y la entrega de los signos propios del ministerio sacerdotal.<\/p>\n<p>\u201cQue Dios lo gu\u00ede siempre en este nuevo camino y en su misi\u00f3n al servicio de la Iglesia\u201d, expresaron feligreses visiblemente conmovidos.<\/p>\n<p>La comunidad parroquial de La Desembocada celebr\u00f3 con alegr\u00eda y orgullo esta vocaci\u00f3n nacida entre sus filas, reafirmando su compromiso con la vida espiritual y el acompa\u00f1amiento de nuevos l\u00edderes religiosos.<\/p>\n<p><img loading=\"lazy\" decoding=\"async\" class=\"blazy wp-image-15860 alignright\" src=\"https:\/\/noticiasal.com.mx\/wp-content\/themes\/news\/assets\/images\/picture_placeholder_list.jpg\" data-src=\"https:\/\/noticiasal.com.mx\/wp-content\/uploads\/2025\/07\/515511415_1327497388784315_8263481056459208677_n-1.jpg\" alt=\"\" width=\"595\" height=\"446\" \/><noscript><img loading=\"lazy\" decoding=\"async\" class=\"wp-image-15860 alignright\" src=\"https:\/\/noticiasal.com.mx\/wp-content\/uploads\/2025\/07\/515511415_1327497388784315_8263481056459208677_n-1.jpg\" alt=\"\" width=\"595\" height=\"446\" srcset=\"https:\/\/noticiasal.com.mx\/wp-content\/uploads\/2025\/07\/515511415_1327497388784315_8263481056459208677_n-1.jpg 2048w, https:\/\/noticiasal.com.mx\/wp-content\/uploads\/2025\/07\/515511415_1327497388784315_8263481056459208677_n-1-300x225.jpg 300w, https:\/\/noticiasal.com.mx\/wp-content\/uploads\/2025\/07\/515511415_1327497388784315_8263481056459208677_n-1-1024x768.jpg 1024w, https:\/\/noticiasal.com.mx\/wp-content\/uploads\/2025\/07\/515511415_1327497388784315_8263481056459208677_n-1-768x576.jpg 768w, https:\/\/noticiasal.com.mx\/wp-content\/uploads\/2025\/07\/515511415_1327497388784315_8263481056459208677_n-1-1536x1152.jpg 1536w, https:\/\/noticiasal.com.mx\/wp-content\/uploads\/2025\/07\/515511415_1327497388784315_8263481056459208677_n-1-360x270.jpg 360w\" sizes=\"(max-width: 595px) 100vw, 595px\" \/><\/noscript><\/p>\n","protected":false},"excerpt":{"rendered":"<p>Puerto Vallarta.-\u00a0 En un ambiente de profunda fe y emotividad, este lunes se concelebr\u00f3 la misa de ordenaci\u00f3n sacerdotal del ahora Presb\u00edtero Carlos Eleno Garc\u00eda Santana, en la comunidad de La Desembocada, Puerto Vallarta, Jalisco. La solemne ceremonia religiosa fue presidida por el Obispo de la Di\u00f3cesis de Tepic, Monse\u00f1or Luis Artemio Flores Calzada, y [&hellip;]<\/p>\n","protected":false},"author":3,"featured_media":15858,"comment_status":"open","ping_status":"closed","sticky":false,"template":"","format":"standard","meta":{"footnotes":""},"categories":[159],"tags":[565,564,187],"class_list":["post-15857","post","type-post","status-publish","format-standard","has-post-thumbnail","hentry","category-puerto-vallarta","tag-la-desembocada","tag-presbitero-carlos-eleno-garcia-santana","tag-puerto-vallarta"],"_links":{"self":[{"href":"https:\/\/noticiasal.com.mx\/index.php\/wp-json\/wp\/v2\/posts\/15857"}],"collection":[{"href":"https:\/\/noticiasal.com.mx\/index.php\/wp-json\/wp\/v2\/posts"}],"about":[{"href":"https:\/\/noticiasal.com.mx\/index.php\/wp-json\/wp\/v2\/types\/post"}],"author":[{"embeddable":true,"href":"https:\/\/noticiasal.com.mx\/index.php\/wp-json\/wp\/v2\/users\/3"}],"replies":[{"embeddable":true,"href":"https:\/\/noticiasal.com.mx\/index.php\/wp-json\/wp\/v2\/comments?post=15857"}],"version-history":[{"count":2,"href":"https:\/\/noticiasal.com.mx\/index.php\/wp-json\/wp\/v2\/posts\/15857\/revisions"}],"predecessor-version":[{"id":15869,"href":"https:\/\/noticiasal.com.mx\/index.php\/wp-json\/wp\/v2\/posts\/15857\/revisions\/15869"}],"wp:featuredmedia":[{"embeddable":true,"href":"https:\/\/noticiasal.com.mx\/index.php\/wp-json\/wp\/v2\/media\/15858"}],"wp:attachment":[{"href":"https:\/\/noticiasal.com.mx\/index.php\/wp-json\/wp\/v2\/media?parent=15857"}],"wp:term":[{"taxonomy":"category","embeddable":true,"href":"https:\/\/noticiasal.com.mx\/index.php\/wp-json\/wp\/v2\/categories?post=15857"},{"taxonomy":"post_tag","embeddable":true,"href":"https:\/\/noticiasal.com.mx\/index.php\/wp-json\/wp\/v2\/tags?post=15857"}],"curies":[{"name":"wp","href":"https:\/\/api.w.org\/{rel}","templated":true}]}}