{"id":15865,"date":"2025-07-01T18:39:59","date_gmt":"2025-07-01T18:39:59","guid":{"rendered":"https:\/\/noticiasal.com.mx\/?p=15865"},"modified":"2025-07-01T18:39:59","modified_gmt":"2025-07-01T18:39:59","slug":"huracan-flossie-evoluciona-a-categoria-2","status":"publish","type":"post","link":"https:\/\/noticiasal.com.mx\/index.php\/2025\/07\/01\/huracan-flossie-evoluciona-a-categoria-2\/","title":{"rendered":"Hurac\u00e1n \u2018Flossie\u2019 evoluciona a categor\u00eda 2"},"content":{"rendered":"<ul>\n<li class=\"c-heading b-subheadline\">El hurac\u00e1n \u2018Flossie\u2019 se mantendr\u00e1 como categor\u00eda 2 en las pr\u00f3ximas horas, advirti\u00f3 la Conagua.<\/li>\n<\/ul>\n<p class=\"c-paragraph\"><img loading=\"lazy\" decoding=\"async\" class=\"blazy wp-image-15866  alignleft\" src=\"https:\/\/noticiasal.com.mx\/wp-content\/themes\/news\/assets\/images\/picture_placeholder_list.jpg\" data-src=\"https:\/\/noticiasal.com.mx\/wp-content\/uploads\/2025\/07\/GuypcB6X0AATzWF.jpg\" alt=\"\" width=\"594\" height=\"341\" \/><noscript><img loading=\"lazy\" decoding=\"async\" class=\"wp-image-15866  alignleft\" src=\"https:\/\/noticiasal.com.mx\/wp-content\/uploads\/2025\/07\/GuypcB6X0AATzWF.jpg\" alt=\"\" width=\"594\" height=\"341\" srcset=\"https:\/\/noticiasal.com.mx\/wp-content\/uploads\/2025\/07\/GuypcB6X0AATzWF.jpg 1600w, https:\/\/noticiasal.com.mx\/wp-content\/uploads\/2025\/07\/GuypcB6X0AATzWF-300x172.jpg 300w, https:\/\/noticiasal.com.mx\/wp-content\/uploads\/2025\/07\/GuypcB6X0AATzWF-1024x588.jpg 1024w, https:\/\/noticiasal.com.mx\/wp-content\/uploads\/2025\/07\/GuypcB6X0AATzWF-768x441.jpg 768w, https:\/\/noticiasal.com.mx\/wp-content\/uploads\/2025\/07\/GuypcB6X0AATzWF-1536x881.jpg 1536w\" sizes=\"(max-width: 594px) 100vw, 594px\" \/><\/noscript>El\u00a0<a title=\"https:\/\/www.elfinanciero.com.mx\/nacional\/2025\/06\/30\/tormenta-tropical-flossie-a-donde-se-dirige-y-en-que-estados-dejara-fuertes-lluvias-trayectoria-en-vivo\/\" href=\"https:\/\/www.elfinanciero.com.mx\/nacional\/2025\/06\/30\/tormenta-tropical-flossie-a-donde-se-dirige-y-en-que-estados-dejara-fuertes-lluvias-trayectoria-en-vivo\/\" target=\"_blank\" rel=\"noopener noreferrer\">hurac\u00e1n\u00a0<i>Flossie<\/i><\/a>\u00a0<b>evolucion\u00f3 a categor\u00eda 2<\/b>\u00a0a 245 kil\u00f3metros al suroeste de Manzanillo, Colima y a 740 kil\u00f3metros al sureste de Cabo San Lucas, inform\u00f3 la Comisi\u00f3n Nacional del Agua (Conagua).<\/p>\n<p class=\"c-paragraph\">Para este martes 1 de julio se mantendr\u00e1 la probabilidad de\u00a0<a title=\"https:\/\/www.elfinanciero.com.mx\/cdmx\/2025\/06\/27\/y-el-calor-del-verano-en-cdmx-lluvias-y-mal-clima-seguiran-una-semana-mas\/\" href=\"https:\/\/www.elfinanciero.com.mx\/cdmx\/2025\/06\/27\/y-el-calor-del-verano-en-cdmx-lluvias-y-mal-clima-seguiran-una-semana-mas\/\" target=\"_blank\" rel=\"noopener noreferrer\">lluvias intensas<\/a> a puntuales torrenciales en Sinaloa, Nayarit, Jalisco, Colima, Michoac\u00e1n y Guerrero.<\/p>\n<p class=\"c-paragraph\">A las 6:00 horas,\u00a0<a title=\"https:\/\/www.elfinanciero.com.mx\/nacional\/2025\/06\/30\/flossie-sera-huracan-categoria-2-tocara-tierra-en-mexico-esto-dice-el-smn\/\" href=\"https:\/\/www.elfinanciero.com.mx\/nacional\/2025\/06\/30\/flossie-sera-huracan-categoria-2-tocara-tierra-en-mexico-esto-dice-el-smn\/\" target=\"_blank\" rel=\"noopener noreferrer\"><i>Flossie<\/i><\/a>\u00a0se localizaba a\u00a0<b>250 kil\u00f3metros al sur-suroeste<\/b>\u00a0de Manzanillo, Colima.<\/p>\n<p class=\"c-paragraph\">La zona de vigilancia se mantiene desde Punta San Telmo, Michoac\u00e1n, hasta Playa P\u00e9rula, Jalisco; as\u00ed como zona de vigilancia por efectos de vientos de tormenta tropical desde Zihuatanejo, Guerrero, hasta el este de Punta San Telmo, Michoac\u00e1n, y desde el norte de Playa P\u00e9rula hasta Cabo Corrientes, Jalisco.<\/p>\n<p>&nbsp;<\/p>\n<p>&nbsp;<\/p>\n<h2 class=\"b-article-body__h2\">\u00bfCu\u00e1l ser\u00e1 la trayectoria del hurac\u00e1n \u2018Flossie\u2019?<\/h2>\n<p class=\"c-paragraph\">Conagua prev\u00e9 que alrededor del medio d\u00eda de este\u00a0<b>martes 1 de julio,<\/b>\u00a0el\u00a0<a title=\"https:\/\/www.elfinanciero.com.mx\/nacional\/2025\/06\/29\/doble-amenaza-tormentas-tropicales-flossie-y-barry-se-forman-en-costas-de-mexico\/\" href=\"https:\/\/www.elfinanciero.com.mx\/nacional\/2025\/06\/29\/doble-amenaza-tormentas-tropicales-flossie-y-barry-se-forman-en-costas-de-mexico\/\" target=\"_blank\" rel=\"noopener noreferrer\">hurac\u00e1n\u00a0<i>Flossie<\/i><\/a><i>\u00a0<\/i>evolucione a categor\u00eda 2 cuando est\u00e9 a 255 kil\u00f3metros al sur-suroeste de Playa Perula, Jalisco.<\/p>\n<p class=\"c-paragraph\">El cicl\u00f3n se mantendr\u00e1 en dich.a categor\u00eda durante el resto del martes y el mi\u00e9rcoles 2 de julio, mientras que ser\u00e1 a la medianoche del 3 de julio cuando se degrade nuevamente a hurac\u00e1n categor\u00eda 1 a 320 kil\u00f3metros al sur de Cabo San Lucas.<\/p>\n<p class=\"c-paragraph\">A partir del\u00a0<b>jueves 3 de julio<\/b>,\u00a0<a title=\"https:\/\/www.elfinanciero.com.mx\/estados\/2025\/06\/30\/evelyn-salgado-da-seguimiento-a-efectos-de-lluvias-tras-el-paso-de-flossie-en-costas-de-guerrero\/\" href=\"https:\/\/www.elfinanciero.com.mx\/estados\/2025\/06\/30\/evelyn-salgado-da-seguimiento-a-efectos-de-lluvias-tras-el-paso-de-flossie-en-costas-de-guerrero\/\" target=\"_blank\" rel=\"noopener noreferrer\"><i>Flossie<\/i><\/a>\u00a0continuar\u00e1 debilit\u00e1ndose al ser tormenta subtropical, tormenta tropical y finalmente baja presi\u00f3n a partir del viernes 4 de julio y durante el fin de semana.<\/p>\n<p class=\"c-paragraph\">Como parte de su trayectoria, sus cambios ocurrir\u00e1n frente a las costas de Baja California Sur, por lo que esta zona ser\u00e1 una de las principales afectadas, junto con Michoac\u00e1n, Colima y Jalisco.<\/p>\n<h2 class=\"b-article-body__h2\">\u00bfEn qu\u00e9 estados ocasionar\u00e1 lluvias el hurac\u00e1n \u2018Flossie\u2019?<\/h2>\n<p class=\"c-paragraph\">El paso del\u00a0<a title=\"https:\/\/www.elfinanciero.com.mx\/nacional\/2025\/06\/27\/onda-tropical-6-y-ciclon-flossie-inundaran-a-mexico-donde-se-esperan-fuertes-lluvias-el-fin-de-semana\/\" href=\"https:\/\/www.elfinanciero.com.mx\/nacional\/2025\/06\/27\/onda-tropical-6-y-ciclon-flossie-inundaran-a-mexico-donde-se-esperan-fuertes-lluvias-el-fin-de-semana\/\" target=\"_blank\" rel=\"noopener noreferrer\">hurac\u00e1n\u00a0<i>Flossie<\/i><\/a><i>\u00a0<\/i>y sus\u00a0<b>bandas nubosas<\/b>\u00a0ocasionar\u00e1n lluvias intensas a puntuales torrenciales en los estados mencionados, adem\u00e1s de Sinaloa, Nayarit y Guerrero.<\/p>\n<p class=\"c-paragraph\">Adem\u00e1s, canales de baja presi\u00f3n sobre el norte, centro, noreste y oriente de la Rep\u00fablica Mexicana, en interacci\u00f3n con los desprendimientos nubosos del hurac\u00e1n Flossie en el Pac\u00edfico Mexicano, con una vaguada en altura e inestabilidad atmosf\u00e9rica, propiciar\u00e1n chubascos y lluvias fuertes a puntuales muy fuertes en dichas regiones.<\/p>\n<p class=\"c-paragraph\">Las<b>\u00a0costas de Michoac\u00e1n y Colima<\/b>\u00a0tendr\u00e1n\u00a0<a title=\"https:\/\/www.elfinanciero.com.mx\/cdmx\/2025\/06\/29\/cdmx-activa-alerta-maxima-por-intensas-lluvias\/\" href=\"https:\/\/www.elfinanciero.com.mx\/cdmx\/2025\/06\/29\/cdmx-activa-alerta-maxima-por-intensas-lluvias\/\" target=\"_blank\" rel=\"noopener noreferrer\">lluvias intensas<\/a>\u00a0con puntuales torrenciales, mientras que las precipitaciones muy fuertes ser\u00e1n en los siguientes estados:<\/p>\n<ul>\n<li>Sur de Tamaulipas.<\/li>\n<li><b>Sierra y sur de Sinaloa.<\/b><\/li>\n<li>Norte, sierra y sur de Nayarit.<\/li>\n<li><b>Oeste, costa y sur de Jalisco<\/b>.<\/li>\n<li>Suroeste de Guerrero.<\/li>\n<\/ul>\n","protected":false},"excerpt":{"rendered":"<p>El hurac\u00e1n \u2018Flossie\u2019 se mantendr\u00e1 como categor\u00eda 2 en las pr\u00f3ximas horas, advirti\u00f3 la Conagua. El\u00a0hurac\u00e1n\u00a0Flossie\u00a0evolucion\u00f3 a categor\u00eda 2\u00a0a 245 kil\u00f3metros al suroeste de Manzanillo, Colima y a 740 kil\u00f3metros al sureste de Cabo San Lucas, inform\u00f3 la Comisi\u00f3n Nacional del Agua (Conagua). Para este martes 1 de julio se mantendr\u00e1 la probabilidad de\u00a0lluvias intensas [&hellip;]<\/p>\n","protected":false},"author":9,"featured_media":15867,"comment_status":"open","ping_status":"closed","sticky":false,"template":"","format":"standard","meta":{"footnotes":""},"categories":[148],"tags":[367,566,567],"class_list":["post-15865","post","type-post","status-publish","format-standard","has-post-thumbnail","hentry","category-mexico","tag-conagua","tag-flossie","tag-huracan"],"_links":{"self":[{"href":"https:\/\/noticiasal.com.mx\/index.php\/wp-json\/wp\/v2\/posts\/15865"}],"collection":[{"href":"https:\/\/noticiasal.com.mx\/index.php\/wp-json\/wp\/v2\/posts"}],"about":[{"href":"https:\/\/noticiasal.com.mx\/index.php\/wp-json\/wp\/v2\/types\/post"}],"author":[{"embeddable":true,"href":"https:\/\/noticiasal.com.mx\/index.php\/wp-json\/wp\/v2\/users\/9"}],"replies":[{"embeddable":true,"href":"https:\/\/noticiasal.com.mx\/index.php\/wp-json\/wp\/v2\/comments?post=15865"}],"version-history":[{"count":1,"href":"https:\/\/noticiasal.com.mx\/index.php\/wp-json\/wp\/v2\/posts\/15865\/revisions"}],"predecessor-version":[{"id":15868,"href":"https:\/\/noticiasal.com.mx\/index.php\/wp-json\/wp\/v2\/posts\/15865\/revisions\/15868"}],"wp:featuredmedia":[{"embeddable":true,"href":"https:\/\/noticiasal.com.mx\/index.php\/wp-json\/wp\/v2\/media\/15867"}],"wp:attachment":[{"href":"https:\/\/noticiasal.com.mx\/index.php\/wp-json\/wp\/v2\/media?parent=15865"}],"wp:term":[{"taxonomy":"category","embeddable":true,"href":"https:\/\/noticiasal.com.mx\/index.php\/wp-json\/wp\/v2\/categories?post=15865"},{"taxonomy":"post_tag","embeddable":true,"href":"https:\/\/noticiasal.com.mx\/index.php\/wp-json\/wp\/v2\/tags?post=15865"}],"curies":[{"name":"wp","href":"https:\/\/api.w.org\/{rel}","templated":true}]}}