{"id":15874,"date":"2025-07-02T00:56:33","date_gmt":"2025-07-02T00:56:33","guid":{"rendered":"https:\/\/noticiasal.com.mx\/?p=15874"},"modified":"2025-07-03T01:19:18","modified_gmt":"2025-07-03T01:19:18","slug":"coahuila-levanta-la-mano-para-el-congreso-y-campeonato-nacional-charro-2028","status":"publish","type":"post","link":"https:\/\/noticiasal.com.mx\/index.php\/2025\/07\/02\/coahuila-levanta-la-mano-para-el-congreso-y-campeonato-nacional-charro-2028\/","title":{"rendered":"Coahuila levanta la mano para el Congreso y Campeonato Nacional Charro 2028"},"content":{"rendered":"<ul>\n<li><strong>El Gobernador del Estado de Coahuila present\u00f3 la carta de solicitud en la Federaci\u00f3n Mexicana de Charrer\u00eda<\/strong><\/li>\n<li><strong>Lo anterior fue en el marco de la Junta Ordinaria Mensual de Junio 2025<\/strong><\/li>\n<li><strong>Se inform\u00f3 del acomodo de los estados rumbo a los Campeonatos Regionales<\/strong><\/li>\n<li><strong>Resoluci\u00f3n del comit\u00e9 de Honor y Justicia respecto al caso de la ri\u00f1a suscitada en Jalisco<\/strong><\/li>\n<li><strong>Posteriormente se realiz\u00f3 el sorteo del Campeonato Nacional Infantil, Juvenil y de Escaramuzas Aguascalientes 2025<\/strong><\/li>\n<\/ul>\n<p><img loading=\"lazy\" decoding=\"async\" class=\"blazy alignleft wp-image-15877 \" src=\"https:\/\/noticiasal.com.mx\/wp-content\/themes\/news\/assets\/images\/picture_placeholder_list.jpg\" data-src=\"https:\/\/noticiasal.com.mx\/wp-content\/uploads\/2025\/07\/Junta-Ordinaria-No.-6-Junio-04.jpg\" alt=\"\" width=\"590\" height=\"393\" \/><noscript><img loading=\"lazy\" decoding=\"async\" class=\"alignleft wp-image-15877 \" src=\"https:\/\/noticiasal.com.mx\/wp-content\/uploads\/2025\/07\/Junta-Ordinaria-No.-6-Junio-04.jpg\" alt=\"\" width=\"590\" height=\"393\" srcset=\"https:\/\/noticiasal.com.mx\/wp-content\/uploads\/2025\/07\/Junta-Ordinaria-No.-6-Junio-04.jpg 1200w, https:\/\/noticiasal.com.mx\/wp-content\/uploads\/2025\/07\/Junta-Ordinaria-No.-6-Junio-04-300x200.jpg 300w, https:\/\/noticiasal.com.mx\/wp-content\/uploads\/2025\/07\/Junta-Ordinaria-No.-6-Junio-04-1024x683.jpg 1024w, https:\/\/noticiasal.com.mx\/wp-content\/uploads\/2025\/07\/Junta-Ordinaria-No.-6-Junio-04-768x512.jpg 768w\" sizes=\"(max-width: 590px) 100vw, 590px\" \/><\/noscript>Con gran entusiasmo y esp\u00edritu federativo, la Federaci\u00f3n Mexicana de Charrer\u00eda recibi\u00f3 este mi\u00e9rcoles en su sede nacional del Antiguo Convento de Montserrat al Gobernador Constitucional del Estado de Coahuila de Zaragoza, Manolo Jim\u00e9nez Salinas, quien acudi\u00f3 personalmente para presentar la carta formal de solicitud para que su entidad sea sede del Congreso y Campeonato Nacional Charro 2028.<\/p>\n<p>El mandatario estatal asisti\u00f3 acompa\u00f1ado por su distinguida madre, la se\u00f1ora Liliana Salinas Vald\u00e9s \u2014con m\u00e1s de cincuenta a\u00f1os de trayectoria en la Escaramuza Internacional de Saltillo\u2014, as\u00ed como por el presidente municipal de Saltillo, Javier D\u00edaz Gonz\u00e1lez, y reafirm\u00f3 el compromiso de su gobierno con la promoci\u00f3n y fortalecimiento del deporte nacional por excelencia.<\/p>\n<p>La comitiva coahuilense, acompa\u00f1ada por numeroso grupo de charros y damas charras de aquella entidad fronteriza, fue recibido por el presidente de la Federaci\u00f3n Mexicana de Charrer\u00eda, Salvador Barajas del Toro, y todo su Consejo Directivo Nacional, en el marco de la Junta Ordinaria Mensual correspondiente a junio del 2025.<\/p>\n<p>En un ambiente de cordialidad, el gobernador Jim\u00e9nez Salinas expres\u00f3 su agradecimiento por la recepci\u00f3n brindada en la casa de la charrer\u00eda nacional ante una gran concurrencia, entre la cual se incluye a un charro coahuilense destacado, Leonardo Mart\u00edn D\u00e1vila Salinas, quien fungi\u00f3 como presidente de esta Federaci\u00f3n Mexicana de Charrer\u00eda en el periodo 2017-2020.<\/p>\n<p>Destac\u00f3 que en Coahuila la charrer\u00eda tiene profundas ra\u00edces y es motivo de orgullo para sus habitantes, contando con 25 equipos federados, ocho escuelas infantiles activas y 18 escaramuzas, por lo que el estado se ha consolidado como un basti\u00f3n del deporte charro.<\/p>\n<p>\u201cLa charrer\u00eda es muy importante para nosotros\u201d, subray\u00f3 el mandatario, y enfatiz\u00f3 que el compromiso de impulsar su desarrollo fue asumido desde que ejerc\u00eda funciones en el municipio de Saltillo y hoy se refrenda desde la gubernatura.<\/p>\n<p>El Gobernador Jim\u00e9nez Salinas resalt\u00f3 que Coahuila cuenta con todas las condiciones para albergar un evento de la magnitud del Congreso y Campeonato Nacional Charro: es el tercer estado m\u00e1s seguro del pa\u00eds y su capital, Saltillo, es reconocida como la ciudad capital m\u00e1s segura de M\u00e9xico.<\/p>\n<p>A esto se suma una econom\u00eda din\u00e1mica, una amplia oferta tur\u00edstica con ocho pueblos m\u00e1gicos, una variedad de ecosistemas \u2014monta\u00f1as, desiertos y bosques\u2014, as\u00ed como una creciente industria vitivin\u00edcola con m\u00e1s de veinte casas productoras.<\/p>\n<p>Adem\u00e1s, cuenta con un aeropuerto internacional que garantiza conectividad. \u201cEstamos listos para recibir a la gran familia charra; ser\u00e1 un evento inolvidable\u201d, afirm\u00f3.<\/p>\n<p>Finalmente, la carta de solicitud fue recibida formalmente por la presidencia de esta Federaci\u00f3n, y se dar\u00e1 el tr\u00e1mite estatutario correspondiente, a fin de que sea presentada ante la Asamblea General y contin\u00fae el proceso de an\u00e1lisis conforme al reglamento vigente.<\/p>\n<p>De concretarse, ser\u00eda la primera vez en tres d\u00e9cadas que el m\u00e1ximo evento del deporte nacional regresa a tierras coahuilenses, pues el \u00fanico precedente data de la edici\u00f3n LIII del Congreso y Campeonato Nacional Charro, celebrada en el a\u00f1o 1997.<\/p>\n<p>Durante la visita, el presidente de la Federaci\u00f3n, Salvador Barajas, hizo entrega al gobernador de un ejemplar conmemorativo sobre la historia de la Charrer\u00eda, como muestra del aprecio institucional.<\/p>\n<p><strong><em>Asamblea Extraordinaria<\/em><\/strong><\/p>\n<p><img loading=\"lazy\" decoding=\"async\" class=\"blazy wp-image-15878  alignleft\" src=\"https:\/\/noticiasal.com.mx\/wp-content\/themes\/news\/assets\/images\/picture_placeholder_list.jpg\" data-src=\"https:\/\/noticiasal.com.mx\/wp-content\/uploads\/2025\/07\/Junta-Ordinaria-No.-6-Junio-02.jpg\" alt=\"\" width=\"749\" height=\"499\" \/><noscript><img loading=\"lazy\" decoding=\"async\" class=\"wp-image-15878  alignleft\" src=\"https:\/\/noticiasal.com.mx\/wp-content\/uploads\/2025\/07\/Junta-Ordinaria-No.-6-Junio-02.jpg\" alt=\"\" width=\"749\" height=\"499\" srcset=\"https:\/\/noticiasal.com.mx\/wp-content\/uploads\/2025\/07\/Junta-Ordinaria-No.-6-Junio-02.jpg 1200w, https:\/\/noticiasal.com.mx\/wp-content\/uploads\/2025\/07\/Junta-Ordinaria-No.-6-Junio-02-300x200.jpg 300w, https:\/\/noticiasal.com.mx\/wp-content\/uploads\/2025\/07\/Junta-Ordinaria-No.-6-Junio-02-1024x683.jpg 1024w, https:\/\/noticiasal.com.mx\/wp-content\/uploads\/2025\/07\/Junta-Ordinaria-No.-6-Junio-02-768x512.jpg 768w\" sizes=\"(max-width: 749px) 100vw, 749px\" \/><\/noscript>El Gobernador de Coahuila fue tambi\u00e9n testigo de la Asamblea General Extraordinaria, en la cual se ratific\u00f3 la planilla electa durante la pasada Asamblea de Elecciones del pasado mes de noviembre, y nombrando al tesorero, Ger\u00f3nimo Color Gasca, como delegado especial para llevar a cabo la protocolizaci\u00f3n ante notario p\u00fablico.<\/p>\n<p>Este acto se llev\u00f3 a cabo en presencia del Consejo Directivo Nacional, encabezado por Salvador Barajas del Toro, y teniendo la asistencia del representante del Consejo de Vigilancia Electoral Deportiva (COVED), dependencia de la Comisi\u00f3n Nacional de Cultura F\u00edsica y Deporte (CONADE), Marco Arriola.<\/p>\n<p><strong><em>Ecos de la Junta Ordinaria Mensual<\/em><\/strong><\/p>\n<p>La Federaci\u00f3n Mexicana de Charrer\u00eda celebr\u00f3 este mi\u00e9rcoles su Junta Ordinaria correspondiente al mes de junio en la sede nacional ubicada en el Antiguo Convento de Montserrat de la Ciudad de M\u00e9xico, bajo la conducci\u00f3n del presidente Salvador Barajas del Toro.<\/p>\n<p>Los integrantes del Consejo Directivo Nacional que acompa\u00f1aron al presidente Barajas fueron el vicepresidente, Efra\u00edn Ram\u00edrez Gonz\u00e1lez; el secretario General, Rafael Mansur Oviedo; el secretario de Tesorer\u00eda y Finanzas, Ger\u00f3nimo Color Gasca; el secretario del Deporte, Juan Ba\u00f1uelos Ram\u00edrez; el comisario, Jorge Uribe Barroso, y el secretario de Prensa y Difusi\u00f3n, Edgar Vi\u00f1uela Navarro, as\u00ed como el presidente de la Uni\u00f3n de Asociaciones de Charros del Estado de Coahuila, Jorge Jim\u00e9nez Flores.<\/p>\n<p>Adem\u00e1s se cont\u00f3 con la asistencia del secretario de Promoci\u00f3n Social y Cultural, Jos\u00e9 Luis Maldonado \u00c1lvarez; Rosendo de Le\u00f3n Sep\u00falveda, secretario de Relaciones P\u00fablicas; Silvia Rodr\u00edguez Rodr\u00edguez, coordinadora Nacional de Escaramuzas, Ricardo Azuela Mac\u00edas, coordinador Nacional de Categor\u00edas Infantiles y Juveniles; Jos\u00e9 de Jes\u00fas Ferm\u00edn Torres, coordinador Nacional de Jueces; Sa\u00fal Cort\u00e9s, del comit\u00e9 de Otorgamiento de Preseas; Jos\u00e9 Ahuizotl Hideroa, de la comisi\u00f3n de Honor y Justicia, as\u00ed como gran n\u00famero de representantes de uniones estatales.<\/p>\n<p>Durante su informe mensual, el presidente Barajas del Toro destac\u00f3 una gira intensa de trabajo. Resalt\u00f3 su visita al estado de Nuevo Le\u00f3n, donde hizo entrega de la presea <em>Rosa de Oro<\/em> \u2014la primera otorgada por esta administraci\u00f3n\u2014 a la destacada amazona Aracely Guadalupe Trevi\u00f1o Cant\u00fa, en el marco del Campeonato Estatal Charro.<\/p>\n<p>Asimismo, inform\u00f3 sobre reuniones con autoridades municipales neoleonesas para promover la instalaci\u00f3n de Escuelas de Charrer\u00eda como parte de la estrategia de formaci\u00f3n de nuevas generaciones.<\/p>\n<p>Entre otros eventos relevantes, el presidente report\u00f3 su presencia en Colima, donde se formaliz\u00f3 el car\u00e1cter oficial del Campeonato <em>Capacha <\/em>de charros completos; y la realizaci\u00f3n de la primera cl\u00ednica de charrer\u00eda celebrada en Michoac\u00e1n, con la presencia del acreditado charro hidalguense Napole\u00f3n Res\u00e9ndiz.<\/p>\n<p>Tambi\u00e9n destac\u00f3 su asistencia a las finales del estatal poblano, as\u00ed como su visita a Guanajuato con motivo de la coronaci\u00f3n de SGM Aleshka I como reina de la Uni\u00f3n de Asociaciones de Charrer\u00eda de dicho estado, acompa\u00f1ada por la gobernadora, quien reafirm\u00f3 el respaldo de su administraci\u00f3n a la charrer\u00eda guanajuatense.<\/p>\n<p>De igual forma, se mencion\u00f3 una reuni\u00f3n institucional con el subdirector General del Deporte de la CONADE, Guillermo Rodr\u00edguez, donde se avanz\u00f3 en la gesti\u00f3n de recursos para el fortalecimiento de la Federaci\u00f3n.<\/p>\n<p>&nbsp;<\/p>\n<p><strong><em>Reporte financiero de la Federaci\u00f3n<\/em><\/strong><\/p>\n<p>En el apartado de finanzas, el Tesorero de la Federaci\u00f3n, Ger\u00f3nimo Color, inform\u00f3 que actualmente se registran recursos no disponibles por 22.08 millones de pesos, con intereses devengados por 142 mil pesos, dentro del Fondo Charrer\u00eda Tradici\u00f3n Mexicana.<\/p>\n<p>Los ingresos totales en el periodo al 31 de mayo alcanzaron 963 mil pesos, todos provenientes de cuotas y seguros; mientras que los egresos ascendieron a 1.63 millones de pesos, destacando el cumplimiento de obligaciones fiscales correspondientes a los ejercicios 2021, 2022 y abril de 2025. El saldo neto disponible se situ\u00f3 en 7.34 millones de pesos.<\/p>\n<p>En el apartado del Informe de Comisiones, respecto a las categor\u00edas Infantiles y Juveniles, el coordinador nacional Ricardo Azuela Mac\u00edas present\u00f3 el avance organizativo del Campeonato Nacional Infantil, Juvenil y de Escaramuzas 2025, a realizarse del 16 de julio al 10 de agosto en la Arena San Marcos de Aguascalientes.<\/p>\n<p>Se inscribieron 51 equipos varoniles categor\u00eda Dientes de Leche, 38 categor\u00eda Infantil \u201cA\u201d, 55 categor\u00eda Infantil \u201cB\u201d y 56 equipos Juveniles, totalizando 200 escuadrones.<\/p>\n<p>Adem\u00e1s se inscribieron 41 escaramuzas Dientes de Leche, 37 elencos de Infantil \u201cA\u201d, 53 de Infantil \u201cB\u201d y 71 escaramuzas Juveniles, un total de 202 escaramuzas charras. En la modalidad de charros completos participar\u00e1n 52 elementos distribuidos en las diversas categor\u00edas infantiles y juveniles.<\/p>\n<p>Por otro lado, el comit\u00e9 de Preseas, presidido por Sa\u00fal Cort\u00e9s, present\u00f3 el dictamen favorable a la solicitud de Jorge Jim\u00e9nez para otorgar la <em>Herradura de Oro<\/em> al charro Jes\u00fas Ballesteros Sierra, en reconocimiento a su trayectoria.<\/p>\n<p>Por su parte, Jos\u00e9 Ahu\u00edzotl Hideroa, a nombre de la comisi\u00f3n de Honor y Justicia, inform\u00f3 sobre la resoluci\u00f3n en el caso de Jos\u00e9 Antonio Salcedo L\u00f3pez y Lenin Gurrola Hern\u00e1ndez, en el cual se impusieron medidas disciplinarias proporcionales y conforme a derecho, consistentes en suspensi\u00f3n y multa, manteni\u00e9ndose la confidencialidad de las mismas, cumpliendo con los lineamientos legales pertinentes, ya que dicho fallo ser\u00e1 solamente informado en su oportunidad a los procesados.<\/p>\n<p>Finalmente, se inform\u00f3 que los Campeonatos Regionales no contar\u00e1n con lugares reservados ni invitaciones especiales; los pases se determinar\u00e1n pr\u00f3ximamente para cada Regi\u00f3n, de la cual se informaron c\u00f3mo quedaron distribuidos los estados, siendo de la siguiente forma:<\/p>\n<p><img loading=\"lazy\" decoding=\"async\" class=\"blazy wp-image-15875 size-full alignleft\" src=\"https:\/\/noticiasal.com.mx\/wp-content\/themes\/news\/assets\/images\/picture_placeholder_list.jpg\" data-src=\"https:\/\/noticiasal.com.mx\/wp-content\/uploads\/2025\/07\/tabla.jpg\" alt=\"\" width=\"527\" height=\"371\" \/><noscript><img loading=\"lazy\" decoding=\"async\" class=\"wp-image-15875 size-full alignleft\" src=\"https:\/\/noticiasal.com.mx\/wp-content\/uploads\/2025\/07\/tabla.jpg\" alt=\"\" width=\"527\" height=\"371\" srcset=\"https:\/\/noticiasal.com.mx\/wp-content\/uploads\/2025\/07\/tabla.jpg 527w, https:\/\/noticiasal.com.mx\/wp-content\/uploads\/2025\/07\/tabla-300x211.jpg 300w\" sizes=\"(max-width: 527px) 100vw, 527px\" \/><\/noscript><\/p>\n<p>&nbsp;<\/p>\n<p>En lo referente a las escaramuzas, su acceso directo al Congreso y Campeonato Nacional Charro ser\u00e1 directamente por el promedio obtenido en las dos fases de sus campeonatos estatales femeniles.<\/p>\n<p>Asimismo, Daniel Orozco, de la asociaci\u00f3n Camino Real, report\u00f3 la entrega de documentos, uno girado por el Instituto de Fomento de Ferias del Estado de Colima y otro de la propia asociaci\u00f3n, con la finalidad de consolidar el car\u00e1cter oficial del Campeonato Capacha de charros completos.<\/p>\n<p>Por su parte, Jos\u00e9 Guadalupe Cavazos present\u00f3 a REHOMEX, empresa con m\u00e1s de 30 a\u00f1os de experiencia ofreciendo a toda la familia charra las tarifas accesibles en servicios de hoteler\u00eda.<\/p>\n<p>&nbsp;<\/p>\n<p><strong><em>Sorteo del Campeonato Nacional Charro Infantil, Juvenil y de Escaramuzas Aguascalientes 2025<\/em><\/strong><\/p>\n<p>Para este sorteo, celebrado la tarde del mi\u00e9rcoles, se cont\u00f3 con la presencia de la directora general del Bur\u00f3 de Congresos y Visitantes del Estado de Aguascalientes, Ver\u00f3nica Gonz\u00e1lez L\u00f3pez, as\u00ed como de Mar\u00eda de Jes\u00fas D\u00edaz Marmolejo, Senadora de la Rep\u00fablica, junto al presidente de la Federaci\u00f3n Mexicana de Charrer\u00eda, Salvador Barajas del Toro, y los integrantes de su Consejo Directivo Nacional.<\/p>\n<p>Esta tarde se sorte\u00f3 el acomodo de los equipos, escaramuzas y charros completos inscritos en tiempo y forma para participar en este gran certamen, siendo 200 elencos de la rama varonil, 202 escaramuzas y 52 charros completos.<\/p>\n<p>Cabe se\u00f1alar que las categor\u00edas para este evento, en ambas ramas, son: Dientes de Leche, con peque\u00f1os nacidos entre 2015 a 2020; Infantil \u201cA\u201d, con participantes nacidos en los a\u00f1os 2013 y 2014; Infantil \u201cB\u201d, donde podr\u00e1n competir aquellos charros y damas charras nacidos entre los a\u00f1os 2010 y 2012, y Juvenil, para los j\u00f3venes que nacieron entre 2007 y 2009.<\/p>\n<p>Es necesario recordar que, de acuerdo a los lineamientos establecidos en el Estatuto de esta Federaci\u00f3n, la Arena San Marcos de Aguascalientes ser\u00e1 la sede tanto de este evento como del Congreso y Campeonato Nacional Charro 2025, que se disputar\u00e1 entre los meses de octubre y noviembre.<\/p>\n","protected":false},"excerpt":{"rendered":"<p>El Gobernador del Estado de Coahuila present\u00f3 la carta de solicitud en la Federaci\u00f3n Mexicana de Charrer\u00eda Lo anterior fue en el marco de la Junta Ordinaria Mensual de Junio 2025 Se inform\u00f3 del acomodo de los estados rumbo a los Campeonatos Regionales Resoluci\u00f3n del comit\u00e9 de Honor y Justicia respecto al caso de la [&hellip;]<\/p>\n","protected":false},"author":3,"featured_media":15876,"comment_status":"open","ping_status":"closed","sticky":false,"template":"","format":"standard","meta":{"footnotes":""},"categories":[157],"tags":[223,570],"class_list":["post-15874","post","type-post","status-publish","format-standard","has-post-thumbnail","hentry","category-charreria","tag-charros","tag-congreso-y-campeonato-nacional-charro-2028"],"_links":{"self":[{"href":"https:\/\/noticiasal.com.mx\/index.php\/wp-json\/wp\/v2\/posts\/15874"}],"collection":[{"href":"https:\/\/noticiasal.com.mx\/index.php\/wp-json\/wp\/v2\/posts"}],"about":[{"href":"https:\/\/noticiasal.com.mx\/index.php\/wp-json\/wp\/v2\/types\/post"}],"author":[{"embeddable":true,"href":"https:\/\/noticiasal.com.mx\/index.php\/wp-json\/wp\/v2\/users\/3"}],"replies":[{"embeddable":true,"href":"https:\/\/noticiasal.com.mx\/index.php\/wp-json\/wp\/v2\/comments?post=15874"}],"version-history":[{"count":1,"href":"https:\/\/noticiasal.com.mx\/index.php\/wp-json\/wp\/v2\/posts\/15874\/revisions"}],"predecessor-version":[{"id":15879,"href":"https:\/\/noticiasal.com.mx\/index.php\/wp-json\/wp\/v2\/posts\/15874\/revisions\/15879"}],"wp:featuredmedia":[{"embeddable":true,"href":"https:\/\/noticiasal.com.mx\/index.php\/wp-json\/wp\/v2\/media\/15876"}],"wp:attachment":[{"href":"https:\/\/noticiasal.com.mx\/index.php\/wp-json\/wp\/v2\/media?parent=15874"}],"wp:term":[{"taxonomy":"category","embeddable":true,"href":"https:\/\/noticiasal.com.mx\/index.php\/wp-json\/wp\/v2\/categories?post=15874"},{"taxonomy":"post_tag","embeddable":true,"href":"https:\/\/noticiasal.com.mx\/index.php\/wp-json\/wp\/v2\/tags?post=15874"}],"curies":[{"name":"wp","href":"https:\/\/api.w.org\/{rel}","templated":true}]}}