{"id":15887,"date":"2025-07-03T02:47:13","date_gmt":"2025-07-03T02:47:13","guid":{"rendered":"https:\/\/noticiasal.com.mx\/?p=15887"},"modified":"2025-07-03T02:47:13","modified_gmt":"2025-07-03T02:47:13","slug":"ia-roba-empleos-en-microsoft-recortan-9-mil-puestos-de-trabajo-en-todas-sus-divisiones","status":"publish","type":"post","link":"https:\/\/noticiasal.com.mx\/index.php\/2025\/07\/03\/ia-roba-empleos-en-microsoft-recortan-9-mil-puestos-de-trabajo-en-todas-sus-divisiones\/","title":{"rendered":"IA \u2018roba empleos\u2019 en Microsoft: Recortan 9 mil puestos de trabajo en todas sus divisiones"},"content":{"rendered":"<ul>\n<li class=\"c-heading b-subheadline\">En mayo pasado, Microsoft ya hab\u00eda despedido a 6 mil trabajadores, por lo que el recorte total es de 15 mil plazas mientras aumentan el gasto en IA.<\/li>\n<\/ul>\n<p class=\"c-paragraph\">Microsoft Corp. inici\u00f3 recortes de empleo\u00a0que afectar\u00e1n a unos 9 mil trabajadores, su segunda gran ola de despidos este a\u00f1o, mientras busca\u00a0<b>controlar los costos<\/b>\u00a0mientras\u00a0<a title=\"https:\/\/www.elfinanciero.com.mx\/tech\/2025\/06\/25\/acciones-de-nvidia-rompen-record-empresa-refuerza-su-dominio-en-la-era-de-la-inteligencia-artificial\/\" href=\"https:\/\/www.elfinanciero.com.mx\/tech\/2025\/06\/25\/acciones-de-nvidia-rompen-record-empresa-refuerza-su-dominio-en-la-era-de-la-inteligencia-artificial\/\" target=\"_blank\" rel=\"noopener noreferrer\">aumenta el gasto en inteligencia artificial<\/a>.<\/p>\n<p class=\"c-paragraph\">Menos del 4 por ciento de la plantilla total de la empresa se ver\u00e1 afectada, seg\u00fan un portavoz. Los recortes\u00a0<b>afectar\u00e1n a todos los equipos<\/b>, zonas geogr\u00e1ficas y puestos, y se realizan con el objetivo de optimizar los procesos y reducir los niveles de gesti\u00f3n, a\u00f1adi\u00f3 el portavoz.<\/p>\n<blockquote>\n<p class=\"c-paragraph\">\u201cSeguimos implementando los cambios organizativos necesarios para\u00a0<b>posicionar mejor a la empresa<\/b>\u00a0y a los equipos para el \u00e9xito en un mercado din\u00e1mico\u201d, afirm\u00f3 el portavoz.<\/p>\n<\/blockquote>\n<p>Previamente que Microsoft planeaba recortar miles de empleos en julio, lo que afectar\u00eda al personal de ventas y tambi\u00e9n a divisiones como Xbox. Los despidos se producen tras una ronda anterior de despidos en mayo que <b>afect\u00f3 a 6 mil personas<\/b>\u00a0y fue especialmente grave en los puestos de producto e ingenier\u00eda.<\/p>\n<p class=\"c-paragraph\">En toda la industria tecnol\u00f3gica, las empresas se enfrentan al aumento vertiginoso de los costes para mantenerse al d\u00eda en la carrera de la inteligencia artificial, ya sea entrenando los grandes modelos de lenguaje que sustentan la tecnolog\u00eda, construyendo servidores y centros de datos, o\u00a0desarrollando aplicaciones de IA.\u00a0Tras invertir decenas de miles de millones de d\u00f3lares en centros de datos y desarrollo de aplicaciones, Microsoft se ha\u00a0<b>comprometido con Wall Street a limitar los costes<\/b>.<\/p>\n<p class=\"c-paragraph\">Las reducciones podr\u00edan ayudar a compensar el aumento del gasto asociado con el\u00a0<b>desarrollo de la infraestructura de IA<\/b>, escribi\u00f3 Anurag Rana, analista de\u00a0<i>Bloomberg Intelligence<\/i>. Tambi\u00e9n podr\u00edan reflejar un mayor impulso al uso interno de\u00a0herramientas de IA, a\u00f1adi\u00f3.<\/p>\n<p>La empresa contaba con 228 mil empleados a finales de junio del a\u00f1o pasado, 45 mil de ellos en ventas y marketing. Microsoft suele reestructurar sus equipos y anunciar otros cambios\u00a0<b>cerca del final de su ejercicio fiscal<\/b>.<\/p>\n<p>El principal ejecutivo de ventas de Microsoft, Judson Althoff, planea tomarse un periodo sab\u00e1tico de dos meses a partir de mes, seg\u00fan inform\u00f3\u00a0<i>Bloomberg<\/i>\u00a0el mes pasado. La compa\u00f1\u00eda ha afirmado que\u00a0<b>su baja ya estaba prevista<\/b>\u00a0y que regresar\u00e1 en septiembre.<\/p>\n<p>Fuente: <a href=\"https:\/\/www.elfinanciero.com.mx\/empresas\/2025\/07\/02\/microsoft-anuncia-recorte-de-personal-de-9-mil-empleos-por-gastos-en-inteligencia-artificial\/\" target=\"_blank\" rel=\"noopener\">ElFinanciero<\/a><\/p>\n","protected":false},"excerpt":{"rendered":"<p>En mayo pasado, Microsoft ya hab\u00eda despedido a 6 mil trabajadores, por lo que el recorte total es de 15 mil plazas mientras aumentan el gasto en IA. Microsoft Corp. inici\u00f3 recortes de empleo\u00a0que afectar\u00e1n a unos 9 mil trabajadores, su segunda gran ola de despidos este a\u00f1o, mientras busca\u00a0controlar los costos\u00a0mientras\u00a0aumenta el gasto en [&hellip;]<\/p>\n","protected":false},"author":9,"featured_media":15888,"comment_status":"open","ping_status":"closed","sticky":false,"template":"","format":"standard","meta":{"footnotes":""},"categories":[154],"tags":[572,438,573],"class_list":["post-15887","post","type-post","status-publish","format-standard","has-post-thumbnail","hentry","category-jalisco","tag-despidos","tag-ia","tag-microsoft"],"_links":{"self":[{"href":"https:\/\/noticiasal.com.mx\/index.php\/wp-json\/wp\/v2\/posts\/15887"}],"collection":[{"href":"https:\/\/noticiasal.com.mx\/index.php\/wp-json\/wp\/v2\/posts"}],"about":[{"href":"https:\/\/noticiasal.com.mx\/index.php\/wp-json\/wp\/v2\/types\/post"}],"author":[{"embeddable":true,"href":"https:\/\/noticiasal.com.mx\/index.php\/wp-json\/wp\/v2\/users\/9"}],"replies":[{"embeddable":true,"href":"https:\/\/noticiasal.com.mx\/index.php\/wp-json\/wp\/v2\/comments?post=15887"}],"version-history":[{"count":1,"href":"https:\/\/noticiasal.com.mx\/index.php\/wp-json\/wp\/v2\/posts\/15887\/revisions"}],"predecessor-version":[{"id":15889,"href":"https:\/\/noticiasal.com.mx\/index.php\/wp-json\/wp\/v2\/posts\/15887\/revisions\/15889"}],"wp:featuredmedia":[{"embeddable":true,"href":"https:\/\/noticiasal.com.mx\/index.php\/wp-json\/wp\/v2\/media\/15888"}],"wp:attachment":[{"href":"https:\/\/noticiasal.com.mx\/index.php\/wp-json\/wp\/v2\/media?parent=15887"}],"wp:term":[{"taxonomy":"category","embeddable":true,"href":"https:\/\/noticiasal.com.mx\/index.php\/wp-json\/wp\/v2\/categories?post=15887"},{"taxonomy":"post_tag","embeddable":true,"href":"https:\/\/noticiasal.com.mx\/index.php\/wp-json\/wp\/v2\/tags?post=15887"}],"curies":[{"name":"wp","href":"https:\/\/api.w.org\/{rel}","templated":true}]}}