{"id":15890,"date":"2025-07-03T03:05:00","date_gmt":"2025-07-03T03:05:00","guid":{"rendered":"https:\/\/noticiasal.com.mx\/?p=15890"},"modified":"2025-07-03T03:05:00","modified_gmt":"2025-07-03T03:05:00","slug":"impacto-en-la-formula-1-confirmaron-las-negociaciones-entre-max-verstappen-y-mercedes","status":"publish","type":"post","link":"https:\/\/noticiasal.com.mx\/index.php\/2025\/07\/03\/impacto-en-la-formula-1-confirmaron-las-negociaciones-entre-max-verstappen-y-mercedes\/","title":{"rendered":"Impacto en la F\u00f3rmula 1: confirmaron las negociaciones entre Max Verstappen y Mercedes"},"content":{"rendered":"<ul>\n<li>El cuatro veces campe\u00f3n de la M\u00e1xima tiene contrato vigente con Red Bull, pero cuenta con cl\u00e1usulas que le podr\u00edan permitir liberarse<\/li>\n<\/ul>\n<p>Este viernes comenzar\u00e1n las pr\u00e1cticas libres con vistas al\u00a0<b>Gran Premio de Silverstone<\/b>, pero la atenci\u00f3n tambi\u00e9n divaga afuera de las pistas. Es que, en las pr\u00f3ximas semanas, se podr\u00eda concretar una de las negociaciones que provoca suspiros en el\u00a0<i>paddock<\/i>\u00a0y marcar\u00eda un punto de inflexi\u00f3n pocas veces visto en los \u00faltimos a\u00f1os dentro de la categor\u00eda: entre el vigente campe\u00f3n del mundo, Max Verstappen, y una escuder\u00eda que lo tiene entre ceja y ceja hace mucho tiempo.<\/p>\n<p>La noticia exclusiva de\u00a0<i>Sky Sport<\/i>\u00a0contiene un breve mensaje y fue publicado en la cuenta oficial que tiene la se\u00f1al enfocada en la F1 en sus redes sociales, con una fuerte afirmaci\u00f3n sobre el futuro de\u00a0<i>Super Max<\/i>:\u00a0<b>\u201cMercedes, negociaciones concretas con Max Verstappen. El neerland\u00e9s, listo para liberarse para la pr\u00f3xima temporada\u201d<\/b>.<\/p>\n<p>Los caminos del conductor de Red Bull y las\u00a0<i>Flechas Plateadas<\/i>\u00a0se acercaron como nunca durante 2024, cuando hubo conversaciones para concretar el traspaso al equipo que estaba en un proceso de transici\u00f3n por la salida de Lewis Hamilton a Ferrari, seg\u00fan detall\u00f3 el portal especializado\u00a0<i>Motorsport<\/i>. En ese momento, se lleg\u00f3 a la conclusi\u00f3n en el receso del verano europeo de que \u201cno ser\u00eda factible\u201d un cambio de butaca antes de 2025 y la escuder\u00eda opt\u00f3 por darle confianza a Andrea Kimi Antonelli, una de las grandes promesas de la actual camada, que tuvo un comienzo auspicioso, pero baj\u00f3 su rendimiento hasta tener tres abandonos y un 18\u00b0 puesto en las \u00faltimas cinco carreras.<\/p>\n<p>Adem\u00e1s, su compa\u00f1ero,\u00a0<b>George Russell<\/b>, tambi\u00e9n est\u00e1 en la cuerda floja porque todav\u00eda no ha renovado el contrato que vence este a\u00f1o. El experimentado piloto brit\u00e1nico dej\u00f3 de estar a la sombra de Hamilton y sac\u00f3 a relucir su mejor rendimiento con una victoria en el GP de Canad\u00e1 y cuatro podios en Australia (3\u00b0), China (3\u00b0), Bahrein (2\u00b0) y Miami (3\u00b0). De hecho, fue \u00e9l mismo quien dispar\u00f3 una declaraci\u00f3n con mucha repercusi\u00f3n el jueves pasado antes de la realizaci\u00f3n del Gran Premio de Austria: \u201c<b>Es normal que las conversaciones con pilotos como Verstappen sigan en curso<\/b>\u201d.<\/p>\n<p>Y pas\u00f3 lo que deb\u00eda pasar. El s\u00e1bado, la presencia de Toto Wolff, director de Mercedes, en la conferencia de prensa de los jefes de equipo, provoc\u00f3 que todo gire en torno al nombre de Verstappen: \u201cComo director de equipo responsable de la mejor marca de autom\u00f3viles del mundo,\u00a0<b>est\u00e1 claro que est\u00e1s explorando lo que un cuatro veces campe\u00f3n del mundo va a hacer en el futuro<\/b>\u201d.<\/p>\n<p class=\"paragraph\" data-mrf-recirculation=\"Links inline\">Un d\u00eda despu\u00e9s, el s\u00e1bado, Wolff volvi\u00f3 a someterse a las preguntas, en este caso de\u00a0<i>Sky Sports F1,\u00a0<\/i>y evit\u00f3 desviar el foco sobre una decisi\u00f3n que podr\u00eda cambiar el mapa de la disciplina de manera dr\u00e1stica: \u201cCreo que cuando miras la situaci\u00f3n que tenemos con Kimi y George, tenemos una alineaci\u00f3n perfecta que disfrutamos mucho y que creemos que es el futuro. Pero, al mismo tiempo, hay un cuatro veces campe\u00f3n del mundo que necesita decidir qu\u00e9 va a hacer en el futuro y, como director de equipo, necesitas ver hacia d\u00f3nde va eso\u201d. A continuaci\u00f3n, intent\u00f3 ponerle pa\u00f1os fr\u00edos, negando una posible operaci\u00f3n para que se vaya de Red Bull: \u201cPero creo que le doy muy poca probabilidad de que eso suceda\u201d.<\/p>\n<p class=\"paragraph\" data-mrf-recirculation=\"Links inline\">Las versiones crecieron despu\u00e9s de la\u00a0<a title=\"https:\/\/www.infobae.com\/deportes\/2025\/06\/29\/franco-colapinto-largara-desde-el-puesto-14-el-gran-premio-de-austria-de-formula-1-hora-tv-y-todo-lo-que-hay-que-saber\/\" href=\"https:\/\/www.infobae.com\/deportes\/2025\/06\/29\/franco-colapinto-largara-desde-el-puesto-14-el-gran-premio-de-austria-de-formula-1-hora-tv-y-todo-lo-que-hay-que-saber\/\" target=\"_blank\" rel=\"noopener noreferrer\" data-mrf-link=\"https:\/\/www.infobae.com\/deportes\/2025\/06\/29\/franco-colapinto-largara-desde-el-puesto-14-el-gran-premio-de-austria-de-formula-1-hora-tv-y-todo-lo-que-hay-que-saber\/\">carrera del domingo<\/a>, que registr\u00f3\u00a0<a title=\"https:\/\/www.infobae.com\/deportes\/2025\/06\/29\/el-choque-de-antonelli-a-verstappen-que-dejo-a-ambos-fuera-de-carrera-en-la-primera-vuelta-del-gp-de-austria\/\" href=\"https:\/\/www.infobae.com\/deportes\/2025\/06\/29\/el-choque-de-antonelli-a-verstappen-que-dejo-a-ambos-fuera-de-carrera-en-la-primera-vuelta-del-gp-de-austria\/\" target=\"_blank\" rel=\"noopener noreferrer\" data-mrf-link=\"https:\/\/www.infobae.com\/deportes\/2025\/06\/29\/el-choque-de-antonelli-a-verstappen-que-dejo-a-ambos-fuera-de-carrera-en-la-primera-vuelta-del-gp-de-austria\/\">un abandono de Antonelli tras chocar a Verstappen<\/a>\u00a0y un 5\u00b0 lugar para Russell. Bajo este contexto, Toto Wolff asegur\u00f3 que habr\u00e1 definiciones en el corto plazo: \u201cSiento que estamos en un buen momento, estamos en junio y hay muchas discusiones al respecto. He sido abierto y transparente. Y en un momento dado, en los pr\u00f3ximos meses, hasta las vacaciones de verano, todo estar\u00e1 listo\u201c. Incluso, se anim\u00f3 a las bromas cuando fue consultado si la determinaci\u00f3n podr\u00eda tomarse en alg\u00fan momento del receso que va del 3 al 29 de agosto: \u201c\u00a1Tal vez en el medio!\u201d.<\/p>\n<p class=\"paragraph\" data-mrf-recirculation=\"Links inline\">Seg\u00fan las fuentes citadas, Max Verstappen tiene contrato hasta 2028, pero agregan la existencia de posibles cl\u00e1usulas de desempe\u00f1o que podr\u00edan causar una salida anticipada de la escuder\u00eda de la bebida energizante.\u00a0<b>\u201cHay mucho ruido. Creo que a Max le molesta bastante\u201d<\/b>, lleg\u00f3 a decir el director de Red Bull, Christian Horner, en un intento por disipar rumores sobre el piloto que ha sumado\u00a0<b>155 de los 162 puntos<\/b>\u00a0<b>acumulados\u00a0<\/b>en el campeonato de constructores.<\/p>\n<p class=\"paragraph\" data-mrf-recirculation=\"Links inline\">Ha sido un a\u00f1o particular en la\u00a0<i>F1,\u00a0<\/i>porque se han dado muchos cambios en las butacas de equipos de mayor o menor envergadura. De hecho,\u00a0<b>Red Bull\u00a0<\/b>eligi\u00f3 a<b>\u00a0Liam Lawson\u00a0<\/b>como el sucesor de Sergio\u00a0<i>Checo<\/i>\u00a0P\u00e9rez y dur\u00f3 dos carreras hasta ser reemplazado por Yuki Tsunoda a partir de Suzuka. Adem\u00e1s, Franco Colapinto tom\u00f3 el lugar de Jack Doohan en Alpine y el pr\u00f3ximo a\u00f1o, con un cambio reglamentario mediante, podr\u00eda continuar la senda de altas y bajas.<\/p>\n<p data-mrf-recirculation=\"Links inline\">Informaci\u00f3n:<a href=\"https:\/\/www.infobae.com\/deportes\/2025\/07\/02\/impacto-en-la-formula-1-confirmaron-las-negociaciones-entre-max-verstappen-y-mercedes\/\" target=\"_blank\" rel=\"noopener\"> Infobae<\/a><\/p>\n","protected":false},"excerpt":{"rendered":"<p>El cuatro veces campe\u00f3n de la M\u00e1xima tiene contrato vigente con Red Bull, pero cuenta con cl\u00e1usulas que le podr\u00edan permitir liberarse Este viernes comenzar\u00e1n las pr\u00e1cticas libres con vistas al\u00a0Gran Premio de Silverstone, pero la atenci\u00f3n tambi\u00e9n divaga afuera de las pistas. Es que, en las pr\u00f3ximas semanas, se podr\u00eda concretar una de las [&hellip;]<\/p>\n","protected":false},"author":9,"featured_media":15891,"comment_status":"open","ping_status":"closed","sticky":false,"template":"","format":"standard","meta":{"footnotes":""},"categories":[150],"tags":[357],"class_list":["post-15890","post","type-post","status-publish","format-standard","has-post-thumbnail","hentry","category-deportes","tag-formula-1"],"_links":{"self":[{"href":"https:\/\/noticiasal.com.mx\/index.php\/wp-json\/wp\/v2\/posts\/15890"}],"collection":[{"href":"https:\/\/noticiasal.com.mx\/index.php\/wp-json\/wp\/v2\/posts"}],"about":[{"href":"https:\/\/noticiasal.com.mx\/index.php\/wp-json\/wp\/v2\/types\/post"}],"author":[{"embeddable":true,"href":"https:\/\/noticiasal.com.mx\/index.php\/wp-json\/wp\/v2\/users\/9"}],"replies":[{"embeddable":true,"href":"https:\/\/noticiasal.com.mx\/index.php\/wp-json\/wp\/v2\/comments?post=15890"}],"version-history":[{"count":1,"href":"https:\/\/noticiasal.com.mx\/index.php\/wp-json\/wp\/v2\/posts\/15890\/revisions"}],"predecessor-version":[{"id":15892,"href":"https:\/\/noticiasal.com.mx\/index.php\/wp-json\/wp\/v2\/posts\/15890\/revisions\/15892"}],"wp:featuredmedia":[{"embeddable":true,"href":"https:\/\/noticiasal.com.mx\/index.php\/wp-json\/wp\/v2\/media\/15891"}],"wp:attachment":[{"href":"https:\/\/noticiasal.com.mx\/index.php\/wp-json\/wp\/v2\/media?parent=15890"}],"wp:term":[{"taxonomy":"category","embeddable":true,"href":"https:\/\/noticiasal.com.mx\/index.php\/wp-json\/wp\/v2\/categories?post=15890"},{"taxonomy":"post_tag","embeddable":true,"href":"https:\/\/noticiasal.com.mx\/index.php\/wp-json\/wp\/v2\/tags?post=15890"}],"curies":[{"name":"wp","href":"https:\/\/api.w.org\/{rel}","templated":true}]}}