{"id":15897,"date":"2025-07-03T15:11:53","date_gmt":"2025-07-03T15:11:53","guid":{"rendered":"https:\/\/noticiasal.com.mx\/?p=15897"},"modified":"2025-07-03T15:11:53","modified_gmt":"2025-07-03T15:11:53","slug":"viajan-combatientes-mexicanos-a-canada-para-apoyar-en-la-extincion-de-incendios-forestales","status":"publish","type":"post","link":"https:\/\/noticiasal.com.mx\/index.php\/2025\/07\/03\/viajan-combatientes-mexicanos-a-canada-para-apoyar-en-la-extincion-de-incendios-forestales\/","title":{"rendered":"Viajan combatientes mexicanos a Canad\u00e1 para apoyar en la extinci\u00f3n de incendios forestales"},"content":{"rendered":"<p><img loading=\"lazy\" decoding=\"async\" class=\"blazy alignright wp-image-15899 \" src=\"https:\/\/noticiasal.com.mx\/wp-content\/themes\/news\/assets\/images\/picture_placeholder_list.jpg\" data-src=\"https:\/\/noticiasal.com.mx\/wp-content\/uploads\/2025\/07\/WhatsApp-Image-2025-07-02-at-5.03.02-PM.jpeg\" alt=\"\" width=\"577\" height=\"385\" \/><noscript><img loading=\"lazy\" decoding=\"async\" class=\"alignright wp-image-15899 \" src=\"https:\/\/noticiasal.com.mx\/wp-content\/uploads\/2025\/07\/WhatsApp-Image-2025-07-02-at-5.03.02-PM.jpeg\" alt=\"\" width=\"577\" height=\"385\" srcset=\"https:\/\/noticiasal.com.mx\/wp-content\/uploads\/2025\/07\/WhatsApp-Image-2025-07-02-at-5.03.02-PM.jpeg 2560w, https:\/\/noticiasal.com.mx\/wp-content\/uploads\/2025\/07\/WhatsApp-Image-2025-07-02-at-5.03.02-PM-300x200.jpeg 300w, https:\/\/noticiasal.com.mx\/wp-content\/uploads\/2025\/07\/WhatsApp-Image-2025-07-02-at-5.03.02-PM-1024x683.jpeg 1024w, https:\/\/noticiasal.com.mx\/wp-content\/uploads\/2025\/07\/WhatsApp-Image-2025-07-02-at-5.03.02-PM-768x512.jpeg 768w, https:\/\/noticiasal.com.mx\/wp-content\/uploads\/2025\/07\/WhatsApp-Image-2025-07-02-at-5.03.02-PM-1536x1025.jpeg 1536w, https:\/\/noticiasal.com.mx\/wp-content\/uploads\/2025\/07\/WhatsApp-Image-2025-07-02-at-5.03.02-PM-2048x1366.jpeg 2048w\" sizes=\"(max-width: 577px) 100vw, 577px\" \/><\/noscript>Destaca Alma Lury Trujillo Montejo, integrante de la Direcci\u00f3n de Manejo del Fuego de la Unidad Estatal de Protecci\u00f3n Civil y Bomberos de Jalisco (UEPCBJ), quien fue designada como Jefa de Brigada para la misi\u00f3n internacional<\/p>\n<p>Con el objetivo de colaborar en las acciones de combate y extinci\u00f3n de incendios forestales que afectan a esa regi\u00f3n, un contingente conformado por 101 personas combatientes y t\u00e9cnicas de Protecci\u00f3n Civil, provenientes de varios estados de M\u00e9xico, y un oficial que fungir\u00e1 como enlace internacional, parti\u00f3 desde Guadalajara rumbo a Winnipeg, en la provincia de Manitoba, Canad\u00e1.<\/p>\n<p>La situaci\u00f3n cr\u00edtica que vive Canad\u00e1, debido a la intensa temporada de incendios forestales, motiv\u00f3 al Gobierno de M\u00e9xico a ofrecer apoyo con personal altamente capacitado, dado que nuestro pa\u00eds actualmente se encuentra fuera de su temporada cr\u00edtica.<\/p>\n<p>Entre las personas seleccionadas en Jalisco destaca Alma Lury Trujillo Montejo, integrante de la Direcci\u00f3n de Manejo del Fuego de la Unidad Estatal de Protecci\u00f3n Civil y Bomberos de Jalisco (UEPCBJ), quien fue designada como Jefa de Brigada para la misi\u00f3n internacional.<\/p>\n<p>Durante un mes, aproximadamente, Alma Lury Trujillo participar\u00e1 activamente en las labores de combate en suelo canadiense, demostrando el profesionalismo, experiencia y compromiso que caracteriza a las y los integrantes de la instituci\u00f3n.<\/p>\n<p>El grupo est\u00e1 integrado por representantes de las entidades federativas como Durango (23), Michoac\u00e1n (22), Jalisco (11), Chiapas (7), Morelos (6), Veracruz (5), Ciudad de M\u00e9xico (4), Estado de M\u00e9xico (4), Aguascalientes (3), Nayarit (3), San Luis Potos\u00ed (3), Tamaulipas (3), Guanajuato (2), Campeche (1), Coahuila (1), Colima (1),\u00a0 Quintana Roo (1)\u00a0 y Yucat\u00e1n (1).<\/p>\n<p>En esta misi\u00f3n participan dos mujeres combatientes, adem\u00e1s de la oficial que representa al enlace internacional. Todo el personal cumple con los est\u00e1ndares y requisitos internacionales para participar en labores de combate de incendios forestales fuera del pa\u00eds.<\/p>\n<blockquote><p>Este despliegue representa un acto de solidaridad internacional y un reconocimiento a la formaci\u00f3n y capacidad t\u00e9cnica del personal mexicano en materia de manejo del fuego.<\/p><\/blockquote>\n","protected":false},"excerpt":{"rendered":"<p>Destaca Alma Lury Trujillo Montejo, integrante de la Direcci\u00f3n de Manejo del Fuego de la Unidad Estatal de Protecci\u00f3n Civil y Bomberos de Jalisco (UEPCBJ), quien fue designada como Jefa de Brigada para la misi\u00f3n internacional Con el objetivo de colaborar en las acciones de combate y extinci\u00f3n de incendios forestales que afectan a esa [&hellip;]<\/p>\n","protected":false},"author":9,"featured_media":15898,"comment_status":"open","ping_status":"closed","sticky":false,"template":"","format":"standard","meta":{"footnotes":""},"categories":[154],"tags":[575,576,178],"class_list":["post-15897","post","type-post","status-publish","format-standard","has-post-thumbnail","hentry","category-jalisco","tag-brigasitas","tag-canada","tag-jalisco"],"_links":{"self":[{"href":"https:\/\/noticiasal.com.mx\/index.php\/wp-json\/wp\/v2\/posts\/15897"}],"collection":[{"href":"https:\/\/noticiasal.com.mx\/index.php\/wp-json\/wp\/v2\/posts"}],"about":[{"href":"https:\/\/noticiasal.com.mx\/index.php\/wp-json\/wp\/v2\/types\/post"}],"author":[{"embeddable":true,"href":"https:\/\/noticiasal.com.mx\/index.php\/wp-json\/wp\/v2\/users\/9"}],"replies":[{"embeddable":true,"href":"https:\/\/noticiasal.com.mx\/index.php\/wp-json\/wp\/v2\/comments?post=15897"}],"version-history":[{"count":1,"href":"https:\/\/noticiasal.com.mx\/index.php\/wp-json\/wp\/v2\/posts\/15897\/revisions"}],"predecessor-version":[{"id":15900,"href":"https:\/\/noticiasal.com.mx\/index.php\/wp-json\/wp\/v2\/posts\/15897\/revisions\/15900"}],"wp:featuredmedia":[{"embeddable":true,"href":"https:\/\/noticiasal.com.mx\/index.php\/wp-json\/wp\/v2\/media\/15898"}],"wp:attachment":[{"href":"https:\/\/noticiasal.com.mx\/index.php\/wp-json\/wp\/v2\/media?parent=15897"}],"wp:term":[{"taxonomy":"category","embeddable":true,"href":"https:\/\/noticiasal.com.mx\/index.php\/wp-json\/wp\/v2\/categories?post=15897"},{"taxonomy":"post_tag","embeddable":true,"href":"https:\/\/noticiasal.com.mx\/index.php\/wp-json\/wp\/v2\/tags?post=15897"}],"curies":[{"name":"wp","href":"https:\/\/api.w.org\/{rel}","templated":true}]}}