{"id":15905,"date":"2025-07-04T18:41:27","date_gmt":"2025-07-04T18:41:27","guid":{"rendered":"https:\/\/noticiasal.com.mx\/?p=15905"},"modified":"2025-07-04T18:41:27","modified_gmt":"2025-07-04T18:41:27","slug":"unidos-por-la-seguridad-instituciones-se-capacitan-en-manejo-de-emergencias","status":"publish","type":"post","link":"https:\/\/noticiasal.com.mx\/index.php\/2025\/07\/04\/unidos-por-la-seguridad-instituciones-se-capacitan-en-manejo-de-emergencias\/","title":{"rendered":"Unidos por la seguridad: instituciones se capacitan en manejo de emergencias"},"content":{"rendered":"<ul>\n<li>Esta semana se llev\u00f3 a cabo en Puerto Vallarta el Curso del Sistema de Comando de Incidentes (SCI), una capacitaci\u00f3n clave para mejorar la coordinaci\u00f3n entre instituciones ante situaciones de emergencia.<\/li>\n<\/ul>\n<p><img loading=\"lazy\" decoding=\"async\" class=\"blazy size-medium wp-image-15908 alignleft\" src=\"https:\/\/noticiasal.com.mx\/wp-content\/themes\/news\/assets\/images\/picture_placeholder_list.jpg\" data-src=\"https:\/\/noticiasal.com.mx\/wp-content\/uploads\/2025\/07\/GvB8h42b0AAsH2N-300x225.jpg\" alt=\"\" width=\"300\" height=\"225\" \/><noscript><img loading=\"lazy\" decoding=\"async\" class=\"size-medium wp-image-15908 alignleft\" src=\"https:\/\/noticiasal.com.mx\/wp-content\/uploads\/2025\/07\/GvB8h42b0AAsH2N-300x225.jpg\" alt=\"\" width=\"300\" height=\"225\" srcset=\"https:\/\/noticiasal.com.mx\/wp-content\/uploads\/2025\/07\/GvB8h42b0AAsH2N-300x225.jpg 300w, https:\/\/noticiasal.com.mx\/wp-content\/uploads\/2025\/07\/GvB8h42b0AAsH2N-1024x768.jpg 1024w, https:\/\/noticiasal.com.mx\/wp-content\/uploads\/2025\/07\/GvB8h42b0AAsH2N-768x576.jpg 768w, https:\/\/noticiasal.com.mx\/wp-content\/uploads\/2025\/07\/GvB8h42b0AAsH2N-1536x1152.jpg 1536w, https:\/\/noticiasal.com.mx\/wp-content\/uploads\/2025\/07\/GvB8h42b0AAsH2N-360x270.jpg 360w, https:\/\/noticiasal.com.mx\/wp-content\/uploads\/2025\/07\/GvB8h42b0AAsH2N.jpg 1600w\" sizes=\"(max-width: 300px) 100vw, 300px\" \/><\/noscript>El curso, dise\u00f1ado para fortalecer la administraci\u00f3n de incidentes y emergencias, cont\u00f3 con la participaci\u00f3n de personal de distintas dependencias estrat\u00e9gicas, incluyendo la Secretar\u00eda de Marina (SEMAR), el Aeropuerto Internacional de Puerto Vallarta, la Asociaci\u00f3n de Hoteles del destino, Protecci\u00f3n Civil y Bomberos de Puerto Vallarta, as\u00ed como elementos de Protecci\u00f3n Civil de San Sebasti\u00e1n del Oeste y Cabo Corrientes, adem\u00e1s de personal de CR4.<\/p>\n<p>Durante la capacitaci\u00f3n, se abordaron temas fundamentales relacionados con la estructura operativa del SCI, que permite una respuesta m\u00e1s eficaz, ordenada y colaborativa ante cualquier tipo de contingencia, ya sea natural o provocada.<\/p>\n<p>Autoridades destacaron la importancia de este tipo de actividades formativas, que no solo refuerzan la capacidad de respuesta en Jalisco, sino que tambi\u00e9n fomentan la colaboraci\u00f3n interinstitucional como base para una atenci\u00f3n oportuna y eficiente ante emergencias.<\/p>\n<blockquote><p>Con este tipo de esfuerzos, Puerto Vallarta contin\u00faa consolid\u00e1ndose como un referente en materia de protecci\u00f3n civil y gesti\u00f3n de riesgos.<\/p><\/blockquote>\n","protected":false},"excerpt":{"rendered":"<p>Esta semana se llev\u00f3 a cabo en Puerto Vallarta el Curso del Sistema de Comando de Incidentes (SCI), una capacitaci\u00f3n clave para mejorar la coordinaci\u00f3n entre instituciones ante situaciones de emergencia. El curso, dise\u00f1ado para fortalecer la administraci\u00f3n de incidentes y emergencias, cont\u00f3 con la participaci\u00f3n de personal de distintas dependencias estrat\u00e9gicas, incluyendo la Secretar\u00eda [&hellip;]<\/p>\n","protected":false},"author":9,"featured_media":15906,"comment_status":"open","ping_status":"closed","sticky":false,"template":"","format":"standard","meta":{"footnotes":""},"categories":[154],"tags":[579,580,263],"class_list":["post-15905","post","type-post","status-publish","format-standard","has-post-thumbnail","hentry","category-jalisco","tag-capacitacion","tag-manejo-de-emergencias","tag-pc-jalisco"],"_links":{"self":[{"href":"https:\/\/noticiasal.com.mx\/index.php\/wp-json\/wp\/v2\/posts\/15905"}],"collection":[{"href":"https:\/\/noticiasal.com.mx\/index.php\/wp-json\/wp\/v2\/posts"}],"about":[{"href":"https:\/\/noticiasal.com.mx\/index.php\/wp-json\/wp\/v2\/types\/post"}],"author":[{"embeddable":true,"href":"https:\/\/noticiasal.com.mx\/index.php\/wp-json\/wp\/v2\/users\/9"}],"replies":[{"embeddable":true,"href":"https:\/\/noticiasal.com.mx\/index.php\/wp-json\/wp\/v2\/comments?post=15905"}],"version-history":[{"count":1,"href":"https:\/\/noticiasal.com.mx\/index.php\/wp-json\/wp\/v2\/posts\/15905\/revisions"}],"predecessor-version":[{"id":15909,"href":"https:\/\/noticiasal.com.mx\/index.php\/wp-json\/wp\/v2\/posts\/15905\/revisions\/15909"}],"wp:featuredmedia":[{"embeddable":true,"href":"https:\/\/noticiasal.com.mx\/index.php\/wp-json\/wp\/v2\/media\/15906"}],"wp:attachment":[{"href":"https:\/\/noticiasal.com.mx\/index.php\/wp-json\/wp\/v2\/media?parent=15905"}],"wp:term":[{"taxonomy":"category","embeddable":true,"href":"https:\/\/noticiasal.com.mx\/index.php\/wp-json\/wp\/v2\/categories?post=15905"},{"taxonomy":"post_tag","embeddable":true,"href":"https:\/\/noticiasal.com.mx\/index.php\/wp-json\/wp\/v2\/tags?post=15905"}],"curies":[{"name":"wp","href":"https:\/\/api.w.org\/{rel}","templated":true}]}}