{"id":15913,"date":"2025-07-05T01:58:22","date_gmt":"2025-07-05T01:58:22","guid":{"rendered":"https:\/\/noticiasal.com.mx\/?p=15913"},"modified":"2025-07-05T01:58:22","modified_gmt":"2025-07-05T01:58:22","slug":"zarpa-desde-puerto-vallarta-el-buque-estadounidense-uscgc-bertholf-en-el-dia-de-la-independencia-de-ee-uu","status":"publish","type":"post","link":"https:\/\/noticiasal.com.mx\/index.php\/2025\/07\/05\/zarpa-desde-puerto-vallarta-el-buque-estadounidense-uscgc-bertholf-en-el-dia-de-la-independencia-de-ee-uu\/","title":{"rendered":"Zarpa desde Puerto Vallarta el buque estadounidense USCGC BERTHOLF en el D\u00eda de la Independencia de EE.UU."},"content":{"rendered":"<p>Puerto Vallarta, Jal., 4 de julio de 2025 \u2014 Este viernes zarp\u00f3 del puerto de Puerto Vallarta el buque USCGC BERTHOLF, perteneciente a la Guardia Costera de Estados Unidos. La embarcaci\u00f3n, con 127 metros de eslora y 16 metros de manga, estuvo bajo el mando del Capit\u00e1n Andrew L. Pate durante su estancia en aguas mexicanas.<\/p>\n<p>El buque arrib\u00f3 el pasado 1 de julio como parte de una visita oficial y este 4 de julio, fecha en la que se conmemora la Independencia de los Estados Unidos, retom\u00f3 su rumbo, reforzando los lazos de cooperaci\u00f3n y entendimiento mar\u00edtimo entre ambos pa\u00edses.<\/p>\n<p>La Administraci\u00f3n del Sistema Portuario Nacional (ASIPONA) Puerto Vallarta destaca la importancia de este tipo de intercambios para el fortalecimiento de relaciones internacionales desde \u00abel puerto m\u00e1s mexicano\u00bb.<\/p>\n<p><iframe loading=\"lazy\" style=\"border: none; overflow: hidden;\" src=\"https:\/\/www.facebook.com\/plugins\/video.php?height=314&amp;href=https%3A%2F%2Fwww.facebook.com%2FNoticiasALPuertoVallarta%2Fvideos%2F1722946471654561%2F&amp;show_text=false&amp;width=560&amp;t=0\" width=\"560\" height=\"314\" frameborder=\"0\" scrolling=\"no\" allowfullscreen=\"allowfullscreen\"><\/iframe><\/p>\n","protected":false},"excerpt":{"rendered":"<p>Puerto Vallarta, Jal., 4 de julio de 2025 \u2014 Este viernes zarp\u00f3 del puerto de Puerto Vallarta el buque USCGC BERTHOLF, perteneciente a la Guardia Costera de Estados Unidos. La embarcaci\u00f3n, con 127 metros de eslora y 16 metros de manga, estuvo bajo el mando del Capit\u00e1n Andrew L. Pate durante su estancia en aguas [&hellip;]<\/p>\n","protected":false},"author":3,"featured_media":15914,"comment_status":"open","ping_status":"closed","sticky":false,"template":"","format":"standard","meta":{"footnotes":""},"categories":[164],"tags":[581,582,187],"class_list":["post-15913","post","type-post","status-publish","format-standard","has-post-thumbnail","hentry","category-turismo","tag-4-de-julio","tag-asipona","tag-puerto-vallarta"],"_links":{"self":[{"href":"https:\/\/noticiasal.com.mx\/index.php\/wp-json\/wp\/v2\/posts\/15913"}],"collection":[{"href":"https:\/\/noticiasal.com.mx\/index.php\/wp-json\/wp\/v2\/posts"}],"about":[{"href":"https:\/\/noticiasal.com.mx\/index.php\/wp-json\/wp\/v2\/types\/post"}],"author":[{"embeddable":true,"href":"https:\/\/noticiasal.com.mx\/index.php\/wp-json\/wp\/v2\/users\/3"}],"replies":[{"embeddable":true,"href":"https:\/\/noticiasal.com.mx\/index.php\/wp-json\/wp\/v2\/comments?post=15913"}],"version-history":[{"count":1,"href":"https:\/\/noticiasal.com.mx\/index.php\/wp-json\/wp\/v2\/posts\/15913\/revisions"}],"predecessor-version":[{"id":15915,"href":"https:\/\/noticiasal.com.mx\/index.php\/wp-json\/wp\/v2\/posts\/15913\/revisions\/15915"}],"wp:featuredmedia":[{"embeddable":true,"href":"https:\/\/noticiasal.com.mx\/index.php\/wp-json\/wp\/v2\/media\/15914"}],"wp:attachment":[{"href":"https:\/\/noticiasal.com.mx\/index.php\/wp-json\/wp\/v2\/media?parent=15913"}],"wp:term":[{"taxonomy":"category","embeddable":true,"href":"https:\/\/noticiasal.com.mx\/index.php\/wp-json\/wp\/v2\/categories?post=15913"},{"taxonomy":"post_tag","embeddable":true,"href":"https:\/\/noticiasal.com.mx\/index.php\/wp-json\/wp\/v2\/tags?post=15913"}],"curies":[{"name":"wp","href":"https:\/\/api.w.org\/{rel}","templated":true}]}}