{"id":15920,"date":"2025-07-05T03:43:24","date_gmt":"2025-07-05T03:43:24","guid":{"rendered":"https:\/\/noticiasal.com.mx\/?p=15920"},"modified":"2025-07-05T03:43:24","modified_gmt":"2025-07-05T03:43:24","slug":"red-bull-revela-detalles-sobre-verstappen","status":"publish","type":"post","link":"https:\/\/noticiasal.com.mx\/index.php\/2025\/07\/05\/red-bull-revela-detalles-sobre-verstappen\/","title":{"rendered":"Red Bull revela detalles sobre Verstappen"},"content":{"rendered":"<ul>\n<li class=\"node-summary\">Christian Horner, patr\u00f3n de Red Bull, revel\u00f3 detalles de la situaci\u00f3n contractual con Max Verstappen<\/li>\n<\/ul>\n<p>M\u00e1s all\u00e1 del rendimiento de los b\u00f3lidos en el asfalto en las pr\u00e1cticas del GP de Gran Breta\u00f1a 2025 de la\u00a0<a href=\"https:\/\/www.excelsior.com.mx\/adrenalina\/formula-1\" target=\"_blank\" rel=\"dofollow noopener\">F1<\/a>, en el &#8216;paddock&#8217; el tema de conversaci\u00f3n principal fue el futuro de\u00a0<a href=\"https:\/\/www.excelsior.com.mx\/adrenalina\/max-verstappen\" target=\"_blank\" rel=\"dofollow noopener\">Max Verstappen<\/a>, al que los rumores sit\u00faan en la \u00f3rbita de\u00a0<strong>Mercedes<\/strong> para la pr\u00f3xima temporada.<\/p>\n<blockquote><p>\u201cMax tiene contrato hasta 2028. ha hecho saber claramente que le gustar\u00eda terminar su carrera en un coche Red Bull (&#8230;) En eso estamos concentrados\u201d, declar\u00f3 el brit\u00e1nico Christian Horner, patr\u00f3n de\u00a0Red Bull, en el marco del Gran Premio de Gran Breta\u00f1a, que se disputa este fin de semana en Silverstone.<\/p><\/blockquote>\n<p><strong>Verstappen<\/strong>\u00a0dispondr\u00eda de una cl\u00e1usula en su contrato que le permitir\u00eda abandonar\u00a0<strong>Red Bull<\/strong>\u00a0antes del final de 2028 si no figura en el &#8216;Top 4&#8217; en el Mundial de pilotos despu\u00e9s del Gran Premio de Hungr\u00eda de principios de agosto, seg\u00fan\u00a0<em>Sky Sports<\/em>.<\/p>\n<p>Es actualmente tercero de la general, a 61 puntos del l\u00edder Piastri.<\/p>\n<p>Otros medios especializados informaron que si Red Bull no figura en el &#8216;Top 3&#8217; de la Clasificaci\u00f3n de Constructores -el equipo es actualmente cuarto-, Verstappen podr\u00eda activar una\u00a0<strong>cl\u00e1usula de salida en su contrato<\/strong>.<\/p>\n<p>\u201cLos contratos entre los pilotos y los equipos siempre son confidenciales, pero todo est\u00e1 en el contrato. Hay un\u00a0<strong>elemento sobre el rendimiento<\/strong>\u00a0y, por supuesto, tambi\u00e9n est\u00e1 en el contrato de Max\u201d, indic\u00f3 al respecto Christian Horner.<\/p>\n<p>\u201cSu intenci\u00f3n es pilotar para nosotros en 2026\u201d, sentenci\u00f3.<\/p>\n<ul>\n<li><strong>EN MERCEDES REVELARON \u2018CONVERSACIONES\u2019 CON VERSTAPPEN<\/strong><\/li>\n<\/ul>\n<p>A finales de junio, el patr\u00f3n de\u00a0<a href=\"https:\/\/www.excelsior.com.mx\/adrenalina\/mercedes\" target=\"_blank\" rel=\"dofollow noopener\">Mercedes<\/a>,\u00a0<strong>Toto Wolff<\/strong>, confirm\u00f3 que hab\u00eda \u00abconversaciones\u00bb en curso para tratar de fichar a Verstappen, lo que retrasa por ahora la eventual renovaci\u00f3n del brit\u00e1nico George Russell.<\/p>\n<p>El mi\u00e9rcoles,\u00a0<em>Sky Sport<\/em>\u00a0<em>Italia\u00a0<\/em>afirm\u00f3 que las dos partes est\u00e1n en \u201cnegociaciones concretas\u201d de cara a la temporada de 2026.<\/p>\n<p>Verstappen se\u00f1al\u00f3 el jueves que \u201cno hay una decisi\u00f3n por el momento\u201d, sin aclarar cu\u00e1l es su intenci\u00f3n.<\/p>\n<p>Fuente:<a href=\"https:\/\/www.excelsior.com.mx\/adrenalina\/red-bull-revela-detalles-sobre-verstappen\/1725371\" target=\"_blank\" rel=\"noopener\"> Excelsior\u00a0<\/a><\/p>\n","protected":false},"excerpt":{"rendered":"<p>Christian Horner, patr\u00f3n de Red Bull, revel\u00f3 detalles de la situaci\u00f3n contractual con Max Verstappen M\u00e1s all\u00e1 del rendimiento de los b\u00f3lidos en el asfalto en las pr\u00e1cticas del GP de Gran Breta\u00f1a 2025 de la\u00a0F1, en el &#8216;paddock&#8217; el tema de conversaci\u00f3n principal fue el futuro de\u00a0Max Verstappen, al que los rumores sit\u00faan en [&hellip;]<\/p>\n","protected":false},"author":3,"featured_media":15921,"comment_status":"open","ping_status":"closed","sticky":false,"template":"","format":"standard","meta":{"footnotes":""},"categories":[150],"tags":[357,584,583],"class_list":["post-15920","post","type-post","status-publish","format-standard","has-post-thumbnail","hentry","category-deportes","tag-formula-1","tag-max-verstappen","tag-redbull"],"_links":{"self":[{"href":"https:\/\/noticiasal.com.mx\/index.php\/wp-json\/wp\/v2\/posts\/15920"}],"collection":[{"href":"https:\/\/noticiasal.com.mx\/index.php\/wp-json\/wp\/v2\/posts"}],"about":[{"href":"https:\/\/noticiasal.com.mx\/index.php\/wp-json\/wp\/v2\/types\/post"}],"author":[{"embeddable":true,"href":"https:\/\/noticiasal.com.mx\/index.php\/wp-json\/wp\/v2\/users\/3"}],"replies":[{"embeddable":true,"href":"https:\/\/noticiasal.com.mx\/index.php\/wp-json\/wp\/v2\/comments?post=15920"}],"version-history":[{"count":1,"href":"https:\/\/noticiasal.com.mx\/index.php\/wp-json\/wp\/v2\/posts\/15920\/revisions"}],"predecessor-version":[{"id":15922,"href":"https:\/\/noticiasal.com.mx\/index.php\/wp-json\/wp\/v2\/posts\/15920\/revisions\/15922"}],"wp:featuredmedia":[{"embeddable":true,"href":"https:\/\/noticiasal.com.mx\/index.php\/wp-json\/wp\/v2\/media\/15921"}],"wp:attachment":[{"href":"https:\/\/noticiasal.com.mx\/index.php\/wp-json\/wp\/v2\/media?parent=15920"}],"wp:term":[{"taxonomy":"category","embeddable":true,"href":"https:\/\/noticiasal.com.mx\/index.php\/wp-json\/wp\/v2\/categories?post=15920"},{"taxonomy":"post_tag","embeddable":true,"href":"https:\/\/noticiasal.com.mx\/index.php\/wp-json\/wp\/v2\/tags?post=15920"}],"curies":[{"name":"wp","href":"https:\/\/api.w.org\/{rel}","templated":true}]}}