{"id":16016,"date":"2025-07-11T23:58:47","date_gmt":"2025-07-11T23:58:47","guid":{"rendered":"https:\/\/noticiasal.com.mx\/?p=16016"},"modified":"2025-07-11T23:58:47","modified_gmt":"2025-07-11T23:58:47","slug":"mexico-le-dice-si-a-la-ia-siete-de-cada-10-trabajadores-la-usan-y-la-ven-como-su-mejor-aliada-en-la-chamba","status":"publish","type":"post","link":"https:\/\/noticiasal.com.mx\/index.php\/2025\/07\/11\/mexico-le-dice-si-a-la-ia-siete-de-cada-10-trabajadores-la-usan-y-la-ven-como-su-mejor-aliada-en-la-chamba\/","title":{"rendered":"\u00a1M\u00e9xico le dice \u201cs\u00ed\u201d a la IA! Siete de cada 10 trabajadores la usan y la ven como su mejor aliada en la chamba"},"content":{"rendered":"<ul>\n<li class=\"c-heading b-subheadline\">En lugar de verla como una amenaza, la est\u00e1n abrazando para ser m\u00e1s productivos y eficientes.<\/li>\n<\/ul>\n<p class=\"c-paragraph\">Mientras en otros lugares del mundo\u00a0la conversaci\u00f3n sobre la inteligencia artificial a menudo se ti\u00f1e de miedo a la p\u00e9rdida de empleos,\u00a0<b>M\u00e9xico est\u00e1 demostrando una actitud muy diferente<\/b>. Lejos de temerle, la fuerza laboral mexicana est\u00e1 adoptando la IA con los brazos abiertos. Un estudio reciente nos trae datos sorprendentes:\u00a0<b>siete de cada diez trabajadores en el pa\u00eds ya est\u00e1n utilizando herramientas de inteligencia artificial y, lo que es m\u00e1s importante, la consideran una aliada fundamental en su d\u00eda a d\u00eda laboral.<\/b><\/p>\n<div id=\"arcad-feature-f0fjCH4DziL27Jk-e65ec54e91917\" class=\"c-stack b-ads-block-custom cube  bgcolor\" data-style-direction=\"vertical\" data-style-justification=\"start\" data-style-alignment=\"center\" data-style-inline=\"false\" data-style-wrap=\"nowrap\">\n<h3 class=\"b-article-body__h3\">La IA como herramienta, no como amenaza: La visi\u00f3n mexicana<\/h3>\n<p class=\"c-paragraph\"><img loading=\"lazy\" decoding=\"async\" class=\"blazy  wp-image-16018 alignleft\" src=\"https:\/\/noticiasal.com.mx\/wp-content\/themes\/news\/assets\/images\/picture_placeholder_list.jpg\" data-src=\"https:\/\/noticiasal.com.mx\/wp-content\/uploads\/2025\/07\/chatgptp.avif\" alt=\"\" width=\"610\" height=\"457\" \/><noscript><img loading=\"lazy\" decoding=\"async\" class=\" wp-image-16018 alignleft\" src=\"https:\/\/noticiasal.com.mx\/wp-content\/uploads\/2025\/07\/chatgptp.avif\" alt=\"\" width=\"610\" height=\"457\" \/><\/noscript>La narrativa global sobre la IA ha estado dominada por la dualidad de la creaci\u00f3n de nuevos empleos (como vimos ayer con las 7 nuevas profesiones para 2030) versus la automatizaci\u00f3n de los existentes. Sin embargo, en M\u00e9xico, la perspectiva parece ser mucho m\u00e1s pragm\u00e1tica y optimista. Seg\u00fan reporta\u00a0<b>Xataka M\u00e9xico<\/b>, esta mentalidad proactiva refleja una comprensi\u00f3n creciente de que la IA no viene a reemplazar al humano, sino a\u00a0<b>potenciar sus capacidades, automatizar tareas repetitivas y liberar tiempo<\/b>\u00a0para actividades que requieren creatividad, pensamiento cr\u00edtico y empat\u00eda.<\/p>\n<div><\/div>\n<div>\n<p class=\"c-paragraph\">Este estudio es un claro indicador de que las empresas y los trabajadores mexicanos est\u00e1n reconociendo el valor de la IA para aumentar la eficiencia, mejorar la toma de decisiones y optimizar procesos. Es una se\u00f1al de madurez en la adopci\u00f3n tecnol\u00f3gica, donde la inteligencia artificial se percibe como una\u00a0<b>extensi\u00f3n de las habilidades humanas<\/b>, m\u00e1s que como un sustituto.<\/p>\n<h3 class=\"b-article-body__h3\">M\u00e1s all\u00e1 del uso: La percepci\u00f3n de la IA como un \u201caliado\u201d<\/h3>\n<p class=\"c-paragraph\">No es solo que los trabajadores mexicanos usen la IA; es la forma en que la perciben lo que realmente destaca. Considerarla una \u201caliada\u201d implica una relaci\u00f3n de\u00a0<b>colaboraci\u00f3n y confianza<\/b>. Esta percepci\u00f3n sugiere que los empleados est\u00e1n viendo beneficios tangibles en su uso, como:<\/p>\n<ul>\n<li><b>Aumento de la productividad:<\/b>\u00a0Automatizaci\u00f3n de tareas mon\u00f3tonas que permite enfocarse en trabajos de mayor valor.<\/li>\n<li><b>Mejora en la toma de decisiones:<\/b>\u00a0Acceso r\u00e1pido a an\u00e1lisis de datos y res\u00famenes complejos que facilitan decisiones m\u00e1s informadas.<\/li>\n<li><b>Optimizaci\u00f3n del tiempo:<\/b>\u00a0Reducci\u00f3n de horas dedicadas a b\u00fasquedas, redacci\u00f3n o an\u00e1lisis, liberando tiempo para otras actividades.<\/li>\n<li><b>Desarrollo de nuevas habilidades:<\/b>\u00a0El uso de herramientas de IA impulsa a los trabajadores a aprender nuevas competencias digitales y anal\u00edticas.<\/li>\n<li>Esta actitud positiva podr\u00eda ser un factor clave en la competitividad futura de M\u00e9xico en el escenario econ\u00f3mico global. Una fuerza laboral que abraza la tecnolog\u00eda y busca activamente c\u00f3mo integrarla para mejorar su rendimiento est\u00e1 mejor posicionada para adaptarse a los desaf\u00edos y aprovechar las oportunidades de la era digital.<\/li>\n<li>\n<h3 class=\"b-article-body__h3\">El camino a seguir: Adoptar y capacitarse en la era de la IA<\/h3>\n<p class=\"c-paragraph\">La experiencia mexicana sirve como un recordatorio importante: la clave no es temer a la inteligencia artificial, sino\u00a0<b>entenderla, aprender a usarla y descubrir c\u00f3mo puede complementar y enriquecer nuestro trabajo<\/b>. Para las empresas, esto subraya la importancia de invertir en\u00a0<b>capacitaci\u00f3n<\/b>\u00a0y en la\u00a0<b>integraci\u00f3n \u00e9tica y responsable<\/b>\u00a0de la IA en sus operaciones. Para los trabajadores, es una invitaci\u00f3n a la\u00a0<b>adaptabilidad y al aprendizaje continuo<\/b>, asegur\u00e1ndose de que sus habilidades evolucionen a la par de la tecnolog\u00eda.<\/p>\n<\/li>\n<li>\n<p class=\"c-paragraph\">El hecho de que la mayor\u00eda de los trabajadores mexicanos ya est\u00e9n subidos al tren de la IA y la vean como una herramienta, no como un rival,\u00a0<b>es una excelente noticia para el desarrollo del pa\u00eds.<\/b><\/p>\n<p class=\"c-paragraph\">M\u00e9xico se perfila como un ejemplo de c\u00f3mo la integraci\u00f3n inteligente de la inteligencia artificial puede impulsar la productividad y el bienestar laboral, desmitificando los temores y abriendo un futuro de colaboraci\u00f3n entre humanos y m\u00e1quinas.\u00a0<b>Es un mensaje de optimismo para el panorama laboral global.<\/b><\/p>\n<p>Fuente: <a href=\"https:\/\/www.fayerwayer.com\/internet\/2025\/07\/11\/mexico-le-dice-si-a-la-ia-siete-de-cada-10-trabajadores-la-usan-y-la-ven-como-su-mejor-aliada-en-la-chamba\/\" target=\"_blank\" rel=\"noopener\">FayerIA<\/a><\/li>\n<\/ul>\n<\/div>\n<\/div>\n","protected":false},"excerpt":{"rendered":"<p>En lugar de verla como una amenaza, la est\u00e1n abrazando para ser m\u00e1s productivos y eficientes. Mientras en otros lugares del mundo\u00a0la conversaci\u00f3n sobre la inteligencia artificial a menudo se ti\u00f1e de miedo a la p\u00e9rdida de empleos,\u00a0M\u00e9xico est\u00e1 demostrando una actitud muy diferente. Lejos de temerle, la fuerza laboral mexicana est\u00e1 adoptando la IA [&hellip;]<\/p>\n","protected":false},"author":9,"featured_media":16017,"comment_status":"open","ping_status":"closed","sticky":false,"template":"","format":"standard","meta":{"footnotes":""},"categories":[1],"tags":[610,438,506,185],"class_list":["post-16016","post","type-post","status-publish","format-standard","has-post-thumbnail","hentry","category-uncategorized","tag-chatgtp","tag-ia","tag-inteligencia-artificial","tag-mexico"],"_links":{"self":[{"href":"https:\/\/noticiasal.com.mx\/index.php\/wp-json\/wp\/v2\/posts\/16016"}],"collection":[{"href":"https:\/\/noticiasal.com.mx\/index.php\/wp-json\/wp\/v2\/posts"}],"about":[{"href":"https:\/\/noticiasal.com.mx\/index.php\/wp-json\/wp\/v2\/types\/post"}],"author":[{"embeddable":true,"href":"https:\/\/noticiasal.com.mx\/index.php\/wp-json\/wp\/v2\/users\/9"}],"replies":[{"embeddable":true,"href":"https:\/\/noticiasal.com.mx\/index.php\/wp-json\/wp\/v2\/comments?post=16016"}],"version-history":[{"count":1,"href":"https:\/\/noticiasal.com.mx\/index.php\/wp-json\/wp\/v2\/posts\/16016\/revisions"}],"predecessor-version":[{"id":16019,"href":"https:\/\/noticiasal.com.mx\/index.php\/wp-json\/wp\/v2\/posts\/16016\/revisions\/16019"}],"wp:featuredmedia":[{"embeddable":true,"href":"https:\/\/noticiasal.com.mx\/index.php\/wp-json\/wp\/v2\/media\/16017"}],"wp:attachment":[{"href":"https:\/\/noticiasal.com.mx\/index.php\/wp-json\/wp\/v2\/media?parent=16016"}],"wp:term":[{"taxonomy":"category","embeddable":true,"href":"https:\/\/noticiasal.com.mx\/index.php\/wp-json\/wp\/v2\/categories?post=16016"},{"taxonomy":"post_tag","embeddable":true,"href":"https:\/\/noticiasal.com.mx\/index.php\/wp-json\/wp\/v2\/tags?post=16016"}],"curies":[{"name":"wp","href":"https:\/\/api.w.org\/{rel}","templated":true}]}}