{"id":16020,"date":"2025-07-12T15:46:33","date_gmt":"2025-07-12T15:46:33","guid":{"rendered":"https:\/\/noticiasal.com.mx\/?p=16020"},"modified":"2025-07-12T15:46:33","modified_gmt":"2025-07-12T15:46:33","slug":"se-perdera-la-cosecha-de-mango-en-nayarit-dicen-productores","status":"publish","type":"post","link":"https:\/\/noticiasal.com.mx\/index.php\/2025\/07\/12\/se-perdera-la-cosecha-de-mango-en-nayarit-dicen-productores\/","title":{"rendered":"Se perder\u00e1 la cosecha de mango en Nayarit, dicen productores"},"content":{"rendered":"<p><em>Recibimos apenas 25 pesos por caja tras corte y flete; exportaci\u00f3n, casi nula, dice el productor Jes\u00fas Tabuyo. Se est\u00e1 quedando la fruta en las huertas. \u00abAh\u00ed est\u00e1 el mango, colgado. Se va a perder\u00bb, advierte Tabuyo<\/em><\/p>\n<p>.- En el ciclo actual pueden distinguirse tres momentos: un inicio con precios altos, una ca\u00edda abrupta y una fase cr\u00edtica en la que, aun con la fruta madura, el corte ya no es rentable.<\/p>\n<p>En Santiago Ixcuintla y municipios cercanos, el precio del mango ha ca\u00eddo de forma dr\u00e1stica en las \u00faltimas semanas. Productores que iniciaron la temporada vendiendo cajas de 30 kilos a 140 o incluso 160 pesos, vieron una baja a 90 pesos en pocas semanas.<\/p>\n<p>Hoy apenas reciben 45. Y tras descontar el costo del corte y el traslado, les quedan 25 pesos por caja. En muchos casos, con esos m\u00e1rgenes, ya no se justifica cosechar. El mango se queda en el \u00e1rbol y se pierde.<\/p>\n<p>\u201cEs una cosa triste\u201d, dice Jes\u00fas Tabuyo, productor de la regi\u00f3n. Se\u00f1ala que, aunque hay fruta de calidad para exportaci\u00f3n, \u00e9sta no est\u00e1 saliendo al mercado internacional. \u201cDicen que no se la est\u00e1n llevando por culpa de Trump y los aranceles. No s\u00e9 si sea verdad, pero el mango se est\u00e1 yendo a jugueras\u201d, comenta.<\/p>\n<p>En efecto, buena parte del mango Kent, que al inicio se colocaba a buen precio, ha sido desviado para procesamiento industrial. Y el mango Tommy, m\u00e1s com\u00fan pero menos valorado, se est\u00e1 quedando en las huertas. \u201cAh\u00ed est\u00e1 el mango, colgado. Se va a perder\u201d, advierte Tabuyo.<\/p>\n<p>La situaci\u00f3n afecta directamente a cientos de familias que dependen del cultivo para sostener el ciclo agr\u00edcola. S\u00f3lo una fracci\u00f3n m\u00ednima, de fruta con peso superior a los 350 gramos, logra colocarse en Canad\u00e1, a un precio de 60 pesos por caja. Pero tambi\u00e9n ah\u00ed, al sumar corte y flete, la ganancia es escasa.<\/p>\n<p>Los productores denuncian que no tienen claridad sobre qui\u00e9n fija los precios ni c\u00f3mo se distribuye la fruta. Algunos apuntan que las empresas exportadoras han dejado de operar con regularidad o que colocan intermediarios sin transparencia. \u201cLos compradores le echan la culpa al gobierno de Estados Unidos, pero nosotros no sabemos. Lo \u00fanico que vemos es que la fruta se est\u00e1 perdiendo\u201d, concluyen<em><strong>.(MERIDIANO.MX)<\/strong><\/em><\/p>\n","protected":false},"excerpt":{"rendered":"<p>Recibimos apenas 25 pesos por caja tras corte y flete; exportaci\u00f3n, casi nula, dice el productor Jes\u00fas Tabuyo. Se est\u00e1 quedando la fruta en las huertas. \u00abAh\u00ed est\u00e1 el mango, colgado. Se va a perder\u00bb, advierte Tabuyo .- En el ciclo actual pueden distinguirse tres momentos: un inicio con precios altos, una ca\u00edda abrupta y [&hellip;]<\/p>\n","protected":false},"author":19,"featured_media":16021,"comment_status":"open","ping_status":"closed","sticky":false,"template":"","format":"standard","meta":{"footnotes":""},"categories":[163,161,172],"tags":[],"class_list":["post-16020","post","type-post","status-publish","format-standard","has-post-thumbnail","hentry","category-gastronomia","category-nayarit","category-negocios"],"_links":{"self":[{"href":"https:\/\/noticiasal.com.mx\/index.php\/wp-json\/wp\/v2\/posts\/16020"}],"collection":[{"href":"https:\/\/noticiasal.com.mx\/index.php\/wp-json\/wp\/v2\/posts"}],"about":[{"href":"https:\/\/noticiasal.com.mx\/index.php\/wp-json\/wp\/v2\/types\/post"}],"author":[{"embeddable":true,"href":"https:\/\/noticiasal.com.mx\/index.php\/wp-json\/wp\/v2\/users\/19"}],"replies":[{"embeddable":true,"href":"https:\/\/noticiasal.com.mx\/index.php\/wp-json\/wp\/v2\/comments?post=16020"}],"version-history":[{"count":1,"href":"https:\/\/noticiasal.com.mx\/index.php\/wp-json\/wp\/v2\/posts\/16020\/revisions"}],"predecessor-version":[{"id":16022,"href":"https:\/\/noticiasal.com.mx\/index.php\/wp-json\/wp\/v2\/posts\/16020\/revisions\/16022"}],"wp:featuredmedia":[{"embeddable":true,"href":"https:\/\/noticiasal.com.mx\/index.php\/wp-json\/wp\/v2\/media\/16021"}],"wp:attachment":[{"href":"https:\/\/noticiasal.com.mx\/index.php\/wp-json\/wp\/v2\/media?parent=16020"}],"wp:term":[{"taxonomy":"category","embeddable":true,"href":"https:\/\/noticiasal.com.mx\/index.php\/wp-json\/wp\/v2\/categories?post=16020"},{"taxonomy":"post_tag","embeddable":true,"href":"https:\/\/noticiasal.com.mx\/index.php\/wp-json\/wp\/v2\/tags?post=16020"}],"curies":[{"name":"wp","href":"https:\/\/api.w.org\/{rel}","templated":true}]}}