{"id":16046,"date":"2025-07-14T16:43:51","date_gmt":"2025-07-14T16:43:51","guid":{"rendered":"https:\/\/noticiasal.com.mx\/?p=16046"},"modified":"2025-07-14T16:43:51","modified_gmt":"2025-07-14T16:43:51","slug":"expertos-advierten-en-una-decada-la-ia-generativa-sera-tecnologia-invisible","status":"publish","type":"post","link":"https:\/\/noticiasal.com.mx\/index.php\/2025\/07\/14\/expertos-advierten-en-una-decada-la-ia-generativa-sera-tecnologia-invisible\/","title":{"rendered":"Expertos advierten: En una d\u00e9cada, la IA generativa ser\u00e1 tecnolog\u00eda invisible"},"content":{"rendered":"<ul>\n<li>Ser\u00e1 parte de la vida cotidiana de manera tan natural como lo fueron en su momento el tel\u00e9fono, las computadoras personales o los celulares.<\/li>\n<\/ul>\n<p>Luis Pineda Cort\u00e9s, investigador del Instituto de Investigaciones en Matem\u00e1ticas Aplicadas y en Sistemas (IIMAS) de la UNAM, consider\u00f3 que, en un plazo no mayor a 10 a\u00f1os, la\u00a0<a title=\"El 56% de las empresas mexicanas no adopta la IA generativa por falta de talento\" href=\"https:\/\/www.eleconomista.com.mx\/el-empresario\/56-empresas-mexicanas-adopta-ia-generativa-falta-talento-20250703-766444.html\">Inteligencia Artificial Generativa<\/a>\u00a0(IAGen) ser\u00e1 parte de la vida cotidiana de manera tan natural como lo fueron en su momento el tel\u00e9fono, las computadoras personales o los celulares.<\/p>\n<p>Durante su participaci\u00f3n en la mesa \u201cDe Turing a la inteligencia artificial generativa: Horizontes de la IA desde la academia\u201d, que form\u00f3 parte del encuentro AI Summit UNAM \u2013 OpenAI y Fintual, el creador de la\u00a0<b>Memoria Asociativa Entr\u00f3pica\u00a0<\/b>explic\u00f3 que la IAGen se volver\u00e1 tan com\u00fan que se asimilar\u00e1 como algo \u201cinvisible\u201d.<\/p>\n<p>Tambi\u00e9n anticip\u00f3 que\u00a0<b>esta tecnolog\u00eda podr\u00eda evolucionar<\/b>\u00a0para parecerse m\u00e1s a la inteligencia humana; es decir, a una memoria activa que no almacene solo palabras, sino pensamientos y experiencias.<\/p>\n<p>Por su parte, H\u00e9ctor Ben\u00edtez P\u00e9rez, director general de C\u00f3mputo y de Tecnolog\u00edas de Informaci\u00f3n y Comunicaci\u00f3n (DGTIC), destac\u00f3 que muchas personas conocen la IA como una tecnolog\u00eda que<b>\u00a0procesa informaci\u00f3n con rapidez<\/b>, pero enfatiz\u00f3 que en realidad se trata de un conjunto de disciplinas cient\u00edficas con capacidad para imitar ciertas funciones cognitivas humanas.<\/p>\n<p>En la reuni\u00f3n se record\u00f3 el art\u00edculo pionero Computing Machinery and Intelligence, publicado por Alan Turing en 1950, cuya pregunta central, si\u00a0<b>una m\u00e1quina puede pensar<\/b>, sent\u00f3 las bases del debate actual sobre inteligencia artificial. Al respecto, Boris Escalante Ram\u00edrez, coordinador general del Centro de Estudios en Computaci\u00f3n Avanzada, explic\u00f3 que en su momento los planteamientos de Turing no progresaron por la falta de tecnolog\u00eda adecuada, y que fue con el desarrollo del machine learning cuando se logr\u00f3 avanzar en ese camino.<\/p>\n<p>El tambi\u00e9n investigador de la Facultad de Ingenier\u00eda se\u00f1al\u00f3 que, con la llegada del aprendizaje profundo y las\u00a0<b>redes neuronales artificiales<\/b>, los modelos comenzaron a superar el desempe\u00f1o humano en la clasificaci\u00f3n de datos. Estas estructuras, con m\u00faltiples capas, imitan la capacidad del cerebro para extraer caracter\u00edsticas relevantes de la informaci\u00f3n.<\/p>\n<blockquote><p>A pesar de que en M\u00e9xico los grupos de investigaci\u00f3n sobre inteligencia artificial son limitados, Ben\u00edtez P\u00e9rez subray\u00f3 que su producci\u00f3n cient\u00edfica es de alta calidad y con impacto internacional. \u201cSomos parte de una comunidad que responde y crea ciencia con un gran nivel acad\u00e9mico\u201d, concluy\u00f3.<\/p><\/blockquote>\n<p>Fuente: e<a href=\"https:\/\/www.eleconomista.com.mx\/tecnologia\/expertos-advierten-decada-ia-generativa-sera-tecnologia-invisible-20250713-767674.html\" target=\"_blank\" rel=\"noopener\">conomista<\/a><\/p>\n<p>&nbsp;<\/p>\n","protected":false},"excerpt":{"rendered":"<p>Ser\u00e1 parte de la vida cotidiana de manera tan natural como lo fueron en su momento el tel\u00e9fono, las computadoras personales o los celulares. Luis Pineda Cort\u00e9s, investigador del Instituto de Investigaciones en Matem\u00e1ticas Aplicadas y en Sistemas (IIMAS) de la UNAM, consider\u00f3 que, en un plazo no mayor a 10 a\u00f1os, la\u00a0Inteligencia Artificial Generativa\u00a0(IAGen) [&hellip;]<\/p>\n","protected":false},"author":9,"featured_media":16047,"comment_status":"open","ping_status":"closed","sticky":false,"template":"","format":"standard","meta":{"footnotes":""},"categories":[152],"tags":[506,278],"class_list":["post-16046","post","type-post","status-publish","format-standard","has-post-thumbnail","hentry","category-tecnologia","tag-inteligencia-artificial","tag-tecnologia"],"_links":{"self":[{"href":"https:\/\/noticiasal.com.mx\/index.php\/wp-json\/wp\/v2\/posts\/16046"}],"collection":[{"href":"https:\/\/noticiasal.com.mx\/index.php\/wp-json\/wp\/v2\/posts"}],"about":[{"href":"https:\/\/noticiasal.com.mx\/index.php\/wp-json\/wp\/v2\/types\/post"}],"author":[{"embeddable":true,"href":"https:\/\/noticiasal.com.mx\/index.php\/wp-json\/wp\/v2\/users\/9"}],"replies":[{"embeddable":true,"href":"https:\/\/noticiasal.com.mx\/index.php\/wp-json\/wp\/v2\/comments?post=16046"}],"version-history":[{"count":1,"href":"https:\/\/noticiasal.com.mx\/index.php\/wp-json\/wp\/v2\/posts\/16046\/revisions"}],"predecessor-version":[{"id":16048,"href":"https:\/\/noticiasal.com.mx\/index.php\/wp-json\/wp\/v2\/posts\/16046\/revisions\/16048"}],"wp:featuredmedia":[{"embeddable":true,"href":"https:\/\/noticiasal.com.mx\/index.php\/wp-json\/wp\/v2\/media\/16047"}],"wp:attachment":[{"href":"https:\/\/noticiasal.com.mx\/index.php\/wp-json\/wp\/v2\/media?parent=16046"}],"wp:term":[{"taxonomy":"category","embeddable":true,"href":"https:\/\/noticiasal.com.mx\/index.php\/wp-json\/wp\/v2\/categories?post=16046"},{"taxonomy":"post_tag","embeddable":true,"href":"https:\/\/noticiasal.com.mx\/index.php\/wp-json\/wp\/v2\/tags?post=16046"}],"curies":[{"name":"wp","href":"https:\/\/api.w.org\/{rel}","templated":true}]}}