{"id":16052,"date":"2025-07-14T20:56:45","date_gmt":"2025-07-14T20:56:45","guid":{"rendered":"https:\/\/noticiasal.com.mx\/?p=16052"},"modified":"2025-07-14T20:56:45","modified_gmt":"2025-07-14T20:56:45","slug":"checo-perez-sera-anunciado-con-cadillac-tras-el-gran-premio-de-hungria","status":"publish","type":"post","link":"https:\/\/noticiasal.com.mx\/index.php\/2025\/07\/14\/checo-perez-sera-anunciado-con-cadillac-tras-el-gran-premio-de-hungria\/","title":{"rendered":"Checo P\u00e9rez ser\u00e1 anunciado con Cadillac tras el Gran Premio de Hungr\u00eda"},"content":{"rendered":"<ul>\n<li>De acuerdo con reportes, el mexicano ya firm\u00f3 con la escuder\u00eda estadounidense y ser\u00e1 el piloto principal<\/li>\n<\/ul>\n<p><a href=\"https:\/\/www.record.com.mx\/formula1\/checo-se-acerca-formula-1-cadillac-iniciara-negociaciones-con-pilotos-proximamente\"><strong>Sergio &#8216;Checo&#8217; P\u00e9rez<\/strong><\/a>\u00a0ya es piloto de\u00a0<a href=\"https:\/\/www.record.com.mx\/formula1\/temporada-de-rumores-estos-son-los-movimientos-que-apuntan-darse-en-la-f1-en-2026\"><strong>Cadillac<\/strong><\/a>\u00a0y ser\u00e1 anunciado luego del\u00a0<a href=\"https:\/\/www.record.com.mx\/formula1\/visto-bueno-director-de-sauber-aprueba-en-el-regreso-de-checo-perez-la-f1\"><strong>Gran Premio de Hungr\u00eda<\/strong><\/a>, de acuerdo con reportes de medios especializados en\u00a0<a href=\"https:\/\/www.record.com.mx\/formula1\"><strong>F\u00f3rmula 1<\/strong><\/a>.<\/p>\n<p>Seg\u00fan informaci\u00f3n de\u00a0<strong>Ed Spencer<\/strong>, reportada en\u00a0<em>autoevolution.com<\/em>,\u00a0<strong>el mexicano y la nueva escuder\u00eda<\/strong>\u00a0de la m\u00e1xima categor\u00eda llegaron a un\u00a0<strong>acuerdo contractual para 2026,<\/strong>\u00a0con\u00a0<strong>Checo<\/strong>\u00a0como\u00a0<strong>piloto principal de la firma.<\/strong><\/p>\n<p>\u00abSe entiende que la firma de P\u00e9rez ser\u00e1\u00a0<strong>financieramente lucrativa para ambas partes\u00a0<\/strong>y se informa que el empresario mexicano\u00a0<strong>Carlos Slim\u00a0<\/strong>est\u00e1 involucrado en el acuerdo\u00bb, report\u00f3 Spencer este lunes.<\/p>\n<h2>\u00bfCu\u00e1ndo anuncian a Checo con Cadillac?<\/h2>\n<p class=\"p1\">El mismo sitio asegura que l<strong>a presentaci\u00f3n del mexicano<\/strong>\u00a0se dar\u00e1 durante el par\u00f3n veraniego de la F\u00f3rmula 1, es decir,\u00a0<strong>tras el Gran Premio de Hungr\u00eda.<\/strong><\/p>\n<p>\u00abSe espera que\u00a0<strong>Cadillac<\/strong>\u00a0<strong>haga oficial el fichaje de P\u00e9rez\u00a0<\/strong>en los d\u00edas\u00a0<strong>posteriores al GP de Hungr\u00eda<\/strong>\u00a0en agosto, que marca el final de la primera mitad de la\u00a0<strong>temporada<\/strong>\u00a0<strong>2025<\/strong>\u00a0de la\u00a0<strong>F1<\/strong>\u00ab.<\/p>\n<h2><span class=\"s1\">\u00bfQui\u00e9n ser\u00e1 el compa\u00f1ero de Checo P\u00e9rez?<\/span><\/h2>\n<p class=\"p1\"><span class=\"s1\">La<strong>\u00a0nueva escuder\u00eda debe decidir pronto<\/strong>\u00a0la pareja de corredores que abrir\u00e1 su camino en el\u00a0<strong>Gran Premio de Australia de 2026<\/strong>, por lo que ha surgido el nombre de varios\u00a0<strong>candidatos<\/strong>\u00a0como:\u00a0<strong>Felipe Drugovich, Valtteri Bottas o el mexicano Sergio &#8216;Checo&#8217; P\u00e9rez<\/strong>, quien es la carta fuerte de la firma estadounidense.\u00a0<\/span><\/p>\n<p class=\"p1\"><span class=\"s1\">Durante una entrevista con\u00a0<\/span><em><span class=\"s1\">Motorsport,\u00a0<\/span><\/em><span class=\"s1\"><strong>Mick Schumacher acept\u00f3 que ya est\u00e1 en pl\u00e1ticas<\/strong>\u00a0con Cadillac, proyecto que lo ilusiona para regresar a la\u00a0<strong>F\u00f3rmula 1.<\/strong><\/span><\/p>\n<p>\u00ab(Las conversaciones)\u00a0<strong>est\u00e1n en marcha<\/strong>, con una comunicaci\u00f3n muy positiva. Es un gran proyecto, con gran historia y\u00a0<strong>estar negociando me hace feliz<\/strong>. Estoy en una posici\u00f3n \u00f3ptima\u00bb, coment\u00f3 el\u00a0<strong>piloto<\/strong>\u00a0de 26 a\u00f1os de edad.<\/p>\n","protected":false},"excerpt":{"rendered":"<p>De acuerdo con reportes, el mexicano ya firm\u00f3 con la escuder\u00eda estadounidense y ser\u00e1 el piloto principal Sergio &#8216;Checo&#8217; P\u00e9rez\u00a0ya es piloto de\u00a0Cadillac\u00a0y ser\u00e1 anunciado luego del\u00a0Gran Premio de Hungr\u00eda, de acuerdo con reportes de medios especializados en\u00a0F\u00f3rmula 1. Seg\u00fan informaci\u00f3n de\u00a0Ed Spencer, reportada en\u00a0autoevolution.com,\u00a0el mexicano y la nueva escuder\u00eda\u00a0de la m\u00e1xima categor\u00eda llegaron a [&hellip;]<\/p>\n","protected":false},"author":9,"featured_media":16053,"comment_status":"open","ping_status":"closed","sticky":false,"template":"","format":"standard","meta":{"footnotes":""},"categories":[1],"tags":[620,219,435,619],"class_list":["post-16052","post","type-post","status-publish","format-standard","has-post-thumbnail","hentry","category-uncategorized","tag-cadillac","tag-checo-perez","tag-f1","tag-piloto-principal"],"_links":{"self":[{"href":"https:\/\/noticiasal.com.mx\/index.php\/wp-json\/wp\/v2\/posts\/16052"}],"collection":[{"href":"https:\/\/noticiasal.com.mx\/index.php\/wp-json\/wp\/v2\/posts"}],"about":[{"href":"https:\/\/noticiasal.com.mx\/index.php\/wp-json\/wp\/v2\/types\/post"}],"author":[{"embeddable":true,"href":"https:\/\/noticiasal.com.mx\/index.php\/wp-json\/wp\/v2\/users\/9"}],"replies":[{"embeddable":true,"href":"https:\/\/noticiasal.com.mx\/index.php\/wp-json\/wp\/v2\/comments?post=16052"}],"version-history":[{"count":1,"href":"https:\/\/noticiasal.com.mx\/index.php\/wp-json\/wp\/v2\/posts\/16052\/revisions"}],"predecessor-version":[{"id":16054,"href":"https:\/\/noticiasal.com.mx\/index.php\/wp-json\/wp\/v2\/posts\/16052\/revisions\/16054"}],"wp:featuredmedia":[{"embeddable":true,"href":"https:\/\/noticiasal.com.mx\/index.php\/wp-json\/wp\/v2\/media\/16053"}],"wp:attachment":[{"href":"https:\/\/noticiasal.com.mx\/index.php\/wp-json\/wp\/v2\/media?parent=16052"}],"wp:term":[{"taxonomy":"category","embeddable":true,"href":"https:\/\/noticiasal.com.mx\/index.php\/wp-json\/wp\/v2\/categories?post=16052"},{"taxonomy":"post_tag","embeddable":true,"href":"https:\/\/noticiasal.com.mx\/index.php\/wp-json\/wp\/v2\/tags?post=16052"}],"curies":[{"name":"wp","href":"https:\/\/api.w.org\/{rel}","templated":true}]}}