{"id":16191,"date":"2025-07-26T18:00:26","date_gmt":"2025-07-26T18:00:26","guid":{"rendered":"https:\/\/noticiasal.com.mx\/?p=16191"},"modified":"2025-07-26T18:00:26","modified_gmt":"2025-07-26T18:00:26","slug":"celebran-25-anos-del-estero-el-salado-como-area-natural-protegida","status":"publish","type":"post","link":"https:\/\/noticiasal.com.mx\/index.php\/2025\/07\/26\/celebran-25-anos-del-estero-el-salado-como-area-natural-protegida\/","title":{"rendered":"Celebran 25 a\u00f1os del Estero El Salado como \u00c1rea Natural Protegida"},"content":{"rendered":"<p>Puerto Vallarta.- Este 26 de julio se conmemoran 25 a\u00f1os desde que el<strong> Estero El Salado<\/strong> fue declarado \u00c1rea Natural Protegida, consolid\u00e1ndose como un pulm\u00f3n ecol\u00f3gico esencial y un escudo natural frente a los efectos del cambio clim\u00e1tico en Puerto Vallarta.<\/p>\n<p><img loading=\"lazy\" decoding=\"async\" class=\"blazy wp-image-16193  alignleft\" src=\"https:\/\/noticiasal.com.mx\/wp-content\/themes\/news\/assets\/images\/picture_placeholder_list.jpg\" data-src=\"https:\/\/noticiasal.com.mx\/wp-content\/uploads\/2025\/07\/480469407_1064377362399658_3006845849411510195_n.jpg\" alt=\"\" width=\"329\" height=\"219\" \/><noscript><img loading=\"lazy\" decoding=\"async\" class=\"wp-image-16193  alignleft\" src=\"https:\/\/noticiasal.com.mx\/wp-content\/uploads\/2025\/07\/480469407_1064377362399658_3006845849411510195_n.jpg\" alt=\"\" width=\"329\" height=\"219\" srcset=\"https:\/\/noticiasal.com.mx\/wp-content\/uploads\/2025\/07\/480469407_1064377362399658_3006845849411510195_n.jpg 799w, https:\/\/noticiasal.com.mx\/wp-content\/uploads\/2025\/07\/480469407_1064377362399658_3006845849411510195_n-300x200.jpg 300w, https:\/\/noticiasal.com.mx\/wp-content\/uploads\/2025\/07\/480469407_1064377362399658_3006845849411510195_n-768x512.jpg 768w\" sizes=\"(max-width: 329px) 100vw, 329px\" \/><\/noscript>El <em><strong>Estero El Salado<\/strong><\/em> es un ecosistema de manglar que desempe\u00f1a funciones fundamentales para el equilibrio ambiental. Adem\u00e1s de proteger la costa contra la erosi\u00f3n y actuar como barrera natural ante tormentas y huracanes, los manglares tienen la capacidad de capturar di\u00f3xido de carbono (CO\u2082), filtrar contaminantes del agua y servir de refugio para una amplia biodiversidad, incluyendo aves, peces, reptiles y mam\u00edferos.<\/p>\n<p>&nbsp;<\/p>\n<p>Este sitio, ubicado en el coraz\u00f3n urbano de Puerto Vallarta, es uno de los pocos estuarios en M\u00e9xico rodeados por una creciente zona urbana, lo que lo convierte en un espacio prioritario para su conservaci\u00f3n. Su preservaci\u00f3n ha sido posible gracias a los esfuerzos de organizaciones ambientales, autoridades y la comunidad cient\u00edfica.<\/p>\n<p>&nbsp;<\/p>\n<blockquote><p>En el marco de esta celebraci\u00f3n, se hace un llamado a valorar y proteger los ecosistemas de manglar no solo por su belleza y riqueza natural, sino por los servicios ambientales que brindan y su papel clave en la lucha contra el cambio clim\u00e1tico.<\/p><\/blockquote>\n<p><img loading=\"lazy\" decoding=\"async\" class=\"blazy size-medium wp-image-16194 aligncenter\" src=\"https:\/\/noticiasal.com.mx\/wp-content\/themes\/news\/assets\/images\/picture_placeholder_list.jpg\" data-src=\"https:\/\/noticiasal.com.mx\/wp-content\/uploads\/2025\/07\/523891575_24313378738256779_3527429897574490275_n-300x225.jpg\" alt=\"\" width=\"300\" height=\"225\" \/><noscript><img loading=\"lazy\" decoding=\"async\" class=\"size-medium wp-image-16194 aligncenter\" src=\"https:\/\/noticiasal.com.mx\/wp-content\/uploads\/2025\/07\/523891575_24313378738256779_3527429897574490275_n-300x225.jpg\" alt=\"\" width=\"300\" height=\"225\" srcset=\"https:\/\/noticiasal.com.mx\/wp-content\/uploads\/2025\/07\/523891575_24313378738256779_3527429897574490275_n-300x225.jpg 300w, https:\/\/noticiasal.com.mx\/wp-content\/uploads\/2025\/07\/523891575_24313378738256779_3527429897574490275_n-1024x768.jpg 1024w, https:\/\/noticiasal.com.mx\/wp-content\/uploads\/2025\/07\/523891575_24313378738256779_3527429897574490275_n-768x576.jpg 768w, https:\/\/noticiasal.com.mx\/wp-content\/uploads\/2025\/07\/523891575_24313378738256779_3527429897574490275_n-1536x1152.jpg 1536w, https:\/\/noticiasal.com.mx\/wp-content\/uploads\/2025\/07\/523891575_24313378738256779_3527429897574490275_n-360x270.jpg 360w, https:\/\/noticiasal.com.mx\/wp-content\/uploads\/2025\/07\/523891575_24313378738256779_3527429897574490275_n.jpg 1600w\" sizes=\"(max-width: 300px) 100vw, 300px\" \/><\/noscript><\/p>\n","protected":false},"excerpt":{"rendered":"<p>Puerto Vallarta.- Este 26 de julio se conmemoran 25 a\u00f1os desde que el Estero El Salado fue declarado \u00c1rea Natural Protegida, consolid\u00e1ndose como un pulm\u00f3n ecol\u00f3gico esencial y un escudo natural frente a los efectos del cambio clim\u00e1tico en Puerto Vallarta. El Estero El Salado es un ecosistema de manglar que desempe\u00f1a funciones fundamentales para [&hellip;]<\/p>\n","protected":false},"author":9,"featured_media":16192,"comment_status":"open","ping_status":"closed","sticky":false,"template":"","format":"standard","meta":{"footnotes":""},"categories":[159],"tags":[656,222,187],"class_list":["post-16191","post","type-post","status-publish","format-standard","has-post-thumbnail","hentry","category-puerto-vallarta","tag-25-aniversario","tag-estero-el-salado","tag-puerto-vallarta"],"_links":{"self":[{"href":"https:\/\/noticiasal.com.mx\/index.php\/wp-json\/wp\/v2\/posts\/16191"}],"collection":[{"href":"https:\/\/noticiasal.com.mx\/index.php\/wp-json\/wp\/v2\/posts"}],"about":[{"href":"https:\/\/noticiasal.com.mx\/index.php\/wp-json\/wp\/v2\/types\/post"}],"author":[{"embeddable":true,"href":"https:\/\/noticiasal.com.mx\/index.php\/wp-json\/wp\/v2\/users\/9"}],"replies":[{"embeddable":true,"href":"https:\/\/noticiasal.com.mx\/index.php\/wp-json\/wp\/v2\/comments?post=16191"}],"version-history":[{"count":1,"href":"https:\/\/noticiasal.com.mx\/index.php\/wp-json\/wp\/v2\/posts\/16191\/revisions"}],"predecessor-version":[{"id":16195,"href":"https:\/\/noticiasal.com.mx\/index.php\/wp-json\/wp\/v2\/posts\/16191\/revisions\/16195"}],"wp:featuredmedia":[{"embeddable":true,"href":"https:\/\/noticiasal.com.mx\/index.php\/wp-json\/wp\/v2\/media\/16192"}],"wp:attachment":[{"href":"https:\/\/noticiasal.com.mx\/index.php\/wp-json\/wp\/v2\/media?parent=16191"}],"wp:term":[{"taxonomy":"category","embeddable":true,"href":"https:\/\/noticiasal.com.mx\/index.php\/wp-json\/wp\/v2\/categories?post=16191"},{"taxonomy":"post_tag","embeddable":true,"href":"https:\/\/noticiasal.com.mx\/index.php\/wp-json\/wp\/v2\/tags?post=16191"}],"curies":[{"name":"wp","href":"https:\/\/api.w.org\/{rel}","templated":true}]}}