{"id":16338,"date":"2025-08-06T21:52:11","date_gmt":"2025-08-06T21:52:11","guid":{"rendered":"https:\/\/noticiasal.com.mx\/?p=16338"},"modified":"2025-08-06T21:52:47","modified_gmt":"2025-08-06T21:52:47","slug":"ostapenko-dispuesta-a-mostrar-su-mejor-version-guadalajara","status":"publish","type":"post","link":"https:\/\/noticiasal.com.mx\/index.php\/2025\/08\/06\/ostapenko-dispuesta-a-mostrar-su-mejor-version-guadalajara\/","title":{"rendered":"Ostapenko, dispuesta a mostrar su mejor versi\u00f3n Guadalajara"},"content":{"rendered":"<p>Guadalajara, Jalisco, 31 de julio de 2025.- <strong>Jelena Ostapenko<\/strong> parece estar viviendo un segundo aire en su carrera deportiva. La letona aparece en la posici\u00f3n 26 del ranking mundial en la semana del 28 de julio. Esta temporada ya se adjudic\u00f3 el t\u00edtulo del torneo de Stuttgart (abril) y fue finalista en Doha. Esa versi\u00f3n de Jelena es la que ver\u00e1 el p\u00fablico asistente al GDL Open AKRON 2025, que se realizar\u00e1 del 8 al 14 de septiembre en el Centro Panamericano de Tenis.<\/p>\n<p>La letona confirm\u00f3 su asistencia al certamen categor\u00eda WTA 500, en la que ser\u00e1 su cuarta aparici\u00f3n en tierras tapat\u00edas, ya que tambi\u00e9n se present\u00f3 en 2022 y 2023, cuando era WTA 1000 (en ambas ocasiones avanz\u00f3 a tercera ronda) y el a\u00f1o pasado (cay\u00f3 en segunda ronda).<\/p>\n<p>Nueve son los t\u00edtulos que acumula Ostapenko en su carrera, quien acapar\u00f3 los reflectores en el ya lejano 2017, cuando a punto de cumplir los 20 a\u00f1os se proclam\u00f3 campeona en Roland Garros. Al a\u00f1o siguiente alcanz\u00f3 la que hasta ahora es su mejor clasificaci\u00f3n del ranking, el sitio 5 en marzo de 2018.<\/p>\n<p>El a\u00f1o pasado dio buenos dividendos a Jelena, al coronarse en Linz y Adelaida, en singles. En dobles levant\u00f3 su primer trofeo de Grand Slam en el Abierto de Australia y clasific\u00f3 para las Final en Riad 2024 (en ambos casos con Lyudmyla Kichenok). Cerr\u00f3 2024 ubicada en el lugar 15 del ranking.<\/p>\n<p>Esta temporada, despu\u00e9s de coronarse en Stuttgart, venciendo a Aryna Sabalenka, Ostapenko revel\u00f3 que ha estado trabajando mentalmente, lo que la ha ayudado a creer en s\u00ed misma.<\/p>\n<p>Fue su primera victoria (en cuatro choques) contra la n\u00famero uno del mundo, pero adem\u00e1s Jelena es una de las jugadoras que tiene r\u00e9cord positivo en duelos frente a la polaca Iga Swiatek, otra de las mejores del ranking. En seis enfrentamientos suma igual n\u00famero de triunfos (dos en esta temporada).<\/p>\n<blockquote>\n<p style=\"text-align: center;\">La letona cuenta con potencia en su juego y cuando sale en un buen d\u00eda, es dif\u00edcil de descifrar y puede poner en aprietos a cualquiera.<\/p>\n<\/blockquote>\n<p>La venta de boletos ya est\u00e1 disponible, a trav\u00e9s de la platafo<\/p>\n","protected":false},"excerpt":{"rendered":"<p>Guadalajara, Jalisco, 31 de julio de 2025.- Jelena Ostapenko parece estar viviendo un segundo aire en su carrera deportiva. La letona aparece en la posici\u00f3n 26 del ranking mundial en la semana del 28 de julio. Esta temporada ya se adjudic\u00f3 el t\u00edtulo del torneo de Stuttgart (abril) y fue finalista en Doha. Esa versi\u00f3n [&hellip;]<\/p>\n","protected":false},"author":3,"featured_media":16339,"comment_status":"open","ping_status":"closed","sticky":false,"template":"","format":"standard","meta":{"footnotes":""},"categories":[150],"tags":[672,671,440],"class_list":["post-16338","post","type-post","status-publish","format-standard","has-post-thumbnail","hentry","category-deportes","tag-gdl-open-akron-2025","tag-jelena-ostapenko","tag-tenis"],"_links":{"self":[{"href":"https:\/\/noticiasal.com.mx\/index.php\/wp-json\/wp\/v2\/posts\/16338"}],"collection":[{"href":"https:\/\/noticiasal.com.mx\/index.php\/wp-json\/wp\/v2\/posts"}],"about":[{"href":"https:\/\/noticiasal.com.mx\/index.php\/wp-json\/wp\/v2\/types\/post"}],"author":[{"embeddable":true,"href":"https:\/\/noticiasal.com.mx\/index.php\/wp-json\/wp\/v2\/users\/3"}],"replies":[{"embeddable":true,"href":"https:\/\/noticiasal.com.mx\/index.php\/wp-json\/wp\/v2\/comments?post=16338"}],"version-history":[{"count":2,"href":"https:\/\/noticiasal.com.mx\/index.php\/wp-json\/wp\/v2\/posts\/16338\/revisions"}],"predecessor-version":[{"id":16341,"href":"https:\/\/noticiasal.com.mx\/index.php\/wp-json\/wp\/v2\/posts\/16338\/revisions\/16341"}],"wp:featuredmedia":[{"embeddable":true,"href":"https:\/\/noticiasal.com.mx\/index.php\/wp-json\/wp\/v2\/media\/16339"}],"wp:attachment":[{"href":"https:\/\/noticiasal.com.mx\/index.php\/wp-json\/wp\/v2\/media?parent=16338"}],"wp:term":[{"taxonomy":"category","embeddable":true,"href":"https:\/\/noticiasal.com.mx\/index.php\/wp-json\/wp\/v2\/categories?post=16338"},{"taxonomy":"post_tag","embeddable":true,"href":"https:\/\/noticiasal.com.mx\/index.php\/wp-json\/wp\/v2\/tags?post=16338"}],"curies":[{"name":"wp","href":"https:\/\/api.w.org\/{rel}","templated":true}]}}