{"id":16388,"date":"2025-08-12T23:08:04","date_gmt":"2025-08-12T23:08:04","guid":{"rendered":"https:\/\/noticiasal.com.mx\/?p=16388"},"modified":"2025-08-12T23:08:04","modified_gmt":"2025-08-12T23:08:04","slug":"mexico-realiza-segunda-entrega-masiva-extradita-a-26-narcotraficantes-a-estados-unidos","status":"publish","type":"post","link":"https:\/\/noticiasal.com.mx\/index.php\/2025\/08\/12\/mexico-realiza-segunda-entrega-masiva-extradita-a-26-narcotraficantes-a-estados-unidos\/","title":{"rendered":"M\u00e9xico realiza segunda entrega masiva: Extradita a 26 narcotraficantes a Estados Unidos"},"content":{"rendered":"<ul>\n<li class=\"c-heading b-subheadline\">La FGR y la SSPC confirmaron la extradici\u00f3n de 26 l\u00edderes del narco a Estados Unidos, luego de que se entreg\u00f3 a Rafael Caro Quintero y otros 28 criminales en febrero pasado.<\/li>\n<\/ul>\n<p>A casi siete meses de que\u00a0M\u00e9xico realiz\u00f3 la primera extradici\u00f3n masiva de narcos a EU, entre los que se encontraba\u00a0Rafael Caro Quintero, las autoridades mexicanas realizaron una\u00a0<b>nueva entrega de narcotraficantes a Estados Unidos<\/b>.<\/p>\n<p class=\"c-paragraph\">En esta\u00a0<b>segunda entrega masiva de narcotraficantes<\/b>, 26 personas que estaban en prisi\u00f3n por v\u00ednculos con organizaciones criminales de tr\u00e1fico de drogas fueron extraditadas a Estados Unidos este martes 12 de agosto.<\/p>\n<p class=\"c-paragraph\">As\u00ed lo confirmaron la Fiscal\u00eda\u00a0Fiscal\u00eda General de la Rep\u00fablica (FGR)\u00a0y la Secretar\u00eda de Seguridad y Protecci\u00f3n Ciudadana (SSPC) en una tarjeta emitida la tarde de este 12 de agosto.<\/p>\n<p>En un breve comunicado conjunto, las autoridades apuntaron que todas las personas contaban con\u00a0orden de extradici\u00f3n a Estados Unidos; no obstante, no se detalla qui\u00e9nes son las personas trasladadas a EU.<\/p>\n<p>\u201cLa custodia, traslado y entrega formal de dichas personas se realiza bajo los protocolos institucionales con el debido respeto de sus derechos fundamentales, y del debido proceso en apego a nuestra Constituci\u00f3n y a la\u00a0<a title=\"https:\/\/www.diputados.gob.mx\/LeyesBiblio\/pdf\/LSN.pdf\" href=\"https:\/\/www.diputados.gob.mx\/LeyesBiblio\/pdf\/LSN.pdf\" target=\"_blank\" rel=\"noopener\">Ley de Seguridad Nacional<\/a>\u00a0y bajo solicitud del\u00a0<a title=\"https:\/\/www.justice.gov\/\" href=\"https:\/\/www.justice.gov\/\" target=\"_blank\" rel=\"noopener\">Departamento de Justicia de los Estados Unidos<\/a>, que se comprometi\u00f3 a\u00a0<b>no solicitar la pena de muerte para los reos en su pa\u00eds\u201d<\/b>, puntualiza el comunicado.<\/p>\n<h2 class=\"b-article-body__h2\">\u00bfCu\u00e1ndo fue la primera entrega de narcos de M\u00e9xico a EU?<\/h2>\n<p class=\"c-paragraph\">En febrero de 2025, la FGR anunci\u00f3 la extradici\u00f3n de 29 mexicanos detenidos en centros penitenciarios a Estados Unidos. La\u00a0lista oficial de narcos extraditados a EU\u00a0incluy\u00f3 nombres como los l\u00edderes de\u00a0Los Zetas:\u00a0Miguel Trevi\u00f1o Morales y Omar Trevi\u00f1o Morales \u2014al\u00edas el \u2018Z-40\u2032 y el \u2018Z-42\u2032.<\/p>\n<p>Adem\u00e1s, en aquella primera entrega de narcotraficantes a Estados Unidos aparecieron\u00a0<b>l\u00edderes del crimen organizado<\/b>\u00a0como:<\/p>\n<ul>\n<li>Jos\u00e9 \u00c1ngel Canobbio Inzunza, alias \u2018El G\u00fcerito\u2019, l\u00edder del grupo armado Los Chimales, quien realizaba tareas de protecci\u00f3n de\u00a0<a title=\"https:\/\/www.elfinanciero.com.mx\/nacional\/2025\/02\/26\/los-chapitos-estan-cerca-de-un-acuerdo-con-eu-joaquin-guzman-entra-y-sale-de-la-carcel-revelan\/\" href=\"https:\/\/www.elfinanciero.com.mx\/nacional\/2025\/02\/26\/los-chapitos-estan-cerca-de-un-acuerdo-con-eu-joaquin-guzman-entra-y-sale-de-la-carcel-revelan\/\" target=\"_blank\" rel=\"noopener\">Los Chapitos<\/a>, segundo al mando del grupo delictivo Los Chapitos.<\/li>\n<li><b>Norberto Valencia Gonz\u00e1lez, alias \u201cSocialitos\u201d<\/b>, operador financiero para el\u00a0<a title=\"https:\/\/www.elfinanciero.com.mx\/tags\/cartel-de-los-beltran-leyva\/\" href=\"https:\/\/www.elfinanciero.com.mx\/tags\/cartel-de-los-beltran-leyva\/\" target=\"_blank\" rel=\"noopener\">C\u00e1rtel de los Beltr\u00e1n Leyva<\/a>, a trav\u00e9s de cinco empresas, realizaba operaciones de blanqueo de activos. Motivo (M): Tr\u00e1fico de drogas.<\/li>\n<li><a title=\"https:\/\/www.elfinanciero.com.mx\/estados\/2024\/01\/18\/la-kena-19-jose-alberto-garcia-vilano-detenido-los-ciclones-cartel-del-golfo\/\" href=\"https:\/\/www.elfinanciero.com.mx\/estados\/2024\/01\/18\/la-kena-19-jose-alberto-garcia-vilano-detenido-los-ciclones-cartel-del-golfo\/\" rel=\"\">Jos\u00e9 Alberto Garc\u00eda Vi<\/a>l<a title=\"https:\/\/www.elfinanciero.com.mx\/estados\/2024\/01\/18\/la-kena-19-jose-alberto-garcia-vilano-detenido-los-ciclones-cartel-del-golfo\/\" href=\"https:\/\/www.elfinanciero.com.mx\/estados\/2024\/01\/18\/la-kena-19-jose-alberto-garcia-vilano-detenido-los-ciclones-cartel-del-golfo\/\" rel=\"\">ano, alias \u2018La Kena\u2019<\/a>, l\u00edder del grupo de &#8216;<a title=\"https:\/\/www.elfinanciero.com.mx\/estados\/2024\/10\/30\/los-ciclones-la-escision-del-cartel-del-golfo-que-causa-terror-en-tamaulipas\/\" href=\"https:\/\/www.elfinanciero.com.mx\/estados\/2024\/10\/30\/los-ciclones-la-escision-del-cartel-del-golfo-que-causa-terror-en-tamaulipas\/\" rel=\"\">Los Ciclones<\/a>&#8216; en Matamoros, Tamaulipas, una de las escisiones del C\u00e1rtel del Golfo (CDG). M: Tr\u00e1fico de drogas y lavado de dinero.<\/li>\n<li>Vicente Carrillo Fuentes, alias \u2018El Viceroy\u2019, se convirti\u00f3 en el l\u00edder del \u201cC\u00e1rtel de Ju\u00e1rez\u201d. M: Tr\u00e1fico de drogas.<\/li>\n<li><b>Jos\u00e9 Bibiano Cabrera Cabrera, alias \u2018El Durango\u2019<\/b>, jefe de plaza del C\u00e1rtel de Sinaloa, vertiente de Los Chapitos, en el municipio de Altar, Sonora. M: Tr\u00e1fico de drogas.<\/li>\n<li>Jos\u00e9 Guadalupe Tapia Quintero, alias \u2018Lupe Tapia\u2019, lugarteniente del C\u00e1rtel Sinaloa, operador de alto rango de \u2018el Mayo Zambada\u2019. M: Tr\u00e1fico de drogas.<\/li>\n<li>Antonio Oseguera Cervantes, alias \u2018Tony Montana\u2019, principal operador financiero y log\u00edstico del CJNG. M: Tr\u00e1fico de Drogas.<\/li>\n<li><b>Erick Valencia Salazar, alias \u2018El 85\u2032<\/b>, l\u00edder de \u201cLos Matazetas\u201d. M: Tr\u00e1fico de Drogas.<\/li>\n<li><b>Jos\u00e9 Jes\u00fas M\u00e9ndez Vargas, alias \u2018Chango\u2019<\/b>, l\u00edder y fundador de \u201cLa Familia Michoacana\u201d. M: Tr\u00e1fico de drogas.<\/li>\n<li><b>Itiel Palacios Garc\u00eda, alias \u2018Compa Playa\u2019<\/b>, l\u00edder regional y operador financiero del CJNG en Oaxaca y Veracruz. M: Tr\u00e1fico de drogas y portaci\u00f3n ilegal de armas de fuego.<\/li>\n<\/ul>\n<p class=\"c-paragraph\">Al tomar el cargo como presidente de EU,\u00a0<a title=\"https:\/\/www.elfinanciero.com.mx\/nacional\/2025\/02\/20\/es-oficial-trump-designa-a-6-carteles-mexicanos-como-organizaciones-terroristas-entra-en-vigor-hoy\/\" href=\"https:\/\/www.elfinanciero.com.mx\/nacional\/2025\/02\/20\/es-oficial-trump-designa-a-6-carteles-mexicanos-como-organizaciones-terroristas-entra-en-vigor-hoy\/\" target=\"_blank\" rel=\"noopener noreferrer\">Donald Trump design\u00f3 a seis c\u00e1rteles mexicanos como terroristas<\/a>\u00a0d\u00edas antes de esa primera ronda de extradiciones.<\/p>\n<p class=\"c-paragraph\">Los grupos criminales en la lista de terrorismo de EU son:\u00a0<a href=\"https:\/\/www.elfinanciero.com.mx\/nacional\/2025\/02\/19\/designan-carteles-mexicanos-como-terroristascuales-son-las-consecuencias-para-el-cartel-de-sinaloa-y-el-cjng-por-estar-en-la-lista\/\" rel=\"\">C\u00e1rtel de Sinaloa, Cartel Jalisco Nueva Generaci\u00f3n (CJNG)<\/a>,\u00a0<b>C\u00e1rtel del Noreste, el C\u00e1rtel del Golfo, la Nueva Familia Michoacana y los C\u00e1rteles Unidos<\/b>.<\/p>\n<h2 class=\"b-article-body__h2\">EU repatria a mexicanos detenidos en su pa\u00eds<\/h2>\n<p class=\"c-paragraph\">El\u00a0<b>Gobierno de Estados Unidos<\/b>\u00a0transfiri\u00f3 14 reos mexicanos sentenciados por narcotr\u00e1fico a M\u00e9xico. Esta decisi\u00f3n se tom\u00f3 con el fin de ahorrar 4 millones de d\u00f3lares en los costos asociados por la suma de 96 a\u00f1os de sus condenas, seg\u00fan inform\u00f3 el Departamento de Justicia (DOJ) el lunes 11 de agosto.<\/p>\n<p class=\"c-paragraph\">Todos los reclusos ten\u00edan sentencias por distribuci\u00f3n de drogas en EU. El traslado de los mexicanos al pa\u00eds ocurri\u00f3 el viernes pasado, de acuerdo con el tratado bilateral de transferencia de reos con M\u00e9xico, indic\u00f3 la autoridad estadounidense.<\/p>\n<p class=\"c-paragraph\">Los reos, que solicitaron su transferencia a M\u00e9xico, completar\u00e1n sus condenas en este pa\u00eds.<\/p>\n<p>Fuente: <a href=\"https:\/\/www.elfinanciero.com.mx\/nacional\/2025\/08\/12\/segunda-entrega-masiva-mexico-extradita-a-26-narcos-a-eu\/\" target=\"_blank\" rel=\"noopener\">Financiero<\/a><\/p>\n","protected":false},"excerpt":{"rendered":"<p>La FGR y la SSPC confirmaron la extradici\u00f3n de 26 l\u00edderes del narco a Estados Unidos, luego de que se entreg\u00f3 a Rafael Caro Quintero y otros 28 criminales en febrero pasado. A casi siete meses de que\u00a0M\u00e9xico realiz\u00f3 la primera extradici\u00f3n masiva de narcos a EU, entre los que se encontraba\u00a0Rafael Caro Quintero, las [&hellip;]<\/p>\n","protected":false},"author":3,"featured_media":16389,"comment_status":"open","ping_status":"closed","sticky":false,"template":"","format":"standard","meta":{"footnotes":""},"categories":[148],"tags":[272,684,185,683],"class_list":["post-16388","post","type-post","status-publish","format-standard","has-post-thumbnail","hentry","category-mexico","tag-estados-unidos","tag-extradiccion","tag-mexico","tag-presos"],"_links":{"self":[{"href":"https:\/\/noticiasal.com.mx\/index.php\/wp-json\/wp\/v2\/posts\/16388"}],"collection":[{"href":"https:\/\/noticiasal.com.mx\/index.php\/wp-json\/wp\/v2\/posts"}],"about":[{"href":"https:\/\/noticiasal.com.mx\/index.php\/wp-json\/wp\/v2\/types\/post"}],"author":[{"embeddable":true,"href":"https:\/\/noticiasal.com.mx\/index.php\/wp-json\/wp\/v2\/users\/3"}],"replies":[{"embeddable":true,"href":"https:\/\/noticiasal.com.mx\/index.php\/wp-json\/wp\/v2\/comments?post=16388"}],"version-history":[{"count":1,"href":"https:\/\/noticiasal.com.mx\/index.php\/wp-json\/wp\/v2\/posts\/16388\/revisions"}],"predecessor-version":[{"id":16390,"href":"https:\/\/noticiasal.com.mx\/index.php\/wp-json\/wp\/v2\/posts\/16388\/revisions\/16390"}],"wp:featuredmedia":[{"embeddable":true,"href":"https:\/\/noticiasal.com.mx\/index.php\/wp-json\/wp\/v2\/media\/16389"}],"wp:attachment":[{"href":"https:\/\/noticiasal.com.mx\/index.php\/wp-json\/wp\/v2\/media?parent=16388"}],"wp:term":[{"taxonomy":"category","embeddable":true,"href":"https:\/\/noticiasal.com.mx\/index.php\/wp-json\/wp\/v2\/categories?post=16388"},{"taxonomy":"post_tag","embeddable":true,"href":"https:\/\/noticiasal.com.mx\/index.php\/wp-json\/wp\/v2\/tags?post=16388"}],"curies":[{"name":"wp","href":"https:\/\/api.w.org\/{rel}","templated":true}]}}