{"id":16394,"date":"2025-08-12T23:23:06","date_gmt":"2025-08-12T23:23:06","guid":{"rendered":"https:\/\/noticiasal.com.mx\/?p=16394"},"modified":"2025-08-12T23:23:06","modified_gmt":"2025-08-12T23:23:06","slug":"cabo-corrientes-promueve-reforestacion-con-campana-de-adopcion-de-arboles","status":"publish","type":"post","link":"https:\/\/noticiasal.com.mx\/index.php\/2025\/08\/12\/cabo-corrientes-promueve-reforestacion-con-campana-de-adopcion-de-arboles\/","title":{"rendered":"Cabo Corrientes promueve reforestaci\u00f3n con campa\u00f1a de adopci\u00f3n de arboles"},"content":{"rendered":"<p data-start=\"241\" data-end=\"512\"><strong data-start=\"241\" data-end=\"269\">Cabo Corrientes, Jalisco<\/strong> \u2014 Con el objetivo de fomentar el cuidado del medio ambiente y la reforestaci\u00f3n urbana, el Gobierno Municipal de Cabo Corrientes, a trav\u00e9s de la Direcci\u00f3n de Desarrollo Rural y Ecolog\u00eda, contin\u00faa con la <strong data-start=\"472\" data-end=\"511\">Campa\u00f1a de Adopci\u00f3n de \u00c1rboles 2025<\/strong>.<\/p>\n<p data-start=\"514\" data-end=\"799\">La iniciativa invita a la ciudadan\u00eda a acudir a la <strong data-start=\"565\" data-end=\"582\">Plaza P\u00fablica<\/strong> del municipio, donde podr\u00e1n adoptar un \u00e1rbol de manera gratuita. Los \u00fanicos requisitos para participar son <strong data-start=\"690\" data-end=\"747\">presentar una copia de la credencial de elector (INE)<\/strong> y comprometerse a cuidar adecuadamente el ejemplar.<\/p>\n<p data-start=\"801\" data-end=\"955\">La entrega de \u00e1rboles se mantendr\u00e1 <strong data-start=\"836\" data-end=\"864\">hasta agotar existencias<\/strong>, por lo que las autoridades municipales exhortan a la poblaci\u00f3n a participar cuanto antes.<\/p>\n<p data-start=\"957\" data-end=\"1139\">Bajo el lema <em data-start=\"970\" data-end=\"1023\">\u201cAdopta, planta y protege. Tu \u00e1rbol, tu compromiso\u201d<\/em>, esta campa\u00f1a busca generar conciencia ecol\u00f3gica y fortalecer el v\u00ednculo entre los habitantes y su entorno natural.<\/p>\n<p data-start=\"1141\" data-end=\"1298\"><strong data-start=\"1141\" data-end=\"1245\">\u201cCada \u00e1rbol adoptado representa un paso hacia un futuro m\u00e1s verde y sostenible para Cabo Corrientes\u201d<\/strong>, se\u00f1alaron funcionarios de la Direcci\u00f3n de Ecolog\u00eda.<\/p>\n<p data-start=\"1300\" data-end=\"1465\">La acci\u00f3n forma parte de una serie de esfuerzos del gobierno local por mitigar los efectos del cambio clim\u00e1tico y promover pr\u00e1cticas responsables entre la comunidad.<\/p>\n","protected":false},"excerpt":{"rendered":"<p>Cabo Corrientes, Jalisco \u2014 Con el objetivo de fomentar el cuidado del medio ambiente y la reforestaci\u00f3n urbana, el Gobierno Municipal de Cabo Corrientes, a trav\u00e9s de la Direcci\u00f3n de Desarrollo Rural y Ecolog\u00eda, contin\u00faa con la Campa\u00f1a de Adopci\u00f3n de \u00c1rboles 2025. La iniciativa invita a la ciudadan\u00eda a acudir a la Plaza P\u00fablica [&hellip;]<\/p>\n","protected":false},"author":9,"featured_media":16395,"comment_status":"open","ping_status":"closed","sticky":false,"template":"","format":"standard","meta":{"footnotes":""},"categories":[158],"tags":[687,287,170],"class_list":["post-16394","post","type-post","status-publish","format-standard","has-post-thumbnail","hentry","category-region","tag-adopta-un-arbol","tag-cabo-corrientes","tag-ecologia"],"_links":{"self":[{"href":"https:\/\/noticiasal.com.mx\/index.php\/wp-json\/wp\/v2\/posts\/16394"}],"collection":[{"href":"https:\/\/noticiasal.com.mx\/index.php\/wp-json\/wp\/v2\/posts"}],"about":[{"href":"https:\/\/noticiasal.com.mx\/index.php\/wp-json\/wp\/v2\/types\/post"}],"author":[{"embeddable":true,"href":"https:\/\/noticiasal.com.mx\/index.php\/wp-json\/wp\/v2\/users\/9"}],"replies":[{"embeddable":true,"href":"https:\/\/noticiasal.com.mx\/index.php\/wp-json\/wp\/v2\/comments?post=16394"}],"version-history":[{"count":1,"href":"https:\/\/noticiasal.com.mx\/index.php\/wp-json\/wp\/v2\/posts\/16394\/revisions"}],"predecessor-version":[{"id":16396,"href":"https:\/\/noticiasal.com.mx\/index.php\/wp-json\/wp\/v2\/posts\/16394\/revisions\/16396"}],"wp:featuredmedia":[{"embeddable":true,"href":"https:\/\/noticiasal.com.mx\/index.php\/wp-json\/wp\/v2\/media\/16395"}],"wp:attachment":[{"href":"https:\/\/noticiasal.com.mx\/index.php\/wp-json\/wp\/v2\/media?parent=16394"}],"wp:term":[{"taxonomy":"category","embeddable":true,"href":"https:\/\/noticiasal.com.mx\/index.php\/wp-json\/wp\/v2\/categories?post=16394"},{"taxonomy":"post_tag","embeddable":true,"href":"https:\/\/noticiasal.com.mx\/index.php\/wp-json\/wp\/v2\/tags?post=16394"}],"curies":[{"name":"wp","href":"https:\/\/api.w.org\/{rel}","templated":true}]}}