{"id":16624,"date":"2025-08-28T14:08:37","date_gmt":"2025-08-28T14:08:37","guid":{"rendered":"https:\/\/noticiasal.com.mx\/?p=16624"},"modified":"2025-08-28T14:08:37","modified_gmt":"2025-08-28T14:08:37","slug":"papa-leon-xiv-nombra-a-mons-engelberto-polino-sanchez-como-nuevo-obispo-de-la-diocesis-de-tepic","status":"publish","type":"post","link":"https:\/\/noticiasal.com.mx\/index.php\/2025\/08\/28\/papa-leon-xiv-nombra-a-mons-engelberto-polino-sanchez-como-nuevo-obispo-de-la-diocesis-de-tepic\/","title":{"rendered":"Papa Le\u00f3n XIV nombra a Mons. Engelberto Polino S\u00e1nchez como nuevo obispo de la Di\u00f3cesis de Tepic"},"content":{"rendered":"<p data-start=\"212\" data-end=\"548\"><strong data-start=\"212\" data-end=\"255\">Ciudad de M\u00e9xico, 28 de agosto de 2025.<\/strong> \u2013 Tras la renuncia de Luis Artememio Flores Calzada la Nunciatura Apost\u00f3lica inform\u00f3, a trav\u00e9s de la Secretar\u00eda General de la Conferencia del Episcopado Mexicano (CEM), que Su Santidad Le\u00f3n XIV ha nombrado a <strong data-start=\"414\" data-end=\"449\">Mons. Engelberto Polino S\u00e1nchez<\/strong> como <strong data-start=\"455\" data-end=\"492\">IX Obispo de la Di\u00f3cesis de Tepic<\/strong>, en sustituci\u00f3n de Mons. Luis Artemio Flores Calzada.<\/p>\n<p data-start=\"550\" data-end=\"724\">Hasta ahora, Mons. Polino S\u00e1nchez se desempe\u00f1aba como <strong data-start=\"604\" data-end=\"638\">Obispo auxiliar de Guadalajara<\/strong>, cargo que asumi\u00f3 en 2018 tras haber sido designado por el entonces Papa Francisco.<\/p>\n<p data-start=\"726\" data-end=\"923\">La Di\u00f3cesis de Tepic expres\u00f3 su agradecimiento a Dios por la designaci\u00f3n y pidi\u00f3 a los fieles unirse en oraci\u00f3n para que el ministerio episcopal del nuevo obispo sea fecundo en frutos pastorales.<\/p>\n<h3 data-start=\"925\" data-end=\"966\">Trayectoria de Mons. Polino S\u00e1nchez<\/h3>\n<p><img loading=\"lazy\" decoding=\"async\" class=\"blazy alignnone wp-image-16626 size-full\" src=\"https:\/\/noticiasal.com.mx\/wp-content\/themes\/news\/assets\/images\/picture_placeholder_list.jpg\" data-src=\"https:\/\/noticiasal.com.mx\/wp-content\/uploads\/2025\/08\/481218078_1063536165816916_2115563027722342420_n.jpg\" alt=\"\" width=\"768\" height=\"1024\" \/><noscript><img loading=\"lazy\" decoding=\"async\" class=\"alignnone wp-image-16626 size-full\" src=\"https:\/\/noticiasal.com.mx\/wp-content\/uploads\/2025\/08\/481218078_1063536165816916_2115563027722342420_n.jpg\" alt=\"\" width=\"768\" height=\"1024\" srcset=\"https:\/\/noticiasal.com.mx\/wp-content\/uploads\/2025\/08\/481218078_1063536165816916_2115563027722342420_n.jpg 768w, https:\/\/noticiasal.com.mx\/wp-content\/uploads\/2025\/08\/481218078_1063536165816916_2115563027722342420_n-225x300.jpg 225w\" sizes=\"(max-width: 768px) 100vw, 768px\" \/><\/noscript><\/p>\n<p data-start=\"967\" data-end=\"1258\">Nacido en <strong data-start=\"977\" data-end=\"1024\">Teuchitl\u00e1n, Jalisco, el 14 de marzo de 1966<\/strong>, ingres\u00f3 al Seminario Diocesano de San Jos\u00e9 en Guadalajara, donde realiz\u00f3 estudios de Filosof\u00eda y Teolog\u00eda. Fue ordenado presb\u00edtero en 1997 y posteriormente realiz\u00f3 un diplomado en Pastoral Social en el ITEPAL, en Bogot\u00e1, Colombia.<\/p>\n<p data-start=\"1260\" data-end=\"1318\">A lo largo de su ministerio, ha ocupado diversos cargos:<\/p>\n<ul data-start=\"1319\" data-end=\"1631\">\n<li data-start=\"1319\" data-end=\"1373\">\n<p data-start=\"1321\" data-end=\"1373\">Vicario parroquial en San Antonio de Padua (1997).<\/p>\n<\/li>\n<li data-start=\"1374\" data-end=\"1434\">\n<p data-start=\"1376\" data-end=\"1434\">Asesor diocesano de la Pastoral del Trabajo (1998-2010).<\/p>\n<\/li>\n<li data-start=\"1435\" data-end=\"1480\">\n<p data-start=\"1437\" data-end=\"1480\">P\u00e1rroco de Santa Elena de la Cruz (1999).<\/p>\n<\/li>\n<li data-start=\"1481\" data-end=\"1538\">\n<p data-start=\"1483\" data-end=\"1538\">Coordinador Diocesano de Pastoral Social (2010-2017).<\/p>\n<\/li>\n<li data-start=\"1539\" data-end=\"1574\">\n<p data-start=\"1541\" data-end=\"1574\">P\u00e1rroco de San Bernardo (2011).<\/p>\n<\/li>\n<li data-start=\"1575\" data-end=\"1631\">\n<p data-start=\"1577\" data-end=\"1631\">Diversos decanatos en Guadalajara entre 2008 y 2018.<\/p>\n<\/li>\n<\/ul>\n<p data-start=\"1633\" data-end=\"1895\">En su servicio episcopal, adem\u00e1s de ser auxiliar en Guadalajara, ha presidido comisiones nacionales de la CEM, entre ellas la <strong data-start=\"1759\" data-end=\"1783\">Pastoral del Trabajo<\/strong> (2018-2021) y actualmente la <strong data-start=\"1813\" data-end=\"1832\">Pastoral Social<\/strong>, cargo que encabeza para los periodos 2021-2024 y 2024-2027.<\/p>\n<h3 data-start=\"1897\" data-end=\"1940\">Nuevo rumbo para la Di\u00f3cesis de Tepic<\/h3>\n<p data-start=\"1941\" data-end=\"2150\">Con esta designaci\u00f3n, el Papa Le\u00f3n XIV conf\u00eda a Mons. Engelberto Polino S\u00e1nchez la gu\u00eda pastoral de la comunidad cat\u00f3lica de Tepic, en un momento clave para fortalecer la vida eclesial y social en la regi\u00f3n.<\/p>\n<blockquote>\n<p data-start=\"2152\" data-end=\"2278\">La toma de posesi\u00f3n can\u00f3nica de la di\u00f3cesis ser\u00e1 anunciada pr\u00f3ximamente por la Nunciatura Apost\u00f3lica y la Di\u00f3cesis de Tepic.<\/p>\n<\/blockquote>\n","protected":false},"excerpt":{"rendered":"<p>Ciudad de M\u00e9xico, 28 de agosto de 2025. \u2013 Tras la renuncia de Luis Artememio Flores Calzada la Nunciatura Apost\u00f3lica inform\u00f3, a trav\u00e9s de la Secretar\u00eda General de la Conferencia del Episcopado Mexicano (CEM), que Su Santidad Le\u00f3n XIV ha nombrado a Mons. Engelberto Polino S\u00e1nchez como IX Obispo de la Di\u00f3cesis de Tepic, en [&hellip;]<\/p>\n","protected":false},"author":3,"featured_media":16625,"comment_status":"open","ping_status":"closed","sticky":false,"template":"","format":"standard","meta":{"footnotes":""},"categories":[158],"tags":[742,740,741],"class_list":["post-16624","post","type-post","status-publish","format-standard","has-post-thumbnail","hentry","category-region","tag-diocesis-de-tepi","tag-leon-xiv","tag-mons-engelberto-polino-sanchez"],"_links":{"self":[{"href":"https:\/\/noticiasal.com.mx\/index.php\/wp-json\/wp\/v2\/posts\/16624"}],"collection":[{"href":"https:\/\/noticiasal.com.mx\/index.php\/wp-json\/wp\/v2\/posts"}],"about":[{"href":"https:\/\/noticiasal.com.mx\/index.php\/wp-json\/wp\/v2\/types\/post"}],"author":[{"embeddable":true,"href":"https:\/\/noticiasal.com.mx\/index.php\/wp-json\/wp\/v2\/users\/3"}],"replies":[{"embeddable":true,"href":"https:\/\/noticiasal.com.mx\/index.php\/wp-json\/wp\/v2\/comments?post=16624"}],"version-history":[{"count":1,"href":"https:\/\/noticiasal.com.mx\/index.php\/wp-json\/wp\/v2\/posts\/16624\/revisions"}],"predecessor-version":[{"id":16627,"href":"https:\/\/noticiasal.com.mx\/index.php\/wp-json\/wp\/v2\/posts\/16624\/revisions\/16627"}],"wp:featuredmedia":[{"embeddable":true,"href":"https:\/\/noticiasal.com.mx\/index.php\/wp-json\/wp\/v2\/media\/16625"}],"wp:attachment":[{"href":"https:\/\/noticiasal.com.mx\/index.php\/wp-json\/wp\/v2\/media?parent=16624"}],"wp:term":[{"taxonomy":"category","embeddable":true,"href":"https:\/\/noticiasal.com.mx\/index.php\/wp-json\/wp\/v2\/categories?post=16624"},{"taxonomy":"post_tag","embeddable":true,"href":"https:\/\/noticiasal.com.mx\/index.php\/wp-json\/wp\/v2\/tags?post=16624"}],"curies":[{"name":"wp","href":"https:\/\/api.w.org\/{rel}","templated":true}]}}