{"id":16628,"date":"2025-08-28T14:43:51","date_gmt":"2025-08-28T14:43:51","guid":{"rendered":"https:\/\/noticiasal.com.mx\/?p=16628"},"modified":"2025-08-28T14:45:59","modified_gmt":"2025-08-28T14:45:59","slug":"estaban-rezando-2-ninos-muertos-y-otras-17-personas-heridas-en-un-tiroteo-en-una-iglesia-de-una-escuela-catolica-de-ee-uu","status":"publish","type":"post","link":"https:\/\/noticiasal.com.mx\/index.php\/2025\/08\/28\/estaban-rezando-2-ninos-muertos-y-otras-17-personas-heridas-en-un-tiroteo-en-una-iglesia-de-una-escuela-catolica-de-ee-uu\/","title":{"rendered":"\u00abEstaban rezando\u00bb: 2 ni\u00f1os muertos y otras 17 personas heridas en un tiroteo en una iglesia de una escuela cat\u00f3lica de EE.UU."},"content":{"rendered":"<div class=\"bbc-19j92fr ebmt73l0\" dir=\"ltr\">\n<ul>\n<li class=\"bbc-hhl7in e17g058b0\" dir=\"ltr\"><b>Dos ni\u00f1os, de 8 y 10 a\u00f1os, murieron y otras 17 personas resultaron heridas este mi\u00e9rcoles en un tiroteo en una iglesia de una escuela cat\u00f3lica de Minneapolis, Estados Unidos, seg\u00fan inform\u00f3 la polic\u00eda.<\/b><\/li>\n<\/ul>\n<\/div>\n<div class=\"bbc-19j92fr ebmt73l0\" dir=\"ltr\">\n<p class=\"bbc-hhl7in e17g058b0\" dir=\"ltr\">El ataque ocurri\u00f3 durante la misa matutina en la escuela de la Anunciaci\u00f3n.<\/p>\n<\/div>\n<div class=\"bbc-19j92fr ebmt73l0\" dir=\"ltr\">\n<p class=\"bbc-hhl7in e17g058b0\" dir=\"ltr\">La polic\u00eda inform\u00f3 que los menores estaban sentados en las bancos de la iglesia durante un servicio religioso cuando recibieron los disparos.<\/p>\n<\/div>\n<div class=\"bbc-19j92fr ebmt73l0\" dir=\"ltr\">\n<p class=\"bbc-hhl7in e17g058b0\" dir=\"ltr\">\u00abLos ni\u00f1os estaban literalmente rezando\u00bb, declar\u00f3 el alcalde Jacob Frey durante una emotiva conferencia de prensa.<\/p>\n<div class=\"bbc-19j92fr ebmt73l0\" dir=\"ltr\">\n<p class=\"bbc-hhl7in e17g058b0\" dir=\"ltr\">El funcionario identific\u00f3 al presunto atacante como Robin Westman, de 23 a\u00f1os, residente de un suburbio de Minneapolis, a quien calific\u00f3 de \u00abcobarde\u00bb.<\/p>\n<\/div>\n<div class=\"bbc-19j92fr ebmt73l0\" dir=\"ltr\">\n<p class=\"bbc-hhl7in e17g058b0\" dir=\"ltr\">Fue un \u00abacto deliberado de violencia contra ni\u00f1os y fieles\u00bb, apunt\u00f3. O&#8217;Hara inform\u00f3 que las tres armas utilizadas por el atacante fueron compradas legalmente y agreg\u00f3 que no ten\u00eda antecedentes penales.<\/p>\n<\/div>\n<div class=\"bbc-19j92fr ebmt73l0\" dir=\"ltr\">\n<p class=\"bbc-hhl7in e17g058b0\" dir=\"ltr\">El jefe policial tambi\u00e9n se\u00f1al\u00f3 tener conocimiento de un manifiesto que el atacante hab\u00eda programado para su publicaci\u00f3n en YouTube, el cual aparentemente lo mostraba en el lugar de los hechos e \u00abinclu\u00eda textos perturbadores\u00bb.<\/p>\n<\/div>\n<div class=\"bbc-19j92fr ebmt73l0\" dir=\"ltr\">\n<p class=\"bbc-hhl7in e17g058b0\" dir=\"ltr\">Ese contenido ha sido retirado y a\u00fan se est\u00e1 investigando, precis\u00f3.<\/p>\n<p dir=\"ltr\"><img loading=\"lazy\" decoding=\"async\" class=\"blazy wp-image-16629 size-full aligncenter\" src=\"https:\/\/noticiasal.com.mx\/wp-content\/themes\/news\/assets\/images\/picture_placeholder_list.jpg\" data-src=\"https:\/\/noticiasal.com.mx\/wp-content\/uploads\/2025\/08\/estados.webp\" alt=\"\" width=\"800\" height=\"513\" \/><noscript><img loading=\"lazy\" decoding=\"async\" class=\"wp-image-16629 size-full aligncenter\" src=\"https:\/\/noticiasal.com.mx\/wp-content\/uploads\/2025\/08\/estados.webp\" alt=\"\" width=\"800\" height=\"513\" srcset=\"https:\/\/noticiasal.com.mx\/wp-content\/uploads\/2025\/08\/estados.webp 800w, https:\/\/noticiasal.com.mx\/wp-content\/uploads\/2025\/08\/estados-300x192.webp 300w, https:\/\/noticiasal.com.mx\/wp-content\/uploads\/2025\/08\/estados-768x492.webp 768w\" sizes=\"(max-width: 800px) 100vw, 800px\" \/><\/noscript><\/p>\n<\/div>\n<div class=\"bbc-19j92fr ebmt73l0\" dir=\"ltr\">\n<p class=\"bbc-hhl7in e17g058b0\" dir=\"ltr\">El papa Le\u00f3n XIV, el primer pont\u00edfice de origen estadounidense, expres\u00f3 \u00absu profunda tristeza\u00bb por lo ocurrido.<\/p>\n<div class=\"bbc-19j92fr ebmt73l0\" dir=\"ltr\">\n<p class=\"bbc-hhl7in e17g058b0\" dir=\"ltr\">La madre del presunto atacante, Mary Grace Westman, trabaj\u00f3 anteriormente en la escuela, seg\u00fan un bolet\u00edn escolar de 2016 en el que se la presentaba como nueva asistente administrativa de la Oficina de Negocios.<\/p>\n<\/div>\n<div class=\"bbc-19j92fr ebmt73l0\" dir=\"ltr\">\n<p class=\"bbc-hhl7in e17g058b0\" dir=\"ltr\">Una publicaci\u00f3n de la iglesia en su p\u00e1gina de Facebook indica que se jubil\u00f3 de la escuela en agosto de 2021.<\/p>\n<\/div>\n<div class=\"bbc-19j92fr ebmt73l0\" dir=\"ltr\">\n<p class=\"bbc-hhl7in e17g058b0\" dir=\"ltr\">Seg\u00fan el diario\u00a0<i class=\"bbc-h1y5j7 eih42320\">The Washington Post,<\/i>\u00a0la madre del atacante solicit\u00f3 con \u00e9xito cambiar el nombre de su hijo de Robert a Robin en 2021, alegando que se identificaba como mujer.<\/p>\n<\/div>\n<div class=\"bbc-19j92fr ebmt73l0\" dir=\"ltr\">\n<p class=\"bbc-hhl7in e17g058b0\" dir=\"ltr\">Tres adultos de unos 80 a\u00f1os, que asist\u00edan a la misa, tambi\u00e9n recibieron disparos.<\/p>\n<\/div>\n<div class=\"bbc-19j92fr ebmt73l0\" dir=\"ltr\">\n<p class=\"bbc-hhl7in e17g058b0\" dir=\"ltr\">El FBI est\u00e1 investigando el tiroteo \u00abcomo un acto de terrorismo dom\u00e9stico y un delito de odio contra los cat\u00f3licos\u00bb, declar\u00f3 el director de la agencia, Kash Patel.<\/p>\n<\/div>\n<div class=\"bbc-19j92fr ebmt73l0\" dir=\"ltr\">\n<p class=\"bbc-hhl7in e17g058b0\" dir=\"ltr\">El presidente de EE.UU., Donald Trump, orden\u00f3 que las banderas estadounidenses en la Casa Blanca y en todos los edificios p\u00fablicos ondeen a media asta hasta el atardecer \u00abcomo muestra de respeto a las v\u00edctimas\u00bb.<\/p>\n<div class=\"bbc-19j92fr ebmt73l0\" dir=\"ltr\">\n<p class=\"bbc-hhl7in e17g058b0\" dir=\"ltr\">Un ni\u00f1o de 10 a\u00f1os que sobrevivi\u00f3 al tiroteo dijo que un amigo lo protegi\u00f3 de las balas al tumbarse encima de \u00e9l.<\/p>\n<\/div>\n<div class=\"bbc-19j92fr ebmt73l0\" dir=\"ltr\">\n<p class=\"bbc-hhl7in e17g058b0\" dir=\"ltr\">\u00abEstaba a dos asientos de la ventana\u00bb, declar\u00f3 Weston Halsne a la estaci\u00f3n WCCO, afiliada de CBS.<\/p>\n<\/div>\n<div class=\"bbc-19j92fr ebmt73l0\" dir=\"ltr\">\n<p class=\"bbc-hhl7in e17g058b0\" dir=\"ltr\">\u00abMi amigo Victor me salv\u00f3, porque se lanz\u00f3 encima de m\u00ed, pero recibi\u00f3 un disparo\u00bb, dijo Halsne.<\/p>\n<\/div>\n<div class=\"bbc-19j92fr ebmt73l0\" dir=\"ltr\">\n<p class=\"bbc-hhl7in e17g058b0\" dir=\"ltr\">\u00abA mi amigo le dieron en la espalda y fue al hospital&#8230; Ten\u00eda mucho miedo por \u00e9l, pero creo que ahora est\u00e1 bien\u00bb.<\/p>\n<\/div>\n<div class=\"bbc-19j92fr ebmt73l0\" dir=\"ltr\">\n<p class=\"bbc-hhl7in e17g058b0\" dir=\"ltr\">Halsne cont\u00f3 que \u00e9l y otros ni\u00f1os se escondieron debajo de los bancos de la iglesia y luego en el gimnasio hasta que les dijeron que era seguro. Su madre lo esperaba fuera de la iglesia.<\/p>\n<\/div>\n<div class=\"bbc-19j92fr ebmt73l0\" dir=\"ltr\">\n<p class=\"bbc-hhl7in e17g058b0\" dir=\"ltr\">\u00abTen\u00eda miedo de no verla\u00bb, agreg\u00f3.<\/p>\n<\/div>\n<div class=\"bbc-19j92fr ebmt73l0\" dir=\"ltr\">\n<p class=\"bbc-hhl7in e17g058b0\" dir=\"ltr\">El alcalde Frey rechaz\u00f3 las manifestaciones de odio contra la comunidad transg\u00e9nero y las especulaciones sobre la identidad de g\u00e9nero del atacante.<\/p>\n<\/div>\n<div class=\"bbc-19j92fr ebmt73l0\" dir=\"ltr\">\n<p class=\"bbc-hhl7in e17g058b0\" dir=\"ltr\">\u00abCualquiera que aproveche esta oportunidad para demonizar a nuestra comunidad trans o a cualquier otra comunidad, ha perdido el sentido de humanidad\u00bb, afirm\u00f3.<\/p>\n<p dir=\"ltr\">\u00a0<img loading=\"lazy\" decoding=\"async\" class=\"blazy wp-image-16631 size-full aligncenter\" src=\"https:\/\/noticiasal.com.mx\/wp-content\/themes\/news\/assets\/images\/picture_placeholder_list.jpg\" data-src=\"https:\/\/noticiasal.com.mx\/wp-content\/uploads\/2025\/08\/mesalvo.webp\" alt=\"\" width=\"420\" height=\"236\" \/><noscript><img loading=\"lazy\" decoding=\"async\" class=\"wp-image-16631 size-full aligncenter\" src=\"https:\/\/noticiasal.com.mx\/wp-content\/uploads\/2025\/08\/mesalvo.webp\" alt=\"\" width=\"420\" height=\"236\" srcset=\"https:\/\/noticiasal.com.mx\/wp-content\/uploads\/2025\/08\/mesalvo.webp 420w, https:\/\/noticiasal.com.mx\/wp-content\/uploads\/2025\/08\/mesalvo-300x169.webp 300w\" sizes=\"(max-width: 420px) 100vw, 420px\" \/><\/noscript><\/p>\n<div class=\"bbc-19j92fr ebmt73l0\" dir=\"ltr\">\n<h2 id=\"Acciones-heroicas\" class=\"bbc-1lgzob2 eglt09e0\" tabindex=\"-1\">\u00abAcciones heroicas\u00bb<\/h2>\n<\/div>\n<div class=\"bbc-19j92fr ebmt73l0\" dir=\"ltr\">\n<p class=\"bbc-hhl7in e17g058b0\" dir=\"ltr\">El director de la escuela, Matthew DuBois, destac\u00f3 las \u00abacciones heroicas\u00bb que tomaron los maestros mientras se desarrollaba el tiroteo.<\/p>\n<\/div>\n<div class=\"bbc-19j92fr ebmt73l0\" dir=\"ltr\">\n<p class=\"bbc-hhl7in e17g058b0\" dir=\"ltr\">\u00abLos ni\u00f1os se agacharon, los adultos proteg\u00edan a los ni\u00f1os, los ni\u00f1os mayores proteg\u00edan a los ni\u00f1os m\u00e1s peque\u00f1os, y como escuchamos antes, podr\u00eda haber sido significativamente peor sin su acci\u00f3n heroica\u00bb.<\/p>\n<\/div>\n<div class=\"bbc-19j92fr ebmt73l0\" dir=\"ltr\">\n<p class=\"bbc-hhl7in e17g058b0\" dir=\"ltr\">El estado de Minnesota, donde se encuentra Minneapolis, tiene leyes de seguridad de armas relativamente estrictas en comparaci\u00f3n con el resto de EE.UU.<\/p>\n<\/div>\n<div class=\"bbc-19j92fr ebmt73l0\" dir=\"ltr\">\n<p class=\"bbc-hhl7in e17g058b0\" dir=\"ltr\">Seg\u00fan un an\u00e1lisis del grupo de defensa de la seguridad de armas Everytown, Minnesota ocupa el puesto 14 entre los 50 estados.<\/p>\n<\/div>\n<div class=\"bbc-19j92fr ebmt73l0\" dir=\"ltr\">\n<p class=\"bbc-hhl7in e17g058b0\" dir=\"ltr\">El estado exige verificaci\u00f3n de antecedentes para la compra de armas de fuego y se necesitan permisos para portar armas en p\u00fablico.<\/p>\n<\/div>\n<div class=\"bbc-19j92fr ebmt73l0\" dir=\"ltr\">\n<p class=\"bbc-hhl7in e17g058b0\" dir=\"ltr\">El estado tambi\u00e9n restringe el acceso a personas con antecedentes penales por delitos violentos, delitos graves o violencia dom\u00e9stica.<\/p>\n<div class=\"bbc-19j92fr ebmt73l0\" dir=\"ltr\">\n<p class=\"bbc-hhl7in e17g058b0\" dir=\"ltr\">Hasta el momento, las autoridades no han dado detalles sobre c\u00f3mo el sospechoso obtuvo legalmente las armas de fuego que us\u00f3 en el ataque.<\/p>\n<\/div>\n<div class=\"bbc-19j92fr ebmt73l0\" dir=\"ltr\">\n<p class=\"bbc-hhl7in e17g058b0\" dir=\"ltr\">En lo que va del a\u00f1o se han registrado 286 tiroteos masivos en EE.UU., seg\u00fan Gun Violence Archive.<\/p>\n<\/div>\n<div class=\"bbc-19j92fr ebmt73l0\" dir=\"ltr\">\n<p class=\"bbc-hhl7in e17g058b0\" dir=\"ltr\">La base de datos define un tiroteo masivo como un incidente en el que cuatro o m\u00e1s personas reciben disparos, sin incluir al agresor.<\/p>\n<\/div>\n<div class=\"bbc-19j92fr ebmt73l0\" dir=\"ltr\">\n<p class=\"bbc-hhl7in e17g058b0\" dir=\"ltr\">Los datos muestran que el n\u00famero de tiroteos masivos aument\u00f3 durante la pandemia, pero ahora est\u00e1 disminuyendo de nuevo tras alcanzar su punto m\u00e1ximo en 2021.<\/p>\n<p dir=\"ltr\">Fuente: <a href=\"https:\/\/www.bbc.com\/mundo\/articles\/cvg3yw5x47eo\" target=\"_blank\" rel=\"noopener\">BBC<\/a><\/p>\n<\/div>\n<\/div>\n<\/div>\n<\/div>\n<\/div>\n<\/div>\n","protected":false},"excerpt":{"rendered":"<p>Dos ni\u00f1os, de 8 y 10 a\u00f1os, murieron y otras 17 personas resultaron heridas este mi\u00e9rcoles en un tiroteo en una iglesia de una escuela cat\u00f3lica de Minneapolis, Estados Unidos, seg\u00fan inform\u00f3 la polic\u00eda. El ataque ocurri\u00f3 durante la misa matutina en la escuela de la Anunciaci\u00f3n. La polic\u00eda inform\u00f3 que los menores estaban sentados [&hellip;]<\/p>\n","protected":false},"author":3,"featured_media":16630,"comment_status":"open","ping_status":"closed","sticky":false,"template":"","format":"standard","meta":{"footnotes":""},"categories":[149],"tags":[272,743,658],"class_list":["post-16628","post","type-post","status-publish","format-standard","has-post-thumbnail","hentry","category-mundo","tag-estados-unidos","tag-ninos-pierden-la-vida","tag-tiroteo"],"_links":{"self":[{"href":"https:\/\/noticiasal.com.mx\/index.php\/wp-json\/wp\/v2\/posts\/16628"}],"collection":[{"href":"https:\/\/noticiasal.com.mx\/index.php\/wp-json\/wp\/v2\/posts"}],"about":[{"href":"https:\/\/noticiasal.com.mx\/index.php\/wp-json\/wp\/v2\/types\/post"}],"author":[{"embeddable":true,"href":"https:\/\/noticiasal.com.mx\/index.php\/wp-json\/wp\/v2\/users\/3"}],"replies":[{"embeddable":true,"href":"https:\/\/noticiasal.com.mx\/index.php\/wp-json\/wp\/v2\/comments?post=16628"}],"version-history":[{"count":3,"href":"https:\/\/noticiasal.com.mx\/index.php\/wp-json\/wp\/v2\/posts\/16628\/revisions"}],"predecessor-version":[{"id":16634,"href":"https:\/\/noticiasal.com.mx\/index.php\/wp-json\/wp\/v2\/posts\/16628\/revisions\/16634"}],"wp:featuredmedia":[{"embeddable":true,"href":"https:\/\/noticiasal.com.mx\/index.php\/wp-json\/wp\/v2\/media\/16630"}],"wp:attachment":[{"href":"https:\/\/noticiasal.com.mx\/index.php\/wp-json\/wp\/v2\/media?parent=16628"}],"wp:term":[{"taxonomy":"category","embeddable":true,"href":"https:\/\/noticiasal.com.mx\/index.php\/wp-json\/wp\/v2\/categories?post=16628"},{"taxonomy":"post_tag","embeddable":true,"href":"https:\/\/noticiasal.com.mx\/index.php\/wp-json\/wp\/v2\/tags?post=16628"}],"curies":[{"name":"wp","href":"https:\/\/api.w.org\/{rel}","templated":true}]}}