{"id":16639,"date":"2025-08-28T21:26:29","date_gmt":"2025-08-28T21:26:29","guid":{"rendered":"https:\/\/noticiasal.com.mx\/?p=16639"},"modified":"2025-08-28T21:26:41","modified_gmt":"2025-08-28T21:26:41","slug":"charreria-herencia-mexicana-que-une-al-hombre-y-al-caballo","status":"publish","type":"post","link":"https:\/\/noticiasal.com.mx\/index.php\/2025\/08\/28\/charreria-herencia-mexicana-que-une-al-hombre-y-al-caballo\/","title":{"rendered":"Charrer\u00eda: Herencia Mexicana que une al hombre y al caballo"},"content":{"rendered":"<ul>\n<li data-start=\"183\" data-end=\"533\">El Lienzo Charro de Tehuac\u00e1n resguarda actualmente entre 65 y 70 caballos de distintos usuarios.<\/li>\n<\/ul>\n<p data-start=\"183\" data-end=\"533\">M\u00e1s all\u00e1 de ser un espacio deportivo, representa un lugar de identidad y cultura donde la charrer\u00eda, considerada deporte nacional de M\u00e9xico, fortalece un v\u00ednculo \u00fanico entre los charros y los animales, principalmente los caballos.<\/p>\n<p data-start=\"535\" data-end=\"944\">Para los jinetes, estos equinos dejan de ser solo un elemento clave en la pr\u00e1ctica de las suertes charras y se convierten en compa\u00f1eros inseparables. \u201cLos caballos han sido parte fundamental de mi vida. Desde que nac\u00ed he estado entre caballos y toros. Para m\u00ed han sido lo m\u00e1s importante, ese v\u00ednculo de amigo, esa dupla entre \u00e9l y yo\u201d, expres\u00f3 Mauro Vega, presidente de la Asociaci\u00f3n de Charros de Tehuac\u00e1n.<\/p>\n<h3 data-start=\"946\" data-end=\"981\">Tradici\u00f3n que nace en familia<\/h3>\n<p data-start=\"982\" data-end=\"1293\">De acuerdo con la UNESCO, las t\u00e9cnicas de la charrer\u00eda se transmit\u00edan originalmente en el seno familiar, una din\u00e1mica que persiste en la actualidad. El gusto por este deporte suele surgir desde la infancia, acompa\u00f1ando a padres y abuelos a los lienzos, aprendiendo a acariciar, montar y cuidar a los caballos.<\/p>\n<blockquote>\n<p data-start=\"1295\" data-end=\"1453\">\u201cDesde ni\u00f1o en la casa mi pap\u00e1 ten\u00eda caballos. Desde ah\u00ed el amor por la charrer\u00eda nos fue inculcando poco a poco\u201d, record\u00f3 el charro destacado Pedro Garc\u00eda.<\/p>\n<\/blockquote>\n<p data-start=\"1295\" data-end=\"1453\"><img loading=\"lazy\" decoding=\"async\" class=\"blazy wp-image-16641 size-full aligncenter\" src=\"https:\/\/noticiasal.com.mx\/wp-content\/themes\/news\/assets\/images\/picture_placeholder_list.jpg\" data-src=\"https:\/\/noticiasal.com.mx\/wp-content\/uploads\/2025\/08\/charreria-mas-que-deporte-el-vinculo-con-los-animales-657303.jpg\" alt=\"\" width=\"800\" height=\"600\" \/><noscript><img loading=\"lazy\" decoding=\"async\" class=\"wp-image-16641 size-full aligncenter\" src=\"https:\/\/noticiasal.com.mx\/wp-content\/uploads\/2025\/08\/charreria-mas-que-deporte-el-vinculo-con-los-animales-657303.jpg\" alt=\"\" width=\"800\" height=\"600\" srcset=\"https:\/\/noticiasal.com.mx\/wp-content\/uploads\/2025\/08\/charreria-mas-que-deporte-el-vinculo-con-los-animales-657303.jpg 800w, https:\/\/noticiasal.com.mx\/wp-content\/uploads\/2025\/08\/charreria-mas-que-deporte-el-vinculo-con-los-animales-657303-300x225.jpg 300w, https:\/\/noticiasal.com.mx\/wp-content\/uploads\/2025\/08\/charreria-mas-que-deporte-el-vinculo-con-los-animales-657303-768x576.jpg 768w, https:\/\/noticiasal.com.mx\/wp-content\/uploads\/2025\/08\/charreria-mas-que-deporte-el-vinculo-con-los-animales-657303-360x270.jpg 360w\" sizes=\"(max-width: 800px) 100vw, 800px\" \/><\/noscript><\/p>\n<h3 data-start=\"1455\" data-end=\"1496\">M\u00e1s que destreza, un lazo emocional<\/h3>\n<p data-start=\"1497\" data-end=\"1844\">Montar a caballo no solo implica disciplina f\u00edsica, sino tambi\u00e9n un aprendizaje de respeto y empat\u00eda hacia el animal. \u201cAntes de ser un charro necesitas saber del caballo, conocerlo, tratarlo con respeto y quererlo. Est\u00e1s enojado, triste, vienes, lo abrazas y sientes esa conexi\u00f3n\u201d, comparti\u00f3 Ignacio Mart\u00ednez Sandoval, usuario del lienzo charro.<\/p>\n<p data-start=\"1846\" data-end=\"2058\">Para Pedro Garc\u00eda, la relaci\u00f3n es a\u00fan m\u00e1s profunda: \u201cEs mi vida, mi fuente de trabajo, mi desestr\u00e9s, un amigo que nunca me va a juzgar, nom\u00e1s me va a escuchar. Cuando lo veo a los ojos, el caballo me entiende\u201d.<\/p>\n<h3 data-start=\"2060\" data-end=\"2098\">Beneficios f\u00edsicos y emocionales<\/h3>\n<p data-start=\"2099\" data-end=\"2292\">El Centro Ecuestre Rancho Viejo destaca que montar a caballo repercute positivamente en la autoestima, el autocontrol y la disciplina, adem\u00e1s de mejorar la concentraci\u00f3n y brindar relajaci\u00f3n.<\/p>\n<p data-start=\"2294\" data-end=\"2511\">La charrer\u00eda, por lo tanto, no solo es una actividad deportiva al aire libre que exige fuerza y destreza, sino tambi\u00e9n una pr\u00e1ctica que aporta salud emocional y fortalece el lazo de confianza entre charro y caballo.<\/p>\n<p data-start=\"2294\" data-end=\"2511\">Fuente: <a href=\"https:\/\/www.meganoticias.mx\/tepic\/noticia\/charreria-mas-que-deporte-el-vinculo-con-los-animales\/657303\" target=\"_blank\" rel=\"noopener\">Meganoticias<\/a><\/p>\n","protected":false},"excerpt":{"rendered":"<p>El Lienzo Charro de Tehuac\u00e1n resguarda actualmente entre 65 y 70 caballos de distintos usuarios. M\u00e1s all\u00e1 de ser un espacio deportivo, representa un lugar de identidad y cultura donde la charrer\u00eda, considerada deporte nacional de M\u00e9xico, fortalece un v\u00ednculo \u00fanico entre los charros y los animales, principalmente los caballos. Para los jinetes, estos equinos [&hellip;]<\/p>\n","protected":false},"author":9,"featured_media":16640,"comment_status":"open","ping_status":"closed","sticky":false,"template":"","format":"standard","meta":{"footnotes":""},"categories":[157],"tags":[747,301,748,746],"class_list":["post-16639","post","type-post","status-publish","format-standard","has-post-thumbnail","hentry","category-charreria","tag-animales","tag-charreria","tag-deportivo","tag-vinculos"],"_links":{"self":[{"href":"https:\/\/noticiasal.com.mx\/index.php\/wp-json\/wp\/v2\/posts\/16639"}],"collection":[{"href":"https:\/\/noticiasal.com.mx\/index.php\/wp-json\/wp\/v2\/posts"}],"about":[{"href":"https:\/\/noticiasal.com.mx\/index.php\/wp-json\/wp\/v2\/types\/post"}],"author":[{"embeddable":true,"href":"https:\/\/noticiasal.com.mx\/index.php\/wp-json\/wp\/v2\/users\/9"}],"replies":[{"embeddable":true,"href":"https:\/\/noticiasal.com.mx\/index.php\/wp-json\/wp\/v2\/comments?post=16639"}],"version-history":[{"count":2,"href":"https:\/\/noticiasal.com.mx\/index.php\/wp-json\/wp\/v2\/posts\/16639\/revisions"}],"predecessor-version":[{"id":16643,"href":"https:\/\/noticiasal.com.mx\/index.php\/wp-json\/wp\/v2\/posts\/16639\/revisions\/16643"}],"wp:featuredmedia":[{"embeddable":true,"href":"https:\/\/noticiasal.com.mx\/index.php\/wp-json\/wp\/v2\/media\/16640"}],"wp:attachment":[{"href":"https:\/\/noticiasal.com.mx\/index.php\/wp-json\/wp\/v2\/media?parent=16639"}],"wp:term":[{"taxonomy":"category","embeddable":true,"href":"https:\/\/noticiasal.com.mx\/index.php\/wp-json\/wp\/v2\/categories?post=16639"},{"taxonomy":"post_tag","embeddable":true,"href":"https:\/\/noticiasal.com.mx\/index.php\/wp-json\/wp\/v2\/tags?post=16639"}],"curies":[{"name":"wp","href":"https:\/\/api.w.org\/{rel}","templated":true}]}}